{"id":9955,"date":"2022-08-10T13:55:14","date_gmt":"2022-08-10T16:55:14","guid":{"rendered":"https:\/\/www.caritasne2.org.br\/?p=9955"},"modified":"2022-08-10T13:55:14","modified_gmt":"2022-08-10T16:55:14","slug":"caritas-paroquial-sao-jose-de-montadas-na-paraiba-cria-revista-para-divulgacao-de-acoes-no-territorio-diocesano","status":"publish","type":"post","link":"https:\/\/www.caritasne2.org.br\/site\/caritas-paroquial-sao-jose-de-montadas-na-paraiba-cria-revista-para-divulgacao-de-acoes-no-territorio-diocesano\/","title":{"rendered":"C\u00e1ritas Paroquial S\u00e3o Jos\u00e9 de Montadas, na Para\u00edba, cria revista para divulga\u00e7\u00e3o de a\u00e7\u00f5es no territ\u00f3rio Diocesano"},"content":{"rendered":"<p style=\"text-align: center;\"><em>O instrumental compila as a\u00e7\u00f5es realizadas dentro do territ\u00f3rio de atua\u00e7\u00e3o da C\u00e1ritas paroquial e foi lan\u00e7ado como forma de aproximar as comunidades para as a\u00e7\u00f5es na regi\u00e3o<\/em><\/p>\n<p>&nbsp;<\/p>\n<p><strong>\u201cNingu\u00e9m vence sozinho, nem no campo, nem na vida\u201d Papa Francisco<\/strong><\/p>\n<p style=\"text-align: justify;\">\nIncentivar a comunica\u00e7\u00e3o popular e autonomia nas a\u00e7\u00f5es realizadas pelas 18 entidades membro faz parte da miss\u00e3o e atua\u00e7\u00e3o da C\u00e1ritas Brasileira Regional NE2. Mediante a isso, nos quatro estados acompanhados pela institui\u00e7\u00e3o, Alagoas, Pernambuco, Para\u00edba e Rio Grande do Norte, s\u00e3o desenvolvidos materiais de comunica\u00e7\u00e3o para divulga\u00e7\u00e3o nas redes sociais e site institucional, assim como, pe\u00e7as gr\u00e1ficas como: cartilhas, boletins, folhetos, folders, banners entre outros.<\/p>\n<p style=\"text-align: justify;\">Nesse sentido, se tornando multiplicador desse objetivo, a C\u00e1ritas Paroquial S\u00e3o Jos\u00e9 de Montadas, na Para\u00edba, que faz parte do territ\u00f3rio de a\u00e7\u00e3o da C\u00e1ritas Diocesana de Campina Grande, lan\u00e7ou no m\u00eas de junho, a primeira edi\u00e7\u00e3o da revista A\u00e7\u00f5es C\u00e1ritas, com mat\u00e9rias que compilam a atua\u00e7\u00e3o da institui\u00e7\u00e3o na regi\u00e3o e explica para a sociedade no geral o que \u00e9 a C\u00e1ritas, qual suas linhas de atua\u00e7\u00e3o, e como essas linhas de atua\u00e7\u00e3o s\u00e3o implementadas em a\u00e7\u00f5es no munic\u00edpio de Montadas.<\/p>\n<p style=\"text-align: justify;\">A revista pode ser conferida de forma completa <a href=\"https:\/\/www.caritasne2.org.br\/wp-content\/uploads\/2022\/08\/Revista-Caritas-Montadas.pdf\">clicando aqui<\/a><\/p>\n<p><strong>Diagrama\u00e7\u00e3o:<\/strong> Di\u00e1cono Val\u00e9rio Costa, Elaine Raquel, Rosicleide, Rita de Cassia e Josenilda (Nilda)<\/p>\n<ul class=\"ssb_list_wrapper\"><li class=\"fb2\" style=\"width:135px\"><iframe src=\"\/\/www.facebook.com\/plugins\/like.php?href=https%3A%2F%2Fwww.caritasne2.org.br%2Fsite%2Fcaritas-paroquial-sao-jose-de-montadas-na-paraiba-cria-revista-para-divulgacao-de-acoes-no-territorio-diocesano%2F&amp;layout=button_count&amp;action=like&amp;show_faces=false&amp;share=true&amp;width=135&amp;height=21&amp;appId=307091639398582\" scrolling=\"no\" frameborder=\"0\" style=\"border:none; overflow:hidden;  width:150px; height:21px;\" allowTransparency=\"true\"><\/iframe><\/li><li class=\"twtr\" style=\"width:90px\"><a href=\"https:\/\/twitter.com\/share\" class=\"twitter-share-button\" data-url=\"https:\/\/www.caritasne2.org.br\/site\/caritas-paroquial-sao-jose-de-montadas-na-paraiba-cria-revista-para-divulgacao-de-acoes-no-territorio-diocesano\/\">&nbsp;<\/a><script>!function(d,s,id){var js,fjs=d.getElementsByTagName(s)[0],p=\/^http:\/.test(d.location)?'http':'https';if(!d.getElementById(id)){js=d.createElement(s);js.id=id;js.src=p+':\/\/platform.twitter.com\/widgets.js';fjs.parentNode.insertBefore(js,fjs);}}(document, 'script', 'twitter-wjs');<\/script><\/li><li class=\"gplus\" style=\"width:68px\"><div class=\"g-plusone\" data-size=\"medium\" data-href=\"https:\/\/www.caritasne2.org.br\/site\/caritas-paroquial-sao-jose-de-montadas-na-paraiba-cria-revista-para-divulgacao-de-acoes-no-territorio-diocesano\/\"><\/div><\/li><li class=\"ssb_linkedin\" style=\"width:64px\"><script src=\"\/\/platform.linkedin.com\/in.js\" type=\"text\/javascript\">lang: en_US<\/script><script type=\"IN\/Share\" data-url=\"https:\/\/www.caritasne2.org.br\/site\/caritas-paroquial-sao-jose-de-montadas-na-paraiba-cria-revista-para-divulgacao-de-acoes-no-territorio-diocesano\/\" data-counter=\"right\"><\/script><\/li><\/ul>","protected":false},"excerpt":{"rendered":"<p>O instrumental compila as a\u00e7\u00f5es realizadas dentro do territ\u00f3rio de atua\u00e7\u00e3o da C\u00e1ritas paroquial e foi lan\u00e7ado como forma de aproximar as comunidades para as a\u00e7\u00f5es na regi\u00e3o &nbsp; \u201cNingu\u00e9m vence sozinho, nem no campo, nem na vida\u201d Papa Francisco Incentivar a comunica\u00e7\u00e3o popular e autonomia nas a\u00e7\u00f5es realizadas pelas 18 entidades membro faz parte da miss\u00e3o e atua\u00e7\u00e3o da C\u00e1ritas Brasileira Regional NE2. Mediante [&hellip;]<\/p>\n<ul class=\"ssb_list_wrapper\"><li class=\"fb2\" style=\"width:135px\"><iframe src=\"\/\/www.facebook.com\/plugins\/like.php?href=https%3A%2F%2Fwww.caritasne2.org.br%2Fsite%2Fcaritas-paroquial-sao-jose-de-montadas-na-paraiba-cria-revista-para-divulgacao-de-acoes-no-territorio-diocesano%2F&amp;layout=button_count&amp;action=like&amp;show_faces=false&amp;share=true&amp;width=135&amp;height=21&amp;appId=307091639398582\" scrolling=\"no\" frameborder=\"0\" style=\"border:none; overflow:hidden;  width:150px; height:21px;\" allowTransparency=\"true\"><\/iframe><\/li><li class=\"twtr\" style=\"width:90px\"><a href=\"https:\/\/twitter.com\/share\" class=\"twitter-share-button\" data-url=\"https:\/\/www.caritasne2.org.br\/site\/caritas-paroquial-sao-jose-de-montadas-na-paraiba-cria-revista-para-divulgacao-de-acoes-no-territorio-diocesano\/\">&nbsp;<\/a><script>!function(d,s,id){var js,fjs=d.getElementsByTagName(s)[0],p=\/^http:\/.test(d.location)?'http':'https';if(!d.getElementById(id)){js=d.createElement(s);js.id=id;js.src=p+':\/\/platform.twitter.com\/widgets.js';fjs.parentNode.insertBefore(js,fjs);}}(document, 'script', 'twitter-wjs');<\/script><\/li><li class=\"gplus\" style=\"width:68px\"><div class=\"g-plusone\" data-size=\"medium\" data-href=\"https:\/\/www.caritasne2.org.br\/site\/caritas-paroquial-sao-jose-de-montadas-na-paraiba-cria-revista-para-divulgacao-de-acoes-no-territorio-diocesano\/\"><\/div><\/li><li class=\"ssb_linkedin\" style=\"width:64px\"><script src=\"\/\/platform.linkedin.com\/in.js\" type=\"text\/javascript\">lang: en_US<\/script><script type=\"IN\/Share\" data-url=\"https:\/\/www.caritasne2.org.br\/site\/caritas-paroquial-sao-jose-de-montadas-na-paraiba-cria-revista-para-divulgacao-de-acoes-no-territorio-diocesano\/\" data-counter=\"right\"><\/script><\/li><\/ul>","protected":false},"author":4,"featured_media":9957,"comment_status":"open","ping_status":"open","sticky":false,"template":"","format":"standard","meta":[],"categories":[21,20],"tags":[],"_links":{"self":[{"href":"https:\/\/www.caritasne2.org.br\/site\/wp-json\/wp\/v2\/posts\/9955"}],"collection":[{"href":"https:\/\/www.caritasne2.org.br\/site\/wp-json\/wp\/v2\/posts"}],"about":[{"href":"https:\/\/www.caritasne2.org.br\/site\/wp-json\/wp\/v2\/types\/post"}],"author":[{"embeddable":true,"href":"https:\/\/www.caritasne2.org.br\/site\/wp-json\/wp\/v2\/users\/4"}],"replies":[{"embeddable":true,"href":"https:\/\/www.caritasne2.org.br\/site\/wp-json\/wp\/v2\/comments?post=9955"}],"version-history":[{"count":0,"href":"https:\/\/www.caritasne2.org.br\/site\/wp-json\/wp\/v2\/posts\/9955\/revisions"}],"wp:featuredmedia":[{"embeddable":true,"href":"https:\/\/www.caritasne2.org.br\/site\/wp-json\/wp\/v2\/media\/9957"}],"wp:attachment":[{"href":"https:\/\/www.caritasne2.org.br\/site\/wp-json\/wp\/v2\/media?parent=9955"}],"wp:term":[{"taxonomy":"category","embeddable":true,"href":"https:\/\/www.caritasne2.org.br\/site\/wp-json\/wp\/v2\/categories?post=9955"},{"taxonomy":"post_tag","embeddable":true,"href":"https:\/\/www.caritasne2.org.br\/site\/wp-json\/wp\/v2\/tags?post=9955"}],"curies":[{"name":"wp","href":"https:\/\/api.w.org\/{rel}","templated":true}]}}