{"id":9938,"date":"2022-08-09T12:11:05","date_gmt":"2022-08-09T15:11:05","guid":{"rendered":"https:\/\/www.caritasne2.org.br\/?p=9938"},"modified":"2022-08-09T12:12:22","modified_gmt":"2022-08-09T15:12:22","slug":"encontro-reune-agentes-caritas-dos-quatro-estados-para-monitoramento-do-planejamento-das-atividades-do-semestre","status":"publish","type":"post","link":"https:\/\/www.caritasne2.org.br\/site\/encontro-reune-agentes-caritas-dos-quatro-estados-para-monitoramento-do-planejamento-das-atividades-do-semestre\/","title":{"rendered":"Encontro re\u00fane agentes C\u00e1ritas dos quatro estados para monitoramento do planejamento das atividades do semestre"},"content":{"rendered":"<p style=\"text-align: justify;\">Dos dias 05 a 07 de agosto, aconteceu o Encontro de Monitoramento do Regional NE2, no Santu\u00e1rio das Comunidades, em Caruaru, Pernambuco. O momento reuniu cerca de 40 agentes C\u00e1ritas do Secretariado Regional e das entidades-membro que comp\u00f5em a CBNE2 em seus quatro estados de atua\u00e7\u00e3o: Para\u00edba, Alagoas, Pernambuco e Rio Grande do Norte.<\/p>\n<p style=\"text-align: justify;\">A programa\u00e7\u00e3o contou com momentos de m\u00edstica e espiritualidade, an\u00e1lise de conjuntura, realizada por Roberto Malvezi, o Gog\u00f3, bem como din\u00e2micas de intera\u00e7\u00e3o e debates entre os f\u00f3runs estaduais sobre as a\u00e7\u00f5es realizadas a partir do Planejamento Operacional Anual \u2013POA, que ocorreu em Lagoa Seca, na Para\u00edba, em mar\u00e7o deste ano.<\/p>\n<p style=\"text-align: justify;\">O evento marcou muitos volunt\u00e1rios novos que entraram para compor a Rede C\u00e1ritas NE2 \u201cparticipar do encontro de monitoramento para mim foi gratificante porqu\u00ea eu nunca tinha participado. Conhecer todo o Regional, participar das a\u00e7\u00f5es e levar isso para minha entidade\u201d, comenta Ana Katarina, volunt\u00e1ria da C\u00e1ritas Arquidiocesana de Olinda e Recife.<\/p>\n<p style=\"text-align: justify;\">Ao final do encontro, os participantes receberam os materiais da Campanha Fazer Pol\u00edtica DemocraticaMENTE e a Cartilha do Programa Regional de Voluntariado, com a miss\u00e3o de repassar em suas dioceses as informa\u00e7\u00f5es compartilhadas.<\/p>\n<p><img decoding=\"async\" loading=\"lazy\" class=\"alignnone size-medium wp-image-9940\" src=\"https:\/\/www.caritasne2.org.br\/wp-content\/uploads\/2022\/08\/WhatsApp-Image-2022-08-08-at-18.06.52-1-300x169.jpeg\" alt=\"\" width=\"300\" height=\"169\" srcset=\"https:\/\/www.caritasne2.org.br\/site\/wp-content\/uploads\/2022\/08\/WhatsApp-Image-2022-08-08-at-18.06.52-1-300x169.jpeg 300w, https:\/\/www.caritasne2.org.br\/site\/wp-content\/uploads\/2022\/08\/WhatsApp-Image-2022-08-08-at-18.06.52-1-1024x578.jpeg 1024w, https:\/\/www.caritasne2.org.br\/site\/wp-content\/uploads\/2022\/08\/WhatsApp-Image-2022-08-08-at-18.06.52-1-768x434.jpeg 768w, https:\/\/www.caritasne2.org.br\/site\/wp-content\/uploads\/2022\/08\/WhatsApp-Image-2022-08-08-at-18.06.52-1-588x330.jpeg 588w, https:\/\/www.caritasne2.org.br\/site\/wp-content\/uploads\/2022\/08\/WhatsApp-Image-2022-08-08-at-18.06.52-1.jpeg 1440w\" sizes=\"(max-width: 300px) 100vw, 300px\" \/>\u00a0 \u00a0 <img decoding=\"async\" loading=\"lazy\" class=\"alignnone size-medium wp-image-9941\" src=\"https:\/\/www.caritasne2.org.br\/wp-content\/uploads\/2022\/08\/WhatsApp-Image-2022-08-08-at-18.06.55-300x225.jpeg\" alt=\"\" width=\"300\" height=\"225\" srcset=\"https:\/\/www.caritasne2.org.br\/site\/wp-content\/uploads\/2022\/08\/WhatsApp-Image-2022-08-08-at-18.06.55-300x225.jpeg 300w, https:\/\/www.caritasne2.org.br\/site\/wp-content\/uploads\/2022\/08\/WhatsApp-Image-2022-08-08-at-18.06.55-1024x768.jpeg 1024w, https:\/\/www.caritasne2.org.br\/site\/wp-content\/uploads\/2022\/08\/WhatsApp-Image-2022-08-08-at-18.06.55-768x576.jpeg 768w, https:\/\/www.caritasne2.org.br\/site\/wp-content\/uploads\/2022\/08\/WhatsApp-Image-2022-08-08-at-18.06.55-1536x1152.jpeg 1536w, https:\/\/www.caritasne2.org.br\/site\/wp-content\/uploads\/2022\/08\/WhatsApp-Image-2022-08-08-at-18.06.55.jpeg 1600w\" sizes=\"(max-width: 300px) 100vw, 300px\" \/> <img decoding=\"async\" loading=\"lazy\" class=\"alignnone size-medium wp-image-9942\" src=\"https:\/\/www.caritasne2.org.br\/wp-content\/uploads\/2022\/08\/WhatsApp-Image-2022-08-08-at-18.06.53-300x169.jpeg\" alt=\"\" width=\"300\" height=\"169\" srcset=\"https:\/\/www.caritasne2.org.br\/site\/wp-content\/uploads\/2022\/08\/WhatsApp-Image-2022-08-08-at-18.06.53-300x169.jpeg 300w, https:\/\/www.caritasne2.org.br\/site\/wp-content\/uploads\/2022\/08\/WhatsApp-Image-2022-08-08-at-18.06.53-1024x576.jpeg 1024w, https:\/\/www.caritasne2.org.br\/site\/wp-content\/uploads\/2022\/08\/WhatsApp-Image-2022-08-08-at-18.06.53-768x432.jpeg 768w, https:\/\/www.caritasne2.org.br\/site\/wp-content\/uploads\/2022\/08\/WhatsApp-Image-2022-08-08-at-18.06.53-588x330.jpeg 588w, https:\/\/www.caritasne2.org.br\/site\/wp-content\/uploads\/2022\/08\/WhatsApp-Image-2022-08-08-at-18.06.53.jpeg 1440w\" sizes=\"(max-width: 300px) 100vw, 300px\" \/>\u00a0 \u00a0 <img decoding=\"async\" loading=\"lazy\" class=\"alignnone size-medium wp-image-9943\" src=\"https:\/\/www.caritasne2.org.br\/wp-content\/uploads\/2022\/08\/WhatsApp-Image-2022-08-08-at-18.06.52-300x169.jpeg\" alt=\"\" width=\"300\" height=\"169\" srcset=\"https:\/\/www.caritasne2.org.br\/site\/wp-content\/uploads\/2022\/08\/WhatsApp-Image-2022-08-08-at-18.06.52-300x169.jpeg 300w, https:\/\/www.caritasne2.org.br\/site\/wp-content\/uploads\/2022\/08\/WhatsApp-Image-2022-08-08-at-18.06.52-588x330.jpeg 588w, https:\/\/www.caritasne2.org.br\/site\/wp-content\/uploads\/2022\/08\/WhatsApp-Image-2022-08-08-at-18.06.52.jpeg 721w\" sizes=\"(max-width: 300px) 100vw, 300px\" \/> <img decoding=\"async\" loading=\"lazy\" class=\"alignnone size-medium wp-image-9944\" src=\"https:\/\/www.caritasne2.org.br\/wp-content\/uploads\/2022\/08\/WhatsApp-Image-2022-08-08-at-18.06.51-300x225.jpeg\" alt=\"\" width=\"300\" height=\"225\" srcset=\"https:\/\/www.caritasne2.org.br\/site\/wp-content\/uploads\/2022\/08\/WhatsApp-Image-2022-08-08-at-18.06.51-300x225.jpeg 300w, https:\/\/www.caritasne2.org.br\/site\/wp-content\/uploads\/2022\/08\/WhatsApp-Image-2022-08-08-at-18.06.51-1024x768.jpeg 1024w, https:\/\/www.caritasne2.org.br\/site\/wp-content\/uploads\/2022\/08\/WhatsApp-Image-2022-08-08-at-18.06.51-768x576.jpeg 768w, https:\/\/www.caritasne2.org.br\/site\/wp-content\/uploads\/2022\/08\/WhatsApp-Image-2022-08-08-at-18.06.51-1536x1152.jpeg 1536w, https:\/\/www.caritasne2.org.br\/site\/wp-content\/uploads\/2022\/08\/WhatsApp-Image-2022-08-08-at-18.06.51.jpeg 1600w\" sizes=\"(max-width: 300px) 100vw, 300px\" \/>\u00a0 \u00a0 <img decoding=\"async\" loading=\"lazy\" class=\"alignnone size-medium wp-image-9945\" src=\"https:\/\/www.caritasne2.org.br\/wp-content\/uploads\/2022\/08\/WhatsApp-Image-2022-08-08-at-18.06.50-300x225.jpeg\" alt=\"\" width=\"300\" height=\"225\" srcset=\"https:\/\/www.caritasne2.org.br\/site\/wp-content\/uploads\/2022\/08\/WhatsApp-Image-2022-08-08-at-18.06.50-300x225.jpeg 300w, https:\/\/www.caritasne2.org.br\/site\/wp-content\/uploads\/2022\/08\/WhatsApp-Image-2022-08-08-at-18.06.50-1024x768.jpeg 1024w, https:\/\/www.caritasne2.org.br\/site\/wp-content\/uploads\/2022\/08\/WhatsApp-Image-2022-08-08-at-18.06.50-768x576.jpeg 768w, https:\/\/www.caritasne2.org.br\/site\/wp-content\/uploads\/2022\/08\/WhatsApp-Image-2022-08-08-at-18.06.50-1536x1152.jpeg 1536w, https:\/\/www.caritasne2.org.br\/site\/wp-content\/uploads\/2022\/08\/WhatsApp-Image-2022-08-08-at-18.06.50.jpeg 1600w\" sizes=\"(max-width: 300px) 100vw, 300px\" \/> <img decoding=\"async\" loading=\"lazy\" class=\"alignnone size-medium wp-image-9946\" src=\"https:\/\/www.caritasne2.org.br\/wp-content\/uploads\/2022\/08\/WhatsApp-Image-2022-08-08-at-18.06.49-1-300x225.jpeg\" alt=\"\" width=\"300\" height=\"225\" srcset=\"https:\/\/www.caritasne2.org.br\/site\/wp-content\/uploads\/2022\/08\/WhatsApp-Image-2022-08-08-at-18.06.49-1-300x225.jpeg 300w, https:\/\/www.caritasne2.org.br\/site\/wp-content\/uploads\/2022\/08\/WhatsApp-Image-2022-08-08-at-18.06.49-1-1024x768.jpeg 1024w, https:\/\/www.caritasne2.org.br\/site\/wp-content\/uploads\/2022\/08\/WhatsApp-Image-2022-08-08-at-18.06.49-1-768x576.jpeg 768w, https:\/\/www.caritasne2.org.br\/site\/wp-content\/uploads\/2022\/08\/WhatsApp-Image-2022-08-08-at-18.06.49-1-1536x1152.jpeg 1536w, https:\/\/www.caritasne2.org.br\/site\/wp-content\/uploads\/2022\/08\/WhatsApp-Image-2022-08-08-at-18.06.49-1.jpeg 1600w\" sizes=\"(max-width: 300px) 100vw, 300px\" \/>\u00a0 \u00a0 <img decoding=\"async\" loading=\"lazy\" class=\"alignnone size-medium wp-image-9947\" src=\"https:\/\/www.caritasne2.org.br\/wp-content\/uploads\/2022\/08\/WhatsApp-Image-2022-08-08-at-18.06.48-1-300x225.jpeg\" alt=\"\" width=\"300\" height=\"225\" srcset=\"https:\/\/www.caritasne2.org.br\/site\/wp-content\/uploads\/2022\/08\/WhatsApp-Image-2022-08-08-at-18.06.48-1-300x225.jpeg 300w, https:\/\/www.caritasne2.org.br\/site\/wp-content\/uploads\/2022\/08\/WhatsApp-Image-2022-08-08-at-18.06.48-1-1024x768.jpeg 1024w, https:\/\/www.caritasne2.org.br\/site\/wp-content\/uploads\/2022\/08\/WhatsApp-Image-2022-08-08-at-18.06.48-1-768x576.jpeg 768w, https:\/\/www.caritasne2.org.br\/site\/wp-content\/uploads\/2022\/08\/WhatsApp-Image-2022-08-08-at-18.06.48-1-1536x1152.jpeg 1536w, https:\/\/www.caritasne2.org.br\/site\/wp-content\/uploads\/2022\/08\/WhatsApp-Image-2022-08-08-at-18.06.48-1.jpeg 1600w\" sizes=\"(max-width: 300px) 100vw, 300px\" \/><\/p>\n<p><img decoding=\"async\" loading=\"lazy\" class=\"alignnone size-medium wp-image-9948\" src=\"https:\/\/www.caritasne2.org.br\/wp-content\/uploads\/2022\/08\/WhatsApp-Image-2022-08-06-at-19.27.26-300x169.jpeg\" alt=\"\" width=\"300\" height=\"169\" srcset=\"https:\/\/www.caritasne2.org.br\/site\/wp-content\/uploads\/2022\/08\/WhatsApp-Image-2022-08-06-at-19.27.26-300x169.jpeg 300w, https:\/\/www.caritasne2.org.br\/site\/wp-content\/uploads\/2022\/08\/WhatsApp-Image-2022-08-06-at-19.27.26-1024x576.jpeg 1024w, https:\/\/www.caritasne2.org.br\/site\/wp-content\/uploads\/2022\/08\/WhatsApp-Image-2022-08-06-at-19.27.26-768x432.jpeg 768w, https:\/\/www.caritasne2.org.br\/site\/wp-content\/uploads\/2022\/08\/WhatsApp-Image-2022-08-06-at-19.27.26-1536x864.jpeg 1536w, https:\/\/www.caritasne2.org.br\/site\/wp-content\/uploads\/2022\/08\/WhatsApp-Image-2022-08-06-at-19.27.26-588x330.jpeg 588w, https:\/\/www.caritasne2.org.br\/site\/wp-content\/uploads\/2022\/08\/WhatsApp-Image-2022-08-06-at-19.27.26.jpeg 1600w\" sizes=\"(max-width: 300px) 100vw, 300px\" \/>\u00a0 \u00a0 \u00a0<img decoding=\"async\" loading=\"lazy\" class=\"alignnone size-medium wp-image-9949\" src=\"https:\/\/www.caritasne2.org.br\/wp-content\/uploads\/2022\/08\/WhatsApp-Image-2022-08-06-at-19.27.23-300x169.jpeg\" alt=\"\" width=\"300\" height=\"169\" srcset=\"https:\/\/www.caritasne2.org.br\/site\/wp-content\/uploads\/2022\/08\/WhatsApp-Image-2022-08-06-at-19.27.23-300x169.jpeg 300w, https:\/\/www.caritasne2.org.br\/site\/wp-content\/uploads\/2022\/08\/WhatsApp-Image-2022-08-06-at-19.27.23-1024x576.jpeg 1024w, https:\/\/www.caritasne2.org.br\/site\/wp-content\/uploads\/2022\/08\/WhatsApp-Image-2022-08-06-at-19.27.23-768x432.jpeg 768w, https:\/\/www.caritasne2.org.br\/site\/wp-content\/uploads\/2022\/08\/WhatsApp-Image-2022-08-06-at-19.27.23-1536x864.jpeg 1536w, https:\/\/www.caritasne2.org.br\/site\/wp-content\/uploads\/2022\/08\/WhatsApp-Image-2022-08-06-at-19.27.23-588x330.jpeg 588w, https:\/\/www.caritasne2.org.br\/site\/wp-content\/uploads\/2022\/08\/WhatsApp-Image-2022-08-06-at-19.27.23.jpeg 1600w\" sizes=\"(max-width: 300px) 100vw, 300px\" \/><\/p>\n<p>&nbsp;<\/p>\n<ul class=\"ssb_list_wrapper\"><li class=\"fb2\" style=\"width:135px\"><iframe src=\"\/\/www.facebook.com\/plugins\/like.php?href=https%3A%2F%2Fwww.caritasne2.org.br%2Fsite%2Fencontro-reune-agentes-caritas-dos-quatro-estados-para-monitoramento-do-planejamento-das-atividades-do-semestre%2F&amp;layout=button_count&amp;action=like&amp;show_faces=false&amp;share=true&amp;width=135&amp;height=21&amp;appId=307091639398582\" scrolling=\"no\" frameborder=\"0\" style=\"border:none; overflow:hidden;  width:150px; height:21px;\" allowTransparency=\"true\"><\/iframe><\/li><li class=\"twtr\" style=\"width:90px\"><a href=\"https:\/\/twitter.com\/share\" class=\"twitter-share-button\" data-url=\"https:\/\/www.caritasne2.org.br\/site\/encontro-reune-agentes-caritas-dos-quatro-estados-para-monitoramento-do-planejamento-das-atividades-do-semestre\/\">&nbsp;<\/a><script>!function(d,s,id){var js,fjs=d.getElementsByTagName(s)[0],p=\/^http:\/.test(d.location)?'http':'https';if(!d.getElementById(id)){js=d.createElement(s);js.id=id;js.src=p+':\/\/platform.twitter.com\/widgets.js';fjs.parentNode.insertBefore(js,fjs);}}(document, 'script', 'twitter-wjs');<\/script><\/li><li class=\"gplus\" style=\"width:68px\"><div class=\"g-plusone\" data-size=\"medium\" data-href=\"https:\/\/www.caritasne2.org.br\/site\/encontro-reune-agentes-caritas-dos-quatro-estados-para-monitoramento-do-planejamento-das-atividades-do-semestre\/\"><\/div><\/li><li class=\"ssb_linkedin\" style=\"width:64px\"><script src=\"\/\/platform.linkedin.com\/in.js\" type=\"text\/javascript\">lang: en_US<\/script><script type=\"IN\/Share\" data-url=\"https:\/\/www.caritasne2.org.br\/site\/encontro-reune-agentes-caritas-dos-quatro-estados-para-monitoramento-do-planejamento-das-atividades-do-semestre\/\" data-counter=\"right\"><\/script><\/li><\/ul>","protected":false},"excerpt":{"rendered":"<p>Dos dias 05 a 07 de agosto, aconteceu o Encontro de Monitoramento do Regional NE2, no Santu\u00e1rio das Comunidades, em Caruaru, Pernambuco. O momento reuniu cerca de 40 agentes C\u00e1ritas do Secretariado Regional e das entidades-membro que comp\u00f5em a CBNE2 em seus quatro estados de atua\u00e7\u00e3o: Para\u00edba, Alagoas, Pernambuco e Rio Grande do Norte. A programa\u00e7\u00e3o contou com momentos de m\u00edstica e espiritualidade, an\u00e1lise de [&hellip;]<\/p>\n<ul class=\"ssb_list_wrapper\"><li class=\"fb2\" style=\"width:135px\"><iframe src=\"\/\/www.facebook.com\/plugins\/like.php?href=https%3A%2F%2Fwww.caritasne2.org.br%2Fsite%2Fencontro-reune-agentes-caritas-dos-quatro-estados-para-monitoramento-do-planejamento-das-atividades-do-semestre%2F&amp;layout=button_count&amp;action=like&amp;show_faces=false&amp;share=true&amp;width=135&amp;height=21&amp;appId=307091639398582\" scrolling=\"no\" frameborder=\"0\" style=\"border:none; overflow:hidden;  width:150px; height:21px;\" allowTransparency=\"true\"><\/iframe><\/li><li class=\"twtr\" style=\"width:90px\"><a href=\"https:\/\/twitter.com\/share\" class=\"twitter-share-button\" data-url=\"https:\/\/www.caritasne2.org.br\/site\/encontro-reune-agentes-caritas-dos-quatro-estados-para-monitoramento-do-planejamento-das-atividades-do-semestre\/\">&nbsp;<\/a><script>!function(d,s,id){var js,fjs=d.getElementsByTagName(s)[0],p=\/^http:\/.test(d.location)?'http':'https';if(!d.getElementById(id)){js=d.createElement(s);js.id=id;js.src=p+':\/\/platform.twitter.com\/widgets.js';fjs.parentNode.insertBefore(js,fjs);}}(document, 'script', 'twitter-wjs');<\/script><\/li><li class=\"gplus\" style=\"width:68px\"><div class=\"g-plusone\" data-size=\"medium\" data-href=\"https:\/\/www.caritasne2.org.br\/site\/encontro-reune-agentes-caritas-dos-quatro-estados-para-monitoramento-do-planejamento-das-atividades-do-semestre\/\"><\/div><\/li><li class=\"ssb_linkedin\" style=\"width:64px\"><script src=\"\/\/platform.linkedin.com\/in.js\" type=\"text\/javascript\">lang: en_US<\/script><script type=\"IN\/Share\" data-url=\"https:\/\/www.caritasne2.org.br\/site\/encontro-reune-agentes-caritas-dos-quatro-estados-para-monitoramento-do-planejamento-das-atividades-do-semestre\/\" data-counter=\"right\"><\/script><\/li><\/ul>","protected":false},"author":4,"featured_media":9939,"comment_status":"open","ping_status":"open","sticky":false,"template":"","format":"standard","meta":[],"categories":[21,20],"tags":[],"_links":{"self":[{"href":"https:\/\/www.caritasne2.org.br\/site\/wp-json\/wp\/v2\/posts\/9938"}],"collection":[{"href":"https:\/\/www.caritasne2.org.br\/site\/wp-json\/wp\/v2\/posts"}],"about":[{"href":"https:\/\/www.caritasne2.org.br\/site\/wp-json\/wp\/v2\/types\/post"}],"author":[{"embeddable":true,"href":"https:\/\/www.caritasne2.org.br\/site\/wp-json\/wp\/v2\/users\/4"}],"replies":[{"embeddable":true,"href":"https:\/\/www.caritasne2.org.br\/site\/wp-json\/wp\/v2\/comments?post=9938"}],"version-history":[{"count":0,"href":"https:\/\/www.caritasne2.org.br\/site\/wp-json\/wp\/v2\/posts\/9938\/revisions"}],"wp:featuredmedia":[{"embeddable":true,"href":"https:\/\/www.caritasne2.org.br\/site\/wp-json\/wp\/v2\/media\/9939"}],"wp:attachment":[{"href":"https:\/\/www.caritasne2.org.br\/site\/wp-json\/wp\/v2\/media?parent=9938"}],"wp:term":[{"taxonomy":"category","embeddable":true,"href":"https:\/\/www.caritasne2.org.br\/site\/wp-json\/wp\/v2\/categories?post=9938"},{"taxonomy":"post_tag","embeddable":true,"href":"https:\/\/www.caritasne2.org.br\/site\/wp-json\/wp\/v2\/tags?post=9938"}],"curies":[{"name":"wp","href":"https:\/\/api.w.org\/{rel}","templated":true}]}}