{"id":9922,"date":"2022-08-04T16:16:15","date_gmt":"2022-08-04T19:16:15","guid":{"rendered":"https:\/\/www.caritasne2.org.br\/?p=9922"},"modified":"2022-08-04T16:16:15","modified_gmt":"2022-08-04T19:16:15","slug":"caritas-suica-torna-publico-termo-de-referencia-para-auditoria-externa-saiba-como-inscrever-sua-empresa","status":"publish","type":"post","link":"https:\/\/www.caritasne2.org.br\/site\/caritas-suica-torna-publico-termo-de-referencia-para-auditoria-externa-saiba-como-inscrever-sua-empresa\/","title":{"rendered":"C\u00e1ritas Sui\u00e7a torna p\u00fablico termo de refer\u00eancia para auditoria externa; saiba como inscrever sua empresa"},"content":{"rendered":"<p>A C\u00e1ritas Su\u00ed\u00e7a torna p\u00fablico o Termo de Refer\u00eancia para contrata\u00e7\u00e3o de auditoria externa para os projetos: P220025 &#8211; Resposta Emergencial \u00e0s Enchentes em Bahia e Minas Gerais e P220060 &#8211; Resposta Emergencial \u00e0s Fortes Chuvas em Pernambuco, cujo o principal doador \u00e9 o Departamento de Ajuda Humanit\u00e1ria da Comunidade Europeia (ECHO).<\/p>\n<p>A auditoria ser\u00e1 realizada nas instala\u00e7\u00f5es dos escrit\u00f3rios da C\u00e1ritas Brasileira em Bras\u00edlia de forma semipresencial.<\/p>\n<p>Ser\u00e3o levados em conta quanto crit\u00e9rios de avalia\u00e7\u00e3o:<\/p>\n<p>\u2022 A experi\u00eancia e\/ou trajet\u00f3ria de sua empresa em rela\u00e7\u00e3o ao escopo das auditorias para organiza\u00e7\u00f5es sem fins lucrativos. Liste pelo menos tr\u00eas refer\u00eancias de auditorias semelhantes:<br \/>\n\u2022 Proposta de taxa para a auditoria e, al\u00e9m da taxa, incluir detalhes das despesas previstas, ou seja, transporte, alimenta\u00e7\u00e3o, comunica\u00e7\u00e3o, etc.<br \/>\n\u2022 Capacidade de coordenar e realizar uma auditoria em diferentes estados<\/p>\n<p>A empresa tamb\u00e9m deve incluir uma carta de apresenta\u00e7\u00e3o indicando claramente o nome, endere\u00e7o e n\u00famero de registro; assim como o nome, endere\u00e7o, e-mail e n\u00famero de telefone do representante da empresa.<\/p>\n<p>As propostas devem ser enviadas para o endere\u00e7o eletr\u00f4nico: <strong>rsantana@caritas.ch<\/strong> com uma c\u00f3pia para <strong>sfloro@caritas.ch<\/strong>, <strong>at\u00e9 o dia 08 de agosto de 2022, at\u00e9 23h59<\/strong><\/p>\n<p>Confira edital <a href=\"https:\/\/www.caritasne2.org.br\/wp-content\/uploads\/2022\/08\/TdR-de-Auditoria-Externa_Emergencia-BA-MG-_-PE-pt-BR-1.pdf\">completo aqui<\/a><\/p>\n<ul class=\"ssb_list_wrapper\"><li class=\"fb2\" style=\"width:135px\"><iframe src=\"\/\/www.facebook.com\/plugins\/like.php?href=https%3A%2F%2Fwww.caritasne2.org.br%2Fsite%2Fcaritas-suica-torna-publico-termo-de-referencia-para-auditoria-externa-saiba-como-inscrever-sua-empresa%2F&amp;layout=button_count&amp;action=like&amp;show_faces=false&amp;share=true&amp;width=135&amp;height=21&amp;appId=307091639398582\" scrolling=\"no\" frameborder=\"0\" style=\"border:none; overflow:hidden;  width:150px; height:21px;\" allowTransparency=\"true\"><\/iframe><\/li><li class=\"twtr\" style=\"width:90px\"><a href=\"https:\/\/twitter.com\/share\" class=\"twitter-share-button\" data-url=\"https:\/\/www.caritasne2.org.br\/site\/caritas-suica-torna-publico-termo-de-referencia-para-auditoria-externa-saiba-como-inscrever-sua-empresa\/\">&nbsp;<\/a><script>!function(d,s,id){var js,fjs=d.getElementsByTagName(s)[0],p=\/^http:\/.test(d.location)?'http':'https';if(!d.getElementById(id)){js=d.createElement(s);js.id=id;js.src=p+':\/\/platform.twitter.com\/widgets.js';fjs.parentNode.insertBefore(js,fjs);}}(document, 'script', 'twitter-wjs');<\/script><\/li><li class=\"gplus\" style=\"width:68px\"><div class=\"g-plusone\" data-size=\"medium\" data-href=\"https:\/\/www.caritasne2.org.br\/site\/caritas-suica-torna-publico-termo-de-referencia-para-auditoria-externa-saiba-como-inscrever-sua-empresa\/\"><\/div><\/li><li class=\"ssb_linkedin\" style=\"width:64px\"><script src=\"\/\/platform.linkedin.com\/in.js\" type=\"text\/javascript\">lang: en_US<\/script><script type=\"IN\/Share\" data-url=\"https:\/\/www.caritasne2.org.br\/site\/caritas-suica-torna-publico-termo-de-referencia-para-auditoria-externa-saiba-como-inscrever-sua-empresa\/\" data-counter=\"right\"><\/script><\/li><\/ul>","protected":false},"excerpt":{"rendered":"<p>A C\u00e1ritas Su\u00ed\u00e7a torna p\u00fablico o Termo de Refer\u00eancia para contrata\u00e7\u00e3o de auditoria externa para os projetos: P220025 &#8211; Resposta Emergencial \u00e0s Enchentes em Bahia e Minas Gerais e P220060 &#8211; Resposta Emergencial \u00e0s Fortes Chuvas em Pernambuco, cujo o principal doador \u00e9 o Departamento de Ajuda Humanit\u00e1ria da Comunidade Europeia (ECHO). A auditoria ser\u00e1 realizada nas instala\u00e7\u00f5es dos escrit\u00f3rios da C\u00e1ritas Brasileira em Bras\u00edlia [&hellip;]<\/p>\n<ul class=\"ssb_list_wrapper\"><li class=\"fb2\" style=\"width:135px\"><iframe src=\"\/\/www.facebook.com\/plugins\/like.php?href=https%3A%2F%2Fwww.caritasne2.org.br%2Fsite%2Fcaritas-suica-torna-publico-termo-de-referencia-para-auditoria-externa-saiba-como-inscrever-sua-empresa%2F&amp;layout=button_count&amp;action=like&amp;show_faces=false&amp;share=true&amp;width=135&amp;height=21&amp;appId=307091639398582\" scrolling=\"no\" frameborder=\"0\" style=\"border:none; overflow:hidden;  width:150px; height:21px;\" allowTransparency=\"true\"><\/iframe><\/li><li class=\"twtr\" style=\"width:90px\"><a href=\"https:\/\/twitter.com\/share\" class=\"twitter-share-button\" data-url=\"https:\/\/www.caritasne2.org.br\/site\/caritas-suica-torna-publico-termo-de-referencia-para-auditoria-externa-saiba-como-inscrever-sua-empresa\/\">&nbsp;<\/a><script>!function(d,s,id){var js,fjs=d.getElementsByTagName(s)[0],p=\/^http:\/.test(d.location)?'http':'https';if(!d.getElementById(id)){js=d.createElement(s);js.id=id;js.src=p+':\/\/platform.twitter.com\/widgets.js';fjs.parentNode.insertBefore(js,fjs);}}(document, 'script', 'twitter-wjs');<\/script><\/li><li class=\"gplus\" style=\"width:68px\"><div class=\"g-plusone\" data-size=\"medium\" data-href=\"https:\/\/www.caritasne2.org.br\/site\/caritas-suica-torna-publico-termo-de-referencia-para-auditoria-externa-saiba-como-inscrever-sua-empresa\/\"><\/div><\/li><li class=\"ssb_linkedin\" style=\"width:64px\"><script src=\"\/\/platform.linkedin.com\/in.js\" type=\"text\/javascript\">lang: en_US<\/script><script type=\"IN\/Share\" data-url=\"https:\/\/www.caritasne2.org.br\/site\/caritas-suica-torna-publico-termo-de-referencia-para-auditoria-externa-saiba-como-inscrever-sua-empresa\/\" data-counter=\"right\"><\/script><\/li><\/ul>","protected":false},"author":4,"featured_media":9924,"comment_status":"open","ping_status":"open","sticky":false,"template":"","format":"standard","meta":[],"categories":[21,20],"tags":[],"_links":{"self":[{"href":"https:\/\/www.caritasne2.org.br\/site\/wp-json\/wp\/v2\/posts\/9922"}],"collection":[{"href":"https:\/\/www.caritasne2.org.br\/site\/wp-json\/wp\/v2\/posts"}],"about":[{"href":"https:\/\/www.caritasne2.org.br\/site\/wp-json\/wp\/v2\/types\/post"}],"author":[{"embeddable":true,"href":"https:\/\/www.caritasne2.org.br\/site\/wp-json\/wp\/v2\/users\/4"}],"replies":[{"embeddable":true,"href":"https:\/\/www.caritasne2.org.br\/site\/wp-json\/wp\/v2\/comments?post=9922"}],"version-history":[{"count":0,"href":"https:\/\/www.caritasne2.org.br\/site\/wp-json\/wp\/v2\/posts\/9922\/revisions"}],"wp:featuredmedia":[{"embeddable":true,"href":"https:\/\/www.caritasne2.org.br\/site\/wp-json\/wp\/v2\/media\/9924"}],"wp:attachment":[{"href":"https:\/\/www.caritasne2.org.br\/site\/wp-json\/wp\/v2\/media?parent=9922"}],"wp:term":[{"taxonomy":"category","embeddable":true,"href":"https:\/\/www.caritasne2.org.br\/site\/wp-json\/wp\/v2\/categories?post=9922"},{"taxonomy":"post_tag","embeddable":true,"href":"https:\/\/www.caritasne2.org.br\/site\/wp-json\/wp\/v2\/tags?post=9922"}],"curies":[{"name":"wp","href":"https:\/\/api.w.org\/{rel}","templated":true}]}}