{"id":9901,"date":"2022-08-03T10:27:44","date_gmt":"2022-08-03T13:27:44","guid":{"rendered":"https:\/\/www.caritasne2.org.br\/?p=9901"},"modified":"2022-08-22T08:34:22","modified_gmt":"2022-08-22T11:34:22","slug":"celebrando-o-dia-doa-agricultora-e-da-agricultura-familiar-rede-caritas-brasileira-ne2-promove-feiras-da-agricultura-familiar-e-economia-solidaria-na-paraiba-e-rio-grande-do-norte","status":"publish","type":"post","link":"https:\/\/www.caritasne2.org.br\/site\/celebrando-o-dia-doa-agricultora-e-da-agricultura-familiar-rede-caritas-brasileira-ne2-promove-feiras-da-agricultura-familiar-e-economia-solidaria-na-paraiba-e-rio-grande-do-norte\/","title":{"rendered":"Celebrando o Dia do(a) Agricultor(a) e da Agricultura Familiar, Rede C\u00e1ritas Brasileira NE2 promove Feiras da Agricultura Familiar e Economia Solid\u00e1ria na Para\u00edba e Rio Grande do Norte"},"content":{"rendered":"<p style=\"text-align: center;\"><span style=\"font-weight: 400;\">A iniciativa aconteceu <\/span><span style=\"font-weight: 400;\">nas Dioceses de Caic\u00f3 e Guarabira,<\/span><span style=\"font-weight: 400;\"> contando com a participa\u00e7\u00e3o e apoio das entidades <\/span><span style=\"font-weight: 400;\">membro<\/span><span style=\"font-weight: 400;\"> e grupos de empreendedores<\/span><span style=\"font-weight: 400;\">(as)<\/span><span style=\"font-weight: 400;\"> assessorad<\/span><span style=\"font-weight: 400;\">os(as)<\/span><span style=\"font-weight: 400;\"> pela institui\u00e7\u00e3o<\/span><\/p>\n<p><span style=\"font-weight: 400;\">\u201cA agricultura familiar \u00e9 um sistema muito interessante, <\/span><span style=\"font-weight: 400;\">faz<\/span><span style=\"font-weight: 400;\"> mais de 5 anos que eu n\u00e3o preciso comprar um quilo de feij\u00e3o, s\u00f3 plantando, colhendo e comercializando da minha terra\u201d, esse trecho da fala do agricultor e <\/span><span style=\"font-weight: 400;\">agente<\/span><span style=\"font-weight: 400;\"> da C\u00e1ritas Diocesana de Guarabira, Lindomar Ramos, retrata um pouco da import\u00e2ncia e impacto que a agricultura familiar tem na vida das pessoas, na perspectiva de fomentar o protagonismo social e garantia de seguran\u00e7a alimentar <\/span><span style=\"font-weight: 400;\">e nutricional.<\/span><span style=\"font-weight: 400;\"> Pensando nisso, e sendo uma incentivadora dessa pr\u00e1tica, assim como tamb\u00e9m da Economia Popular e Solid\u00e1ria, a C\u00e1ritas Brasileira NE2 &#8211; CBNE2, em parceria com a institui\u00e7\u00e3o cat\u00f3lica alem\u00e3 <\/span><span style=\"font-weight: 400;\">Misereor,<\/span> <span style=\"font-weight: 400;\">promoveu<\/span><span style=\"font-weight: 400;\"> o apoio duas feiras com foco na comercializa\u00e7\u00e3o dos produtos dos grupos assessorados pela <\/span><span style=\"font-weight: 400;\">Rede<\/span><span style=\"font-weight: 400;\"> C\u00e1ritas nos estados da Para\u00edba e Rio Grande do Norte.<\/span><\/p>\n<p><span style=\"font-weight: 400;\">Os eventos aconteceram simultaneamente, contemplando o Dia do Agricultor (a) e da Agricultura Familiar (25), ambos comemorados no m\u00eas de julho. Na Para\u00edba, a feira aconteceu nos dias 28 e 29 de julho, no munic\u00edpio de Cacimba de Dentro e contou em sua programa\u00e7\u00e3o com um interc\u00e2mbio em comunidades locais para troca de experi\u00eancias entre os grupos, sendo apoiada por membros da C\u00e1ritas Diocesana de Guarabira. No Rio Grande do Norte, o evento ocorreu de 27 a 31 de julho, e fez parte da Feira de Artesanato dos Munic\u00edpios <\/span><span style=\"font-weight: 400;\">do Serid\u00f3<\/span><span style=\"font-weight: 400;\"> (FAMUSE), no Complexo Tur\u00edstico Ilha de Sant\u2019Ana, na Diocese de Caic\u00f3, contando com a participa\u00e7\u00e3o de 12 grupos de Economia Solid\u00e1ria, todos compostos por mulheres e assessorados pela C\u00e1ritas Diocesana de Caic\u00f3.<\/span><\/p>\n<p><span style=\"font-weight: 400;\">Durante a abertura da FAMUSE, a secret\u00e1ria executiva da CBNE2, Neilda Pereira, fez uma fala e ressaltou a import\u00e2ncia do espa\u00e7o para os agricultores (as) e artes\u00e3os (\u00e3s) presentes \u201c \u00e9 importante o fomento dessas pr\u00e1ticas para o fortalecimento desses grupos, muito<\/span><span style=\"font-weight: 400;\">s<\/span><span style=\"font-weight: 400;\"> agricultores e agriculturas, artes\u00e3os e artes\u00e3s, n\u00e3o tem essa oportunidade de comercializa\u00e7\u00e3o em suas comunidades, ent\u00e3o essa visibilidade e experi\u00eancia \u00e9 um diferencial para o desenvolvimento desses empreendimentos\u201d, declara.<\/span><\/p>\n<p><span style=\"font-weight: 400;\">Nas feiras, os(<\/span><span style=\"font-weight: 400;\">as)<\/span><span style=\"font-weight: 400;\"> empreendedores<\/span><span style=\"font-weight: 400;\">(as)<\/span><span style=\"font-weight: 400;\"> puderam apresentar e comercializar seus produtos dos mais variados segmentos, como artesanatos, doces, biscuit, sab\u00e3o ecol\u00f3gico, croch\u00ea, vestu\u00e1rio em fil\u00e9, licor, vinho, biscoitos, doce de leite, suco, geleia de jabuticaba, plantas ornamentais, artesanatos de empreendedores migrantes da Etnia Warao, dentre outros.<\/span><\/p>\n<p><span style=\"font-weight: 400;\">Posteriormente, a CBNE2 <\/span><span style=\"font-weight: 400;\">apoiar\u00e1<\/span><span style=\"font-weight: 400;\">, no dia 25 de agosto, a feira da agricultura familiar e Economia Popular e Solid\u00e1ria na Pra\u00e7a da Independ\u00eancia, na Diocese de Palmeira dos \u00cdndios, em Alagoas, e contar\u00e1 <\/span><span style=\"font-weight: 400;\">com a participa\u00e7\u00e3o de todas as entidades do F\u00f3rum C\u00e1ritas no estado.<\/span><span style=\"font-weight: 400;\"> Em Pernambuco, a feira tamb\u00e9m ocorrer\u00e1 com data ainda a confirmar.<\/span><\/p>\n<p><strong>Imagens da Feira de Artesanato dos Munic\u00edpios do Serid\u00f3\u00a0 \u00a0&#8211; FAMUSE, em Caic\u00f3, Rio Grande do norte<\/strong><\/p>\n<p><img decoding=\"async\" loading=\"lazy\" class=\"alignnone size-medium wp-image-9909\" src=\"https:\/\/www.caritasne2.org.br\/wp-content\/uploads\/2022\/08\/WhatsApp-Image-2022-08-02-at-10.29.05-300x225.jpeg\" alt=\"\" width=\"300\" height=\"225\" srcset=\"https:\/\/www.caritasne2.org.br\/site\/wp-content\/uploads\/2022\/08\/WhatsApp-Image-2022-08-02-at-10.29.05-300x225.jpeg 300w, https:\/\/www.caritasne2.org.br\/site\/wp-content\/uploads\/2022\/08\/WhatsApp-Image-2022-08-02-at-10.29.05-1024x768.jpeg 1024w, https:\/\/www.caritasne2.org.br\/site\/wp-content\/uploads\/2022\/08\/WhatsApp-Image-2022-08-02-at-10.29.05-768x576.jpeg 768w, https:\/\/www.caritasne2.org.br\/site\/wp-content\/uploads\/2022\/08\/WhatsApp-Image-2022-08-02-at-10.29.05-1536x1152.jpeg 1536w, https:\/\/www.caritasne2.org.br\/site\/wp-content\/uploads\/2022\/08\/WhatsApp-Image-2022-08-02-at-10.29.05.jpeg 1600w\" sizes=\"(max-width: 300px) 100vw, 300px\" \/> \u00a0 <img decoding=\"async\" loading=\"lazy\" class=\"alignnone size-medium wp-image-9910\" src=\"https:\/\/www.caritasne2.org.br\/wp-content\/uploads\/2022\/08\/WhatsApp-Image-2022-08-02-at-10.29.08-2-300x225.jpeg\" alt=\"\" width=\"300\" height=\"225\" srcset=\"https:\/\/www.caritasne2.org.br\/site\/wp-content\/uploads\/2022\/08\/WhatsApp-Image-2022-08-02-at-10.29.08-2-300x225.jpeg 300w, https:\/\/www.caritasne2.org.br\/site\/wp-content\/uploads\/2022\/08\/WhatsApp-Image-2022-08-02-at-10.29.08-2-1024x768.jpeg 1024w, https:\/\/www.caritasne2.org.br\/site\/wp-content\/uploads\/2022\/08\/WhatsApp-Image-2022-08-02-at-10.29.08-2-768x576.jpeg 768w, https:\/\/www.caritasne2.org.br\/site\/wp-content\/uploads\/2022\/08\/WhatsApp-Image-2022-08-02-at-10.29.08-2-1536x1152.jpeg 1536w, https:\/\/www.caritasne2.org.br\/site\/wp-content\/uploads\/2022\/08\/WhatsApp-Image-2022-08-02-at-10.29.08-2.jpeg 1600w\" sizes=\"(max-width: 300px) 100vw, 300px\" \/><\/p>\n<p><img decoding=\"async\" loading=\"lazy\" class=\"alignnone size-medium wp-image-9911\" src=\"https:\/\/www.caritasne2.org.br\/wp-content\/uploads\/2022\/08\/WhatsApp-Image-2022-08-02-at-10.29.11-300x225.jpeg\" alt=\"\" width=\"300\" height=\"225\" srcset=\"https:\/\/www.caritasne2.org.br\/site\/wp-content\/uploads\/2022\/08\/WhatsApp-Image-2022-08-02-at-10.29.11-300x225.jpeg 300w, https:\/\/www.caritasne2.org.br\/site\/wp-content\/uploads\/2022\/08\/WhatsApp-Image-2022-08-02-at-10.29.11-1024x768.jpeg 1024w, https:\/\/www.caritasne2.org.br\/site\/wp-content\/uploads\/2022\/08\/WhatsApp-Image-2022-08-02-at-10.29.11-768x576.jpeg 768w, https:\/\/www.caritasne2.org.br\/site\/wp-content\/uploads\/2022\/08\/WhatsApp-Image-2022-08-02-at-10.29.11-1536x1152.jpeg 1536w, https:\/\/www.caritasne2.org.br\/site\/wp-content\/uploads\/2022\/08\/WhatsApp-Image-2022-08-02-at-10.29.11.jpeg 1600w\" sizes=\"(max-width: 300px) 100vw, 300px\" \/> \u00a0 <img decoding=\"async\" loading=\"lazy\" class=\"alignnone size-medium wp-image-9912\" src=\"https:\/\/www.caritasne2.org.br\/wp-content\/uploads\/2022\/08\/WhatsApp-Image-2022-08-02-at-10.29.14-300x257.jpeg\" alt=\"\" width=\"300\" height=\"257\" srcset=\"https:\/\/www.caritasne2.org.br\/site\/wp-content\/uploads\/2022\/08\/WhatsApp-Image-2022-08-02-at-10.29.14-300x257.jpeg 300w, https:\/\/www.caritasne2.org.br\/site\/wp-content\/uploads\/2022\/08\/WhatsApp-Image-2022-08-02-at-10.29.14-1024x877.jpeg 1024w, https:\/\/www.caritasne2.org.br\/site\/wp-content\/uploads\/2022\/08\/WhatsApp-Image-2022-08-02-at-10.29.14-768x658.jpeg 768w, https:\/\/www.caritasne2.org.br\/site\/wp-content\/uploads\/2022\/08\/WhatsApp-Image-2022-08-02-at-10.29.14-1536x1315.jpeg 1536w, https:\/\/www.caritasne2.org.br\/site\/wp-content\/uploads\/2022\/08\/WhatsApp-Image-2022-08-02-at-10.29.14.jpeg 1600w\" sizes=\"(max-width: 300px) 100vw, 300px\" \/> <img decoding=\"async\" loading=\"lazy\" class=\"alignnone size-medium wp-image-9913\" src=\"https:\/\/www.caritasne2.org.br\/wp-content\/uploads\/2022\/08\/WhatsApp-Image-2022-08-02-at-10.29.29-300x225.jpeg\" alt=\"\" width=\"300\" height=\"225\" srcset=\"https:\/\/www.caritasne2.org.br\/site\/wp-content\/uploads\/2022\/08\/WhatsApp-Image-2022-08-02-at-10.29.29-300x225.jpeg 300w, https:\/\/www.caritasne2.org.br\/site\/wp-content\/uploads\/2022\/08\/WhatsApp-Image-2022-08-02-at-10.29.29-1024x768.jpeg 1024w, https:\/\/www.caritasne2.org.br\/site\/wp-content\/uploads\/2022\/08\/WhatsApp-Image-2022-08-02-at-10.29.29-768x576.jpeg 768w, https:\/\/www.caritasne2.org.br\/site\/wp-content\/uploads\/2022\/08\/WhatsApp-Image-2022-08-02-at-10.29.29-1536x1152.jpeg 1536w, https:\/\/www.caritasne2.org.br\/site\/wp-content\/uploads\/2022\/08\/WhatsApp-Image-2022-08-02-at-10.29.29.jpeg 1600w\" sizes=\"(max-width: 300px) 100vw, 300px\" \/> \u00a0<img decoding=\"async\" loading=\"lazy\" class=\"alignnone size-medium wp-image-9914\" src=\"https:\/\/www.caritasne2.org.br\/wp-content\/uploads\/2022\/08\/WhatsApp-Image-2022-08-02-at-12.44.02-300x200.jpeg\" alt=\"\" width=\"300\" height=\"200\" srcset=\"https:\/\/www.caritasne2.org.br\/site\/wp-content\/uploads\/2022\/08\/WhatsApp-Image-2022-08-02-at-12.44.02-300x200.jpeg 300w, https:\/\/www.caritasne2.org.br\/site\/wp-content\/uploads\/2022\/08\/WhatsApp-Image-2022-08-02-at-12.44.02-1024x682.jpeg 1024w, https:\/\/www.caritasne2.org.br\/site\/wp-content\/uploads\/2022\/08\/WhatsApp-Image-2022-08-02-at-12.44.02-768x512.jpeg 768w, https:\/\/www.caritasne2.org.br\/site\/wp-content\/uploads\/2022\/08\/WhatsApp-Image-2022-08-02-at-12.44.02-1536x1023.jpeg 1536w, https:\/\/www.caritasne2.org.br\/site\/wp-content\/uploads\/2022\/08\/WhatsApp-Image-2022-08-02-at-12.44.02.jpeg 1600w\" sizes=\"(max-width: 300px) 100vw, 300px\" \/><\/p>\n<p><strong>Imagens de Cacimba de Dentro &#8211; Para\u00edba<\/strong><\/p>\n<p><img decoding=\"async\" loading=\"lazy\" class=\"alignnone size-medium wp-image-9905\" src=\"https:\/\/www.caritasne2.org.br\/wp-content\/uploads\/2022\/08\/WhatsApp-Image-2022-07-29-at-10.43.59-300x225.jpeg\" alt=\"\" width=\"300\" height=\"225\" srcset=\"https:\/\/www.caritasne2.org.br\/site\/wp-content\/uploads\/2022\/08\/WhatsApp-Image-2022-07-29-at-10.43.59-300x225.jpeg 300w, https:\/\/www.caritasne2.org.br\/site\/wp-content\/uploads\/2022\/08\/WhatsApp-Image-2022-07-29-at-10.43.59-1024x768.jpeg 1024w, https:\/\/www.caritasne2.org.br\/site\/wp-content\/uploads\/2022\/08\/WhatsApp-Image-2022-07-29-at-10.43.59-768x576.jpeg 768w, https:\/\/www.caritasne2.org.br\/site\/wp-content\/uploads\/2022\/08\/WhatsApp-Image-2022-07-29-at-10.43.59-1536x1152.jpeg 1536w, https:\/\/www.caritasne2.org.br\/site\/wp-content\/uploads\/2022\/08\/WhatsApp-Image-2022-07-29-at-10.43.59.jpeg 1600w\" sizes=\"(max-width: 300px) 100vw, 300px\" \/>\u00a0 \u00a0 <img decoding=\"async\" loading=\"lazy\" class=\"alignnone size-medium wp-image-9906\" src=\"https:\/\/www.caritasne2.org.br\/wp-content\/uploads\/2022\/08\/WhatsApp-Image-2022-07-29-at-10.44.08-300x225.jpeg\" alt=\"\" width=\"300\" height=\"225\" srcset=\"https:\/\/www.caritasne2.org.br\/site\/wp-content\/uploads\/2022\/08\/WhatsApp-Image-2022-07-29-at-10.44.08-300x225.jpeg 300w, https:\/\/www.caritasne2.org.br\/site\/wp-content\/uploads\/2022\/08\/WhatsApp-Image-2022-07-29-at-10.44.08-1024x768.jpeg 1024w, https:\/\/www.caritasne2.org.br\/site\/wp-content\/uploads\/2022\/08\/WhatsApp-Image-2022-07-29-at-10.44.08-768x576.jpeg 768w, https:\/\/www.caritasne2.org.br\/site\/wp-content\/uploads\/2022\/08\/WhatsApp-Image-2022-07-29-at-10.44.08-1536x1152.jpeg 1536w, https:\/\/www.caritasne2.org.br\/site\/wp-content\/uploads\/2022\/08\/WhatsApp-Image-2022-07-29-at-10.44.08.jpeg 1600w\" sizes=\"(max-width: 300px) 100vw, 300px\" \/><\/p>\n<p><img decoding=\"async\" loading=\"lazy\" class=\"alignnone size-medium wp-image-9907\" src=\"https:\/\/www.caritasne2.org.br\/wp-content\/uploads\/2022\/08\/WhatsApp-Image-2022-07-29-at-10.44.10-300x225.jpeg\" alt=\"\" width=\"300\" height=\"225\" srcset=\"https:\/\/www.caritasne2.org.br\/site\/wp-content\/uploads\/2022\/08\/WhatsApp-Image-2022-07-29-at-10.44.10-300x225.jpeg 300w, https:\/\/www.caritasne2.org.br\/site\/wp-content\/uploads\/2022\/08\/WhatsApp-Image-2022-07-29-at-10.44.10-1024x768.jpeg 1024w, https:\/\/www.caritasne2.org.br\/site\/wp-content\/uploads\/2022\/08\/WhatsApp-Image-2022-07-29-at-10.44.10-768x576.jpeg 768w, https:\/\/www.caritasne2.org.br\/site\/wp-content\/uploads\/2022\/08\/WhatsApp-Image-2022-07-29-at-10.44.10-1536x1152.jpeg 1536w, https:\/\/www.caritasne2.org.br\/site\/wp-content\/uploads\/2022\/08\/WhatsApp-Image-2022-07-29-at-10.44.10.jpeg 1600w\" sizes=\"(max-width: 300px) 100vw, 300px\" \/>\u00a0 \u00a0 <img decoding=\"async\" loading=\"lazy\" class=\"alignnone size-medium wp-image-9908\" src=\"https:\/\/www.caritasne2.org.br\/wp-content\/uploads\/2022\/08\/WhatsApp-Image-2022-07-29-at-10.44.13-300x225.jpeg\" alt=\"\" width=\"300\" height=\"225\" srcset=\"https:\/\/www.caritasne2.org.br\/site\/wp-content\/uploads\/2022\/08\/WhatsApp-Image-2022-07-29-at-10.44.13-300x225.jpeg 300w, https:\/\/www.caritasne2.org.br\/site\/wp-content\/uploads\/2022\/08\/WhatsApp-Image-2022-07-29-at-10.44.13-1024x768.jpeg 1024w, https:\/\/www.caritasne2.org.br\/site\/wp-content\/uploads\/2022\/08\/WhatsApp-Image-2022-07-29-at-10.44.13-768x576.jpeg 768w, https:\/\/www.caritasne2.org.br\/site\/wp-content\/uploads\/2022\/08\/WhatsApp-Image-2022-07-29-at-10.44.13-1536x1152.jpeg 1536w, https:\/\/www.caritasne2.org.br\/site\/wp-content\/uploads\/2022\/08\/WhatsApp-Image-2022-07-29-at-10.44.13.jpeg 1600w\" sizes=\"(max-width: 300px) 100vw, 300px\" \/><\/p>\n<ul class=\"ssb_list_wrapper\"><li class=\"fb2\" style=\"width:135px\"><iframe src=\"\/\/www.facebook.com\/plugins\/like.php?href=https%3A%2F%2Fwww.caritasne2.org.br%2Fsite%2Fcelebrando-o-dia-doa-agricultora-e-da-agricultura-familiar-rede-caritas-brasileira-ne2-promove-feiras-da-agricultura-familiar-e-economia-solidaria-na-paraiba-e-rio-grande-do-norte%2F&amp;layout=button_count&amp;action=like&amp;show_faces=false&amp;share=true&amp;width=135&amp;height=21&amp;appId=307091639398582\" scrolling=\"no\" frameborder=\"0\" style=\"border:none; overflow:hidden;  width:150px; height:21px;\" allowTransparency=\"true\"><\/iframe><\/li><li class=\"twtr\" style=\"width:90px\"><a href=\"https:\/\/twitter.com\/share\" class=\"twitter-share-button\" data-url=\"https:\/\/www.caritasne2.org.br\/site\/celebrando-o-dia-doa-agricultora-e-da-agricultura-familiar-rede-caritas-brasileira-ne2-promove-feiras-da-agricultura-familiar-e-economia-solidaria-na-paraiba-e-rio-grande-do-norte\/\">&nbsp;<\/a><script>!function(d,s,id){var js,fjs=d.getElementsByTagName(s)[0],p=\/^http:\/.test(d.location)?'http':'https';if(!d.getElementById(id)){js=d.createElement(s);js.id=id;js.src=p+':\/\/platform.twitter.com\/widgets.js';fjs.parentNode.insertBefore(js,fjs);}}(document, 'script', 'twitter-wjs');<\/script><\/li><li class=\"gplus\" style=\"width:68px\"><div class=\"g-plusone\" data-size=\"medium\" data-href=\"https:\/\/www.caritasne2.org.br\/site\/celebrando-o-dia-doa-agricultora-e-da-agricultura-familiar-rede-caritas-brasileira-ne2-promove-feiras-da-agricultura-familiar-e-economia-solidaria-na-paraiba-e-rio-grande-do-norte\/\"><\/div><\/li><li class=\"ssb_linkedin\" style=\"width:64px\"><script src=\"\/\/platform.linkedin.com\/in.js\" type=\"text\/javascript\">lang: en_US<\/script><script type=\"IN\/Share\" data-url=\"https:\/\/www.caritasne2.org.br\/site\/celebrando-o-dia-doa-agricultora-e-da-agricultura-familiar-rede-caritas-brasileira-ne2-promove-feiras-da-agricultura-familiar-e-economia-solidaria-na-paraiba-e-rio-grande-do-norte\/\" data-counter=\"right\"><\/script><\/li><\/ul>","protected":false},"excerpt":{"rendered":"<p>A iniciativa aconteceu nas Dioceses de Caic\u00f3 e Guarabira, contando com a participa\u00e7\u00e3o e apoio das entidades membro e grupos de empreendedores(as) assessorados(as) pela institui\u00e7\u00e3o \u201cA agricultura familiar \u00e9 um sistema muito interessante, faz mais de 5 anos que eu n\u00e3o preciso comprar um quilo de feij\u00e3o, s\u00f3 plantando, colhendo e comercializando da minha terra\u201d, esse trecho da fala do agricultor e agente da C\u00e1ritas [&hellip;]<\/p>\n<ul class=\"ssb_list_wrapper\"><li class=\"fb2\" style=\"width:135px\"><iframe src=\"\/\/www.facebook.com\/plugins\/like.php?href=https%3A%2F%2Fwww.caritasne2.org.br%2Fsite%2Fcelebrando-o-dia-doa-agricultora-e-da-agricultura-familiar-rede-caritas-brasileira-ne2-promove-feiras-da-agricultura-familiar-e-economia-solidaria-na-paraiba-e-rio-grande-do-norte%2F&amp;layout=button_count&amp;action=like&amp;show_faces=false&amp;share=true&amp;width=135&amp;height=21&amp;appId=307091639398582\" scrolling=\"no\" frameborder=\"0\" style=\"border:none; overflow:hidden;  width:150px; height:21px;\" allowTransparency=\"true\"><\/iframe><\/li><li class=\"twtr\" style=\"width:90px\"><a href=\"https:\/\/twitter.com\/share\" class=\"twitter-share-button\" data-url=\"https:\/\/www.caritasne2.org.br\/site\/celebrando-o-dia-doa-agricultora-e-da-agricultura-familiar-rede-caritas-brasileira-ne2-promove-feiras-da-agricultura-familiar-e-economia-solidaria-na-paraiba-e-rio-grande-do-norte\/\">&nbsp;<\/a><script>!function(d,s,id){var js,fjs=d.getElementsByTagName(s)[0],p=\/^http:\/.test(d.location)?'http':'https';if(!d.getElementById(id)){js=d.createElement(s);js.id=id;js.src=p+':\/\/platform.twitter.com\/widgets.js';fjs.parentNode.insertBefore(js,fjs);}}(document, 'script', 'twitter-wjs');<\/script><\/li><li class=\"gplus\" style=\"width:68px\"><div class=\"g-plusone\" data-size=\"medium\" data-href=\"https:\/\/www.caritasne2.org.br\/site\/celebrando-o-dia-doa-agricultora-e-da-agricultura-familiar-rede-caritas-brasileira-ne2-promove-feiras-da-agricultura-familiar-e-economia-solidaria-na-paraiba-e-rio-grande-do-norte\/\"><\/div><\/li><li class=\"ssb_linkedin\" style=\"width:64px\"><script src=\"\/\/platform.linkedin.com\/in.js\" type=\"text\/javascript\">lang: en_US<\/script><script type=\"IN\/Share\" data-url=\"https:\/\/www.caritasne2.org.br\/site\/celebrando-o-dia-doa-agricultora-e-da-agricultura-familiar-rede-caritas-brasileira-ne2-promove-feiras-da-agricultura-familiar-e-economia-solidaria-na-paraiba-e-rio-grande-do-norte\/\" data-counter=\"right\"><\/script><\/li><\/ul>","protected":false},"author":4,"featured_media":9904,"comment_status":"open","ping_status":"open","sticky":false,"template":"","format":"standard","meta":[],"categories":[20],"tags":[],"_links":{"self":[{"href":"https:\/\/www.caritasne2.org.br\/site\/wp-json\/wp\/v2\/posts\/9901"}],"collection":[{"href":"https:\/\/www.caritasne2.org.br\/site\/wp-json\/wp\/v2\/posts"}],"about":[{"href":"https:\/\/www.caritasne2.org.br\/site\/wp-json\/wp\/v2\/types\/post"}],"author":[{"embeddable":true,"href":"https:\/\/www.caritasne2.org.br\/site\/wp-json\/wp\/v2\/users\/4"}],"replies":[{"embeddable":true,"href":"https:\/\/www.caritasne2.org.br\/site\/wp-json\/wp\/v2\/comments?post=9901"}],"version-history":[{"count":0,"href":"https:\/\/www.caritasne2.org.br\/site\/wp-json\/wp\/v2\/posts\/9901\/revisions"}],"wp:featuredmedia":[{"embeddable":true,"href":"https:\/\/www.caritasne2.org.br\/site\/wp-json\/wp\/v2\/media\/9904"}],"wp:attachment":[{"href":"https:\/\/www.caritasne2.org.br\/site\/wp-json\/wp\/v2\/media?parent=9901"}],"wp:term":[{"taxonomy":"category","embeddable":true,"href":"https:\/\/www.caritasne2.org.br\/site\/wp-json\/wp\/v2\/categories?post=9901"},{"taxonomy":"post_tag","embeddable":true,"href":"https:\/\/www.caritasne2.org.br\/site\/wp-json\/wp\/v2\/tags?post=9901"}],"curies":[{"name":"wp","href":"https:\/\/api.w.org\/{rel}","templated":true}]}}