{"id":9892,"date":"2022-08-02T12:05:23","date_gmt":"2022-08-02T15:05:23","guid":{"rendered":"https:\/\/www.caritasne2.org.br\/?p=9892"},"modified":"2022-08-02T12:30:24","modified_gmt":"2022-08-02T15:30:24","slug":"carta-alerta-para-modelo-de-expansao-dos-negocios-do-vento-no-semiarido-potiguar-e-seridoense","status":"publish","type":"post","link":"https:\/\/www.caritasne2.org.br\/site\/carta-alerta-para-modelo-de-expansao-dos-negocios-do-vento-no-semiarido-potiguar-e-seridoense\/","title":{"rendered":"Carta alerta para modelo de expans\u00e3o dos \u201cneg\u00f3cios do vento\u201d no semi\u00e1rido Potiguar e Seridoense"},"content":{"rendered":"<p style=\"text-align: center;\"><em><span style=\"font-weight: 400;\">O documento foi aprovado em plen\u00e1ria, com mais de 150 pessoas, no \u201cI Semin\u00e1rio regional a vida pulsa no Serid\u00f3\u201d, realizado no dia 25 de julho em Caic\u00f3, Rio Grande do Norte<\/span><\/em><\/p>\n<p><span style=\"font-weight: 400;\">\u201cNosso potencial gen\u00e9tico e ambiental regional do Serid\u00f3 n\u00e3o pode ser facilmente transportado com os ventos dos megaprojetos e\u00f3licos e fotovoltaicos\u201d. O trecho est\u00e1 expresso em documento aberto, a Carta do Serid\u00f3: a vida pulsa no semi\u00e1rido. Assinada, entre outras, pela C\u00e1ritas Diocesana de Caic\u00f3, a Diocese de Caic\u00f3, C\u00e1ritas Brasileira Regional NE2, Universidade Estadual do Rio Grande do Norte &#8211; UERN, Universidade Federal do Rio Grande do Norte &#8211; UFRN, Federa\u00e7\u00e3o dos Trabalhadores Rurais Agricultores e Agricultoras Familiares do Estado do Rio Grande do Norte &#8211; FETARN e Ag\u00eancia de Desenvolvimento Sustent\u00e1vel do Serid\u00f3 &#8211; ADESE. O texto reafirma a necessidade do restabelecimento de pol\u00edticas p\u00fablicas adequadas e a amplia\u00e7\u00e3o de a\u00e7\u00f5es para a garantia permanente da conviv\u00eancia digna, sustent\u00e1vel e plena com o semi\u00e1rido potiguar e seridoense.\u00a0 \u201co contexto do semi\u00e1rido potiguar e seridoense necessita urgentemente de a\u00e7\u00f5es que resguardem o potencial da biodiversidade regional para seu desenvolvimento sustent\u00e1vel, de modo a possibilitar os compromissos da transi\u00e7\u00e3o ecol\u00f3gica e solid\u00e1ria de longa dura\u00e7\u00e3o\u201d.\u00a0<\/span><\/p>\n<p><span style=\"font-weight: 400;\">Desse modo, a carta aponta ser essencial para reconhecer as propostas do Macrozoneamento Ecol\u00f3gico-Econ\u00f4mico da Bacia Hidrogr\u00e1fica do Rio Pianc\u00f3-Piranhas-Ass\u00fa, produzido e idealizado pelo Governo do Estado do Rio Grande do Norte, a partir de estudos cient\u00edficos e das oficinas com as comunidades locais desse territ\u00f3rio; criar e estabelecer \u00e1reas protegidas na regi\u00e3o do Serid\u00f3, buscando qualificar a gest\u00e3o das Unidades de Conserva\u00e7\u00e3o Estaduais com a capacita\u00e7\u00e3o dos agentes sociais diretamente envolvidos nesse territ\u00f3rio; fomentar Unidades de Conserva\u00e7\u00e3o em n\u00edvel municipal no estado potiguar; considerar a necess\u00e1ria adapta\u00e7\u00e3o \u00e0s mudan\u00e7as clim\u00e1ticas e avan\u00e7o da desertifica\u00e7\u00e3o nos programas governamentais, reconhecendo os impactos de atividades econ\u00f4micas e da conviv\u00eancia com o semi\u00e1rido, e assim, definir estrat\u00e9gias de desenvolvimento na regi\u00e3o; e identificar, resguardar e promover o patrim\u00f4nio cultural e natural do semi\u00e1rido potiguar, e em especial da regi\u00e3o do Serid\u00f3, com possibilidade de capacita\u00e7\u00e3o e promo\u00e7\u00e3o dos agentes sociais nas comunidades locais.<\/span><\/p>\n<p><span style=\"font-weight: 400;\">O conjunto de entidades e a sociedade civil organizada respons\u00e1vel pela elabora\u00e7\u00e3o do documento aberto, destacou tamb\u00e9m que o Serid\u00f3 possui atualmente como projeto de desenvolvimento sustent\u00e1vel, \u00e0 institucionaliza\u00e7\u00e3o de um Geoparque reconhecido pela UNESCO, tendo sua maior visibilidade internacional, \u201cao passo que, o turismo hist\u00f3rico, cultural e ecol\u00f3gico tem sido implementado cada vez mais com a inclus\u00e3o dos agentes sociais desse territ\u00f3rio\u201d.\u00a0<\/span><\/p>\n<p><span style=\"font-weight: 400;\">A ideia \u00e9 alertar que os projetos e\u00f3licos e fotovoltaicos, mesmo que sejam importantes como fontes de energias renov\u00e1veis, que chega para mitigar o efeito estufa, n\u00e3o s\u00e3o isentos de impactos sociais, ambientais, antropol\u00f3gicos, geol\u00f3gicos. \u00c9 necess\u00e1rio um zoneamento ecol\u00f3gico e econ\u00f4mico que defina as \u00e1reas poss\u00edveis de receberem esses investimentos e quais as \u00e1reas s\u00e3o necess\u00e1rias serem reservadas para produ\u00e7\u00e3o de alimento, para garantia da biodiversidade, para garantia da continuidade da cultura local, preservando o patrim\u00f4nio antropol\u00f3gico.<\/span><\/p>\n<p>Leia carta na \u00edntegra <a href=\"https:\/\/www.caritasne2.org.br\/wp-content\/uploads\/2022\/08\/Carta-do-Serido-1.pdf\">clicando aqui<\/a><\/p>\n<p>Assinam esta Carta Aberta:<\/p>\n<p>1-Ant\u00f4nio Carlos Cruz Santos \u2013 Bispo da Diocese de Caic\u00f3 \u2013 RN<br \/>\n2-Manoel Cir\u00edcio Pereira Neto \u2013 Universidade do Estado do Rio Grande do Norte<br \/>\n3- Proc\u00f3pio de Lucena \u2013 Engenheiro Agr\u00f4nomo, ADESE-SEAPAC<br \/>\n4-Sandra Kelly de Ara\u00fajo \u2013 Universidade Federal do Rio Grande do Norte<br \/>\n5-Rebecca Luna Lucena \u2013 Universidade Federal do Rio Grande do Norte<br \/>\n6-Jos\u00e9 Carlos Martins da Silva \u2013 C\u00e1ritas Diocesana de Caic\u00f3<br \/>\n7-Silvana Barbosa de Azevedo \u2013 C\u00e1ritas Diocesana de Caic\u00f3<br \/>\n8-Paulo Ambr\u00f3sio de Medeiros J\u00fanior \u2013 C\u00e1ritas Diocesana de Caic\u00f3<br \/>\n9-In\u00e1cio Lib\u00e2nio de Medeiros Ara\u00fajo \u2013 C\u00e1ritas Diocesana de Caic\u00f3<br \/>\n10-Bruna Suianne \u2013 C\u00e1ritas Brasileira Regional Nordeste II<br \/>\n11-Ana Aline Morais \u2013 Federa\u00e7\u00e3o dos Trabalhadores Rurais Agricultores e Agricultoras Familiares do Estado do Rio Grande do Norte \u2013 FETARN;<br \/>\n12-Francisco de Assis Ara\u00fajo \u2013 Federa\u00e7\u00e3o dos Trabalhadores Rurais Agricultores e Agricultoras Familiares do Estado do Rio Grande do Norte \u2013 FETARN;<br \/>\n13-Jos\u00e9 Rafael da Silva \u2013 Ag\u00eancia de Desenvolvimento do Serid\u00f3 \u2013 ADESE<br \/>\n14-Moema Hofstaetter \u2013 Doutora em Turismo e Desenvolvimento\/UFRN<br \/>\n15-Rani Priscila de Sousa \u2013 Serid\u00f3 Vivo<br \/>\n16-Joadson Vagner Silva \u2013 Serid\u00f3 Vivo<br \/>\n17-Paulo Henrique Dantas Marinho \u2013 Bi\u00f3logo e Doutor em Ecologia\/UFRN, membro do Projeto Caatinga Potiguar e colaborador do Serid\u00f3 Vivo<br \/>\n18-Julie Antoinette Cavignac \u2013 Chefe do departamento de Antropologia da UFRN e presidente do Conselho Consular (Recife) e Conselheira do Franceses (Br\u00e9sil 2)<br \/>\n19-Leandro Vieira Cavalcante \u2013 Ge\u00f3grafo, professor da UFRN\/Caic\u00f3<br \/>\n20-Helder Alexandre Medeiros de Macedo \u2013 Historiador, professor da UFRN\/Caic\u00f3<br \/>\n21-Francisco Marques da Silva \u2013 Ge\u00f3grafo, professor da rede p\u00fablica<br \/>\n22-Geovani Robson Medeiros \u2013 Team da Serra Ecoturismo<br \/>\n23-Iranildo Silva de Souza \u2013 Graduando em Geografia pela Universidade Federal do Rio Grande do Norte \u2013 UFRN, Servidor P\u00fablico Estadual da SESAP\/RN<br \/>\n24-Fernando Henrique de Medeiros Fernandes \u2013 Mestre em Ci\u00eancias Ambientais\/IFRN e Presidente da Ag\u00eancia de Desenvolvimento Sustent\u00e1vel de Flor\u00e2nia \u2013 ADESF<br \/>\n25-Orqu\u00eddea Costa de Ara\u00fajo \u2013 Ge\u00f3grafa, Secretaria Municipal de Meio Ambiente de Caic\u00f3<br \/>\n26-Joane Batista \u2013 Rede MangueMar \u2013 Rio Grande do Norte<br \/>\n27-Ariane de Medeiros Pereira \u2013 Mestre em Hist\u00f3ria\/UFRN. Carta do Serid\u00f3: a vida pulsa no semi\u00e1rido<\/p>\n<p><img decoding=\"async\" loading=\"lazy\" class=\"alignnone size-medium wp-image-9895\" src=\"https:\/\/www.caritasne2.org.br\/wp-content\/uploads\/2022\/08\/WhatsApp-Image-2022-08-01-at-09.03.32-1-300x200.jpeg\" alt=\"\" width=\"300\" height=\"200\" srcset=\"https:\/\/www.caritasne2.org.br\/site\/wp-content\/uploads\/2022\/08\/WhatsApp-Image-2022-08-01-at-09.03.32-1-300x200.jpeg 300w, https:\/\/www.caritasne2.org.br\/site\/wp-content\/uploads\/2022\/08\/WhatsApp-Image-2022-08-01-at-09.03.32-1-1024x682.jpeg 1024w, https:\/\/www.caritasne2.org.br\/site\/wp-content\/uploads\/2022\/08\/WhatsApp-Image-2022-08-01-at-09.03.32-1-768x512.jpeg 768w, https:\/\/www.caritasne2.org.br\/site\/wp-content\/uploads\/2022\/08\/WhatsApp-Image-2022-08-01-at-09.03.32-1.jpeg 1280w\" sizes=\"(max-width: 300px) 100vw, 300px\" \/> <img decoding=\"async\" loading=\"lazy\" class=\"alignnone size-medium wp-image-9896\" src=\"https:\/\/www.caritasne2.org.br\/wp-content\/uploads\/2022\/08\/WhatsApp-Image-2022-08-01-at-09.03.32-300x200.jpeg\" alt=\"\" width=\"300\" height=\"200\" srcset=\"https:\/\/www.caritasne2.org.br\/site\/wp-content\/uploads\/2022\/08\/WhatsApp-Image-2022-08-01-at-09.03.32-300x200.jpeg 300w, https:\/\/www.caritasne2.org.br\/site\/wp-content\/uploads\/2022\/08\/WhatsApp-Image-2022-08-01-at-09.03.32-1024x682.jpeg 1024w, https:\/\/www.caritasne2.org.br\/site\/wp-content\/uploads\/2022\/08\/WhatsApp-Image-2022-08-01-at-09.03.32-768x512.jpeg 768w, https:\/\/www.caritasne2.org.br\/site\/wp-content\/uploads\/2022\/08\/WhatsApp-Image-2022-08-01-at-09.03.32.jpeg 1280w\" sizes=\"(max-width: 300px) 100vw, 300px\" \/> <img decoding=\"async\" loading=\"lazy\" class=\"alignnone size-medium wp-image-9897\" src=\"https:\/\/www.caritasne2.org.br\/wp-content\/uploads\/2022\/08\/WhatsApp-Image-2022-07-29-at-12.13.20-1-300x225.jpeg\" alt=\"\" width=\"300\" height=\"225\" srcset=\"https:\/\/www.caritasne2.org.br\/site\/wp-content\/uploads\/2022\/08\/WhatsApp-Image-2022-07-29-at-12.13.20-1-300x225.jpeg 300w, https:\/\/www.caritasne2.org.br\/site\/wp-content\/uploads\/2022\/08\/WhatsApp-Image-2022-07-29-at-12.13.20-1-1024x768.jpeg 1024w, https:\/\/www.caritasne2.org.br\/site\/wp-content\/uploads\/2022\/08\/WhatsApp-Image-2022-07-29-at-12.13.20-1-768x576.jpeg 768w, https:\/\/www.caritasne2.org.br\/site\/wp-content\/uploads\/2022\/08\/WhatsApp-Image-2022-07-29-at-12.13.20-1-1536x1152.jpeg 1536w, https:\/\/www.caritasne2.org.br\/site\/wp-content\/uploads\/2022\/08\/WhatsApp-Image-2022-07-29-at-12.13.20-1.jpeg 1600w\" sizes=\"(max-width: 300px) 100vw, 300px\" \/> <img decoding=\"async\" loading=\"lazy\" class=\"alignnone size-medium wp-image-9898\" src=\"https:\/\/www.caritasne2.org.br\/wp-content\/uploads\/2022\/08\/WhatsApp-Image-2022-07-29-at-12.13.21-300x225.jpeg\" alt=\"\" width=\"300\" height=\"225\" srcset=\"https:\/\/www.caritasne2.org.br\/site\/wp-content\/uploads\/2022\/08\/WhatsApp-Image-2022-07-29-at-12.13.21-300x225.jpeg 300w, https:\/\/www.caritasne2.org.br\/site\/wp-content\/uploads\/2022\/08\/WhatsApp-Image-2022-07-29-at-12.13.21-1024x768.jpeg 1024w, https:\/\/www.caritasne2.org.br\/site\/wp-content\/uploads\/2022\/08\/WhatsApp-Image-2022-07-29-at-12.13.21-768x576.jpeg 768w, https:\/\/www.caritasne2.org.br\/site\/wp-content\/uploads\/2022\/08\/WhatsApp-Image-2022-07-29-at-12.13.21.jpeg 1280w\" sizes=\"(max-width: 300px) 100vw, 300px\" \/><\/p>\n<ul class=\"ssb_list_wrapper\"><li class=\"fb2\" style=\"width:135px\"><iframe src=\"\/\/www.facebook.com\/plugins\/like.php?href=https%3A%2F%2Fwww.caritasne2.org.br%2Fsite%2Fcarta-alerta-para-modelo-de-expansao-dos-negocios-do-vento-no-semiarido-potiguar-e-seridoense%2F&amp;layout=button_count&amp;action=like&amp;show_faces=false&amp;share=true&amp;width=135&amp;height=21&amp;appId=307091639398582\" scrolling=\"no\" frameborder=\"0\" style=\"border:none; overflow:hidden;  width:150px; height:21px;\" allowTransparency=\"true\"><\/iframe><\/li><li class=\"twtr\" style=\"width:90px\"><a href=\"https:\/\/twitter.com\/share\" class=\"twitter-share-button\" data-url=\"https:\/\/www.caritasne2.org.br\/site\/carta-alerta-para-modelo-de-expansao-dos-negocios-do-vento-no-semiarido-potiguar-e-seridoense\/\">&nbsp;<\/a><script>!function(d,s,id){var js,fjs=d.getElementsByTagName(s)[0],p=\/^http:\/.test(d.location)?'http':'https';if(!d.getElementById(id)){js=d.createElement(s);js.id=id;js.src=p+':\/\/platform.twitter.com\/widgets.js';fjs.parentNode.insertBefore(js,fjs);}}(document, 'script', 'twitter-wjs');<\/script><\/li><li class=\"gplus\" style=\"width:68px\"><div class=\"g-plusone\" data-size=\"medium\" data-href=\"https:\/\/www.caritasne2.org.br\/site\/carta-alerta-para-modelo-de-expansao-dos-negocios-do-vento-no-semiarido-potiguar-e-seridoense\/\"><\/div><\/li><li class=\"ssb_linkedin\" style=\"width:64px\"><script src=\"\/\/platform.linkedin.com\/in.js\" type=\"text\/javascript\">lang: en_US<\/script><script type=\"IN\/Share\" data-url=\"https:\/\/www.caritasne2.org.br\/site\/carta-alerta-para-modelo-de-expansao-dos-negocios-do-vento-no-semiarido-potiguar-e-seridoense\/\" data-counter=\"right\"><\/script><\/li><\/ul>","protected":false},"excerpt":{"rendered":"<p>O documento foi aprovado em plen\u00e1ria, com mais de 150 pessoas, no \u201cI Semin\u00e1rio regional a vida pulsa no Serid\u00f3\u201d, realizado no dia 25 de julho em Caic\u00f3, Rio Grande do Norte \u201cNosso potencial gen\u00e9tico e ambiental regional do Serid\u00f3 n\u00e3o pode ser facilmente transportado com os ventos dos megaprojetos e\u00f3licos e fotovoltaicos\u201d. O trecho est\u00e1 expresso em documento aberto, a Carta do Serid\u00f3: a [&hellip;]<\/p>\n<ul class=\"ssb_list_wrapper\"><li class=\"fb2\" style=\"width:135px\"><iframe src=\"\/\/www.facebook.com\/plugins\/like.php?href=https%3A%2F%2Fwww.caritasne2.org.br%2Fsite%2Fcarta-alerta-para-modelo-de-expansao-dos-negocios-do-vento-no-semiarido-potiguar-e-seridoense%2F&amp;layout=button_count&amp;action=like&amp;show_faces=false&amp;share=true&amp;width=135&amp;height=21&amp;appId=307091639398582\" scrolling=\"no\" frameborder=\"0\" style=\"border:none; overflow:hidden;  width:150px; height:21px;\" allowTransparency=\"true\"><\/iframe><\/li><li class=\"twtr\" style=\"width:90px\"><a href=\"https:\/\/twitter.com\/share\" class=\"twitter-share-button\" data-url=\"https:\/\/www.caritasne2.org.br\/site\/carta-alerta-para-modelo-de-expansao-dos-negocios-do-vento-no-semiarido-potiguar-e-seridoense\/\">&nbsp;<\/a><script>!function(d,s,id){var js,fjs=d.getElementsByTagName(s)[0],p=\/^http:\/.test(d.location)?'http':'https';if(!d.getElementById(id)){js=d.createElement(s);js.id=id;js.src=p+':\/\/platform.twitter.com\/widgets.js';fjs.parentNode.insertBefore(js,fjs);}}(document, 'script', 'twitter-wjs');<\/script><\/li><li class=\"gplus\" style=\"width:68px\"><div class=\"g-plusone\" data-size=\"medium\" data-href=\"https:\/\/www.caritasne2.org.br\/site\/carta-alerta-para-modelo-de-expansao-dos-negocios-do-vento-no-semiarido-potiguar-e-seridoense\/\"><\/div><\/li><li class=\"ssb_linkedin\" style=\"width:64px\"><script src=\"\/\/platform.linkedin.com\/in.js\" type=\"text\/javascript\">lang: en_US<\/script><script type=\"IN\/Share\" data-url=\"https:\/\/www.caritasne2.org.br\/site\/carta-alerta-para-modelo-de-expansao-dos-negocios-do-vento-no-semiarido-potiguar-e-seridoense\/\" data-counter=\"right\"><\/script><\/li><\/ul>","protected":false},"author":4,"featured_media":9893,"comment_status":"open","ping_status":"open","sticky":false,"template":"","format":"standard","meta":[],"categories":[21,20],"tags":[],"_links":{"self":[{"href":"https:\/\/www.caritasne2.org.br\/site\/wp-json\/wp\/v2\/posts\/9892"}],"collection":[{"href":"https:\/\/www.caritasne2.org.br\/site\/wp-json\/wp\/v2\/posts"}],"about":[{"href":"https:\/\/www.caritasne2.org.br\/site\/wp-json\/wp\/v2\/types\/post"}],"author":[{"embeddable":true,"href":"https:\/\/www.caritasne2.org.br\/site\/wp-json\/wp\/v2\/users\/4"}],"replies":[{"embeddable":true,"href":"https:\/\/www.caritasne2.org.br\/site\/wp-json\/wp\/v2\/comments?post=9892"}],"version-history":[{"count":0,"href":"https:\/\/www.caritasne2.org.br\/site\/wp-json\/wp\/v2\/posts\/9892\/revisions"}],"wp:featuredmedia":[{"embeddable":true,"href":"https:\/\/www.caritasne2.org.br\/site\/wp-json\/wp\/v2\/media\/9893"}],"wp:attachment":[{"href":"https:\/\/www.caritasne2.org.br\/site\/wp-json\/wp\/v2\/media?parent=9892"}],"wp:term":[{"taxonomy":"category","embeddable":true,"href":"https:\/\/www.caritasne2.org.br\/site\/wp-json\/wp\/v2\/categories?post=9892"},{"taxonomy":"post_tag","embeddable":true,"href":"https:\/\/www.caritasne2.org.br\/site\/wp-json\/wp\/v2\/tags?post=9892"}],"curies":[{"name":"wp","href":"https:\/\/api.w.org\/{rel}","templated":true}]}}