{"id":9778,"date":"2022-07-13T10:48:42","date_gmt":"2022-07-13T13:48:42","guid":{"rendered":"https:\/\/www.caritasne2.org.br\/?p=9778"},"modified":"2022-07-13T10:50:54","modified_gmt":"2022-07-13T13:50:54","slug":"resultado-selecionados-para-etapa-de-entrevistas-individuais-edital-de-selecao-no013-2022","status":"publish","type":"post","link":"https:\/\/www.caritasne2.org.br\/site\/resultado-selecionados-para-etapa-de-entrevistas-individuais-edital-de-selecao-no013-2022\/","title":{"rendered":"Resultado selecionados para etapa de entrevistas individuais Edital de Sele\u00e7\u00e3o N\u00ba013\/2022"},"content":{"rendered":"<p>A C\u00e1ritas Brasileira Regional Nordeste 2, organismo da Confer\u00eancia Nacional dos Bispos do Brasil ( CNBB), com atua\u00e7\u00e3o nos Estados de Alagoas, Para\u00edba, Pernambuco e Rio Grande do Norte, torna p\u00fablico resultado para a Etapa das Entrevistas Individuais do processo seletivo simplificado modalidade Sele\u00e7\u00e3o de Curr\u00edculos e entrevista de\u00a0 N\u00ba 013\/2022, para\u00a0 vagas na fun\u00e7\u00e3o de Agente de Desenvolvimento Local &#8211; ADLs, com lota\u00e7\u00e3o na sede da C\u00e1ritas Brasileira Regional Nordeste 2, escrit\u00f3rio situado a Rua Monte Castelo, 176, Boa vista, Recife \u2013 Pernambuco.<\/p>\n<p>As entrevistas ocorrem nesta quarta-feira, 13 de julho de 2022.<\/p>\n<p>Selecionados (as):<\/p>\n<ol>\n<li>Rodrigo Camelo<\/li>\n<li>Valquiria Florencio<\/li>\n<li>Leila Kedima<\/li>\n<\/ol>\n<p>Recife, 13 de Julho de 2022<\/p>\n<p>Comiss\u00e3o de Sele\u00e7\u00e3o<\/p>\n<p>C\u00e1ritas Brasileira NE2<\/p>\n<ul class=\"ssb_list_wrapper\"><li class=\"fb2\" style=\"width:135px\"><iframe src=\"\/\/www.facebook.com\/plugins\/like.php?href=https%3A%2F%2Fwww.caritasne2.org.br%2Fsite%2Fresultado-selecionados-para-etapa-de-entrevistas-individuais-edital-de-selecao-no013-2022%2F&amp;layout=button_count&amp;action=like&amp;show_faces=false&amp;share=true&amp;width=135&amp;height=21&amp;appId=307091639398582\" scrolling=\"no\" frameborder=\"0\" style=\"border:none; overflow:hidden;  width:150px; height:21px;\" allowTransparency=\"true\"><\/iframe><\/li><li class=\"twtr\" style=\"width:90px\"><a href=\"https:\/\/twitter.com\/share\" class=\"twitter-share-button\" data-url=\"https:\/\/www.caritasne2.org.br\/site\/resultado-selecionados-para-etapa-de-entrevistas-individuais-edital-de-selecao-no013-2022\/\">&nbsp;<\/a><script>!function(d,s,id){var js,fjs=d.getElementsByTagName(s)[0],p=\/^http:\/.test(d.location)?'http':'https';if(!d.getElementById(id)){js=d.createElement(s);js.id=id;js.src=p+':\/\/platform.twitter.com\/widgets.js';fjs.parentNode.insertBefore(js,fjs);}}(document, 'script', 'twitter-wjs');<\/script><\/li><li class=\"gplus\" style=\"width:68px\"><div class=\"g-plusone\" data-size=\"medium\" data-href=\"https:\/\/www.caritasne2.org.br\/site\/resultado-selecionados-para-etapa-de-entrevistas-individuais-edital-de-selecao-no013-2022\/\"><\/div><\/li><li class=\"ssb_linkedin\" style=\"width:64px\"><script src=\"\/\/platform.linkedin.com\/in.js\" type=\"text\/javascript\">lang: en_US<\/script><script type=\"IN\/Share\" data-url=\"https:\/\/www.caritasne2.org.br\/site\/resultado-selecionados-para-etapa-de-entrevistas-individuais-edital-de-selecao-no013-2022\/\" data-counter=\"right\"><\/script><\/li><\/ul>","protected":false},"excerpt":{"rendered":"<p>A C\u00e1ritas Brasileira Regional Nordeste 2, organismo da Confer\u00eancia Nacional dos Bispos do Brasil ( CNBB), com atua\u00e7\u00e3o nos Estados de Alagoas, Para\u00edba, Pernambuco e Rio Grande do Norte, torna p\u00fablico resultado para a Etapa das Entrevistas Individuais do processo seletivo simplificado modalidade Sele\u00e7\u00e3o de Curr\u00edculos e entrevista de\u00a0 N\u00ba 013\/2022, para\u00a0 vagas na fun\u00e7\u00e3o de Agente de Desenvolvimento Local &#8211; ADLs, com lota\u00e7\u00e3o na [&hellip;]<\/p>\n<ul class=\"ssb_list_wrapper\"><li class=\"fb2\" style=\"width:135px\"><iframe src=\"\/\/www.facebook.com\/plugins\/like.php?href=https%3A%2F%2Fwww.caritasne2.org.br%2Fsite%2Fresultado-selecionados-para-etapa-de-entrevistas-individuais-edital-de-selecao-no013-2022%2F&amp;layout=button_count&amp;action=like&amp;show_faces=false&amp;share=true&amp;width=135&amp;height=21&amp;appId=307091639398582\" scrolling=\"no\" frameborder=\"0\" style=\"border:none; overflow:hidden;  width:150px; height:21px;\" allowTransparency=\"true\"><\/iframe><\/li><li class=\"twtr\" style=\"width:90px\"><a href=\"https:\/\/twitter.com\/share\" class=\"twitter-share-button\" data-url=\"https:\/\/www.caritasne2.org.br\/site\/resultado-selecionados-para-etapa-de-entrevistas-individuais-edital-de-selecao-no013-2022\/\">&nbsp;<\/a><script>!function(d,s,id){var js,fjs=d.getElementsByTagName(s)[0],p=\/^http:\/.test(d.location)?'http':'https';if(!d.getElementById(id)){js=d.createElement(s);js.id=id;js.src=p+':\/\/platform.twitter.com\/widgets.js';fjs.parentNode.insertBefore(js,fjs);}}(document, 'script', 'twitter-wjs');<\/script><\/li><li class=\"gplus\" style=\"width:68px\"><div class=\"g-plusone\" data-size=\"medium\" data-href=\"https:\/\/www.caritasne2.org.br\/site\/resultado-selecionados-para-etapa-de-entrevistas-individuais-edital-de-selecao-no013-2022\/\"><\/div><\/li><li class=\"ssb_linkedin\" style=\"width:64px\"><script src=\"\/\/platform.linkedin.com\/in.js\" type=\"text\/javascript\">lang: en_US<\/script><script type=\"IN\/Share\" data-url=\"https:\/\/www.caritasne2.org.br\/site\/resultado-selecionados-para-etapa-de-entrevistas-individuais-edital-de-selecao-no013-2022\/\" data-counter=\"right\"><\/script><\/li><\/ul>","protected":false},"author":4,"featured_media":9779,"comment_status":"open","ping_status":"open","sticky":false,"template":"","format":"standard","meta":[],"categories":[21,20],"tags":[],"_links":{"self":[{"href":"https:\/\/www.caritasne2.org.br\/site\/wp-json\/wp\/v2\/posts\/9778"}],"collection":[{"href":"https:\/\/www.caritasne2.org.br\/site\/wp-json\/wp\/v2\/posts"}],"about":[{"href":"https:\/\/www.caritasne2.org.br\/site\/wp-json\/wp\/v2\/types\/post"}],"author":[{"embeddable":true,"href":"https:\/\/www.caritasne2.org.br\/site\/wp-json\/wp\/v2\/users\/4"}],"replies":[{"embeddable":true,"href":"https:\/\/www.caritasne2.org.br\/site\/wp-json\/wp\/v2\/comments?post=9778"}],"version-history":[{"count":0,"href":"https:\/\/www.caritasne2.org.br\/site\/wp-json\/wp\/v2\/posts\/9778\/revisions"}],"wp:featuredmedia":[{"embeddable":true,"href":"https:\/\/www.caritasne2.org.br\/site\/wp-json\/wp\/v2\/media\/9779"}],"wp:attachment":[{"href":"https:\/\/www.caritasne2.org.br\/site\/wp-json\/wp\/v2\/media?parent=9778"}],"wp:term":[{"taxonomy":"category","embeddable":true,"href":"https:\/\/www.caritasne2.org.br\/site\/wp-json\/wp\/v2\/categories?post=9778"},{"taxonomy":"post_tag","embeddable":true,"href":"https:\/\/www.caritasne2.org.br\/site\/wp-json\/wp\/v2\/tags?post=9778"}],"curies":[{"name":"wp","href":"https:\/\/api.w.org\/{rel}","templated":true}]}}