{"id":9750,"date":"2022-07-08T12:55:32","date_gmt":"2022-07-08T15:55:32","guid":{"rendered":"https:\/\/www.caritasne2.org.br\/?p=9750"},"modified":"2022-07-08T13:56:14","modified_gmt":"2022-07-08T16:56:14","slug":"prorrogacao-do-edital-de-selecao-para-agente-de-desenvolvimento-local","status":"publish","type":"post","link":"https:\/\/www.caritasne2.org.br\/site\/prorrogacao-do-edital-de-selecao-para-agente-de-desenvolvimento-local\/","title":{"rendered":"Prorrogada inscri\u00e7\u00e3o do processo seletivo para Agente de Desenvolvimento Local"},"content":{"rendered":"<p style=\"text-align: justify;\">A C\u00e1ritas Brasileira Regional NE2, organismo da Confer\u00eancia Nacional dos Bispos do Brasil (CNBB), no uso de suas atribui\u00e7\u00f5es legais, prorroga\u00a0 inscri\u00e7\u00e3o do processo seletivo simplificado \u2013Edital N\u00ba 013\/ 2022 CBNE2 para contrata\u00e7\u00e3o de pessoal para presta\u00e7\u00e3o de servi\u00e7os do\u00a0 Projeto Quintais Ecoprodutivos<\/p>\n<ul style=\"text-align: justify;\">\n<li><strong>Agente de Desenvolvimento Local \u2013 (02) duas vagas<\/strong><\/li>\n<\/ul>\n<p style=\"text-align: justify;\">Os interessados podem enviar curr\u00edculo at\u00e9\u00a0 12 de julho de 2022 , at\u00e9 \u00e0s 23h59 ( hor\u00e1rio de Bras\u00edlia) , atrav\u00e9s do endere\u00e7o eletr\u00f4nico caritasne2@caritas.org.br, com o seguinte t\u00edtulo: C\u00e1ritas Brasileira Regional Nordeste 2 \u2013 Edital de Sele\u00e7\u00e3o N\u00ba 013\/2022.<\/p>\n<p><span data-offset-key=\"fbvp3-0-0\">Importante<\/span><span data-offset-key=\"fbvp3-1-0\"> ressaltar para os\/as candidatos\/as que s\u00f3 ser\u00e3o avaliados curr\u00edculos de quem enviar documenta\u00e7\u00e3o completa exigida pelo edital.<\/span><\/p>\n<p style=\"text-align: justify;\">Confira edital completo\u00a0\u00a0<a href=\"https:\/\/www.caritasne2.org.br\/wp-content\/uploads\/2022\/07\/Edital-no-0132022-Agentes-de-Desenvolvimento-Local-PRORROGACAO.pdf\">aqui.<\/a><\/p>\n<p style=\"text-align: justify;\">Recife,\u00a0 08 de julho de 2022<\/p>\n<p style=\"text-align: justify;\">Comiss\u00e3o de Sele\u00e7\u00e3o<\/p>\n<ul class=\"ssb_list_wrapper\"><li class=\"fb2\" style=\"width:135px\"><iframe src=\"\/\/www.facebook.com\/plugins\/like.php?href=https%3A%2F%2Fwww.caritasne2.org.br%2Fsite%2Fprorrogacao-do-edital-de-selecao-para-agente-de-desenvolvimento-local%2F&amp;layout=button_count&amp;action=like&amp;show_faces=false&amp;share=true&amp;width=135&amp;height=21&amp;appId=307091639398582\" scrolling=\"no\" frameborder=\"0\" style=\"border:none; overflow:hidden;  width:150px; height:21px;\" allowTransparency=\"true\"><\/iframe><\/li><li class=\"twtr\" style=\"width:90px\"><a href=\"https:\/\/twitter.com\/share\" class=\"twitter-share-button\" data-url=\"https:\/\/www.caritasne2.org.br\/site\/prorrogacao-do-edital-de-selecao-para-agente-de-desenvolvimento-local\/\">&nbsp;<\/a><script>!function(d,s,id){var js,fjs=d.getElementsByTagName(s)[0],p=\/^http:\/.test(d.location)?'http':'https';if(!d.getElementById(id)){js=d.createElement(s);js.id=id;js.src=p+':\/\/platform.twitter.com\/widgets.js';fjs.parentNode.insertBefore(js,fjs);}}(document, 'script', 'twitter-wjs');<\/script><\/li><li class=\"gplus\" style=\"width:68px\"><div class=\"g-plusone\" data-size=\"medium\" data-href=\"https:\/\/www.caritasne2.org.br\/site\/prorrogacao-do-edital-de-selecao-para-agente-de-desenvolvimento-local\/\"><\/div><\/li><li class=\"ssb_linkedin\" style=\"width:64px\"><script src=\"\/\/platform.linkedin.com\/in.js\" type=\"text\/javascript\">lang: en_US<\/script><script type=\"IN\/Share\" data-url=\"https:\/\/www.caritasne2.org.br\/site\/prorrogacao-do-edital-de-selecao-para-agente-de-desenvolvimento-local\/\" data-counter=\"right\"><\/script><\/li><\/ul>","protected":false},"excerpt":{"rendered":"<p>A C\u00e1ritas Brasileira Regional NE2, organismo da Confer\u00eancia Nacional dos Bispos do Brasil (CNBB), no uso de suas atribui\u00e7\u00f5es legais, prorroga\u00a0 inscri\u00e7\u00e3o do processo seletivo simplificado \u2013Edital N\u00ba 013\/ 2022 CBNE2 para contrata\u00e7\u00e3o de pessoal para presta\u00e7\u00e3o de servi\u00e7os do\u00a0 Projeto Quintais Ecoprodutivos Agente de Desenvolvimento Local \u2013 (02) duas vagas Os interessados podem enviar curr\u00edculo at\u00e9\u00a0 12 de julho de 2022 , at\u00e9 \u00e0s [&hellip;]<\/p>\n<ul class=\"ssb_list_wrapper\"><li class=\"fb2\" style=\"width:135px\"><iframe src=\"\/\/www.facebook.com\/plugins\/like.php?href=https%3A%2F%2Fwww.caritasne2.org.br%2Fsite%2Fprorrogacao-do-edital-de-selecao-para-agente-de-desenvolvimento-local%2F&amp;layout=button_count&amp;action=like&amp;show_faces=false&amp;share=true&amp;width=135&amp;height=21&amp;appId=307091639398582\" scrolling=\"no\" frameborder=\"0\" style=\"border:none; overflow:hidden;  width:150px; height:21px;\" allowTransparency=\"true\"><\/iframe><\/li><li class=\"twtr\" style=\"width:90px\"><a href=\"https:\/\/twitter.com\/share\" class=\"twitter-share-button\" data-url=\"https:\/\/www.caritasne2.org.br\/site\/prorrogacao-do-edital-de-selecao-para-agente-de-desenvolvimento-local\/\">&nbsp;<\/a><script>!function(d,s,id){var js,fjs=d.getElementsByTagName(s)[0],p=\/^http:\/.test(d.location)?'http':'https';if(!d.getElementById(id)){js=d.createElement(s);js.id=id;js.src=p+':\/\/platform.twitter.com\/widgets.js';fjs.parentNode.insertBefore(js,fjs);}}(document, 'script', 'twitter-wjs');<\/script><\/li><li class=\"gplus\" style=\"width:68px\"><div class=\"g-plusone\" data-size=\"medium\" data-href=\"https:\/\/www.caritasne2.org.br\/site\/prorrogacao-do-edital-de-selecao-para-agente-de-desenvolvimento-local\/\"><\/div><\/li><li class=\"ssb_linkedin\" style=\"width:64px\"><script src=\"\/\/platform.linkedin.com\/in.js\" type=\"text\/javascript\">lang: en_US<\/script><script type=\"IN\/Share\" data-url=\"https:\/\/www.caritasne2.org.br\/site\/prorrogacao-do-edital-de-selecao-para-agente-de-desenvolvimento-local\/\" data-counter=\"right\"><\/script><\/li><\/ul>","protected":false},"author":4,"featured_media":9752,"comment_status":"open","ping_status":"open","sticky":false,"template":"","format":"standard","meta":[],"categories":[21,20,28],"tags":[],"_links":{"self":[{"href":"https:\/\/www.caritasne2.org.br\/site\/wp-json\/wp\/v2\/posts\/9750"}],"collection":[{"href":"https:\/\/www.caritasne2.org.br\/site\/wp-json\/wp\/v2\/posts"}],"about":[{"href":"https:\/\/www.caritasne2.org.br\/site\/wp-json\/wp\/v2\/types\/post"}],"author":[{"embeddable":true,"href":"https:\/\/www.caritasne2.org.br\/site\/wp-json\/wp\/v2\/users\/4"}],"replies":[{"embeddable":true,"href":"https:\/\/www.caritasne2.org.br\/site\/wp-json\/wp\/v2\/comments?post=9750"}],"version-history":[{"count":0,"href":"https:\/\/www.caritasne2.org.br\/site\/wp-json\/wp\/v2\/posts\/9750\/revisions"}],"wp:featuredmedia":[{"embeddable":true,"href":"https:\/\/www.caritasne2.org.br\/site\/wp-json\/wp\/v2\/media\/9752"}],"wp:attachment":[{"href":"https:\/\/www.caritasne2.org.br\/site\/wp-json\/wp\/v2\/media?parent=9750"}],"wp:term":[{"taxonomy":"category","embeddable":true,"href":"https:\/\/www.caritasne2.org.br\/site\/wp-json\/wp\/v2\/categories?post=9750"},{"taxonomy":"post_tag","embeddable":true,"href":"https:\/\/www.caritasne2.org.br\/site\/wp-json\/wp\/v2\/tags?post=9750"}],"curies":[{"name":"wp","href":"https:\/\/api.w.org\/{rel}","templated":true}]}}