{"id":9712,"date":"2022-07-05T15:38:00","date_gmt":"2022-07-05T18:38:00","guid":{"rendered":"https:\/\/www.caritasne2.org.br\/?p=9712"},"modified":"2022-07-05T15:42:29","modified_gmt":"2022-07-05T18:42:29","slug":"caritas-brasileira-ne2-lanca-edital-de-selecao-para-agente-de-desenvolvimento-local","status":"publish","type":"post","link":"https:\/\/www.caritasne2.org.br\/site\/caritas-brasileira-ne2-lanca-edital-de-selecao-para-agente-de-desenvolvimento-local\/","title":{"rendered":"C\u00e1ritas Brasileira NE2 lan\u00e7a edital de sele\u00e7\u00e3o para Agente de Desenvolvimento Local"},"content":{"rendered":"<p>A C\u00e1ritas Brasileira Regional NE2, organismo da Confer\u00eancia Nacional dos Bispos do Brasil (CNBB), no uso de suas atribui\u00e7\u00f5es legais, \u00a0torna p\u00fablica a realiza\u00e7\u00e3o do processo seletivo simplificado \u2013Edital N\u00ba 013\/ 2022 CBNE2 para contrata\u00e7\u00e3o de pessoal para presta\u00e7\u00e3o de contas do\u00a0 Projeto Quintais Ecoprodutivos<\/p>\n<ul>\n<li><strong>Agente de Desenvolvimento Local \u2013 (02) duas vagas<\/strong><\/li>\n<\/ul>\n<p>Os interessados podem enviar curr\u00edculo at\u00e9\u00a0 07 de julho de 2022 , at\u00e9 \u00e0s 23h59 ( hor\u00e1rio de Bras\u00edlia) , atrav\u00e9s do endere\u00e7o eletr\u00f4nico caritasne2@caritas.org.br, com o seguinte t\u00edtulo: C\u00e1ritas Brasileira Regional Nordeste 2 \u2013 Edital de Sele\u00e7\u00e3o N\u00ba 013\/2022.<\/p>\n<p>Confira edital completo\u00a0\u00a0<a href=\"https:\/\/www.caritasne2.org.br\/wp-content\/uploads\/2022\/07\/Edital-no-0132022-Agentes-de-Desenvolvimento-Local-FINAL-1-1.pdf\">aqui.<\/a><\/p>\n<p>Recife,\u00a0 05 de julho de 2022<\/p>\n<p>Comiss\u00e3o de Sele\u00e7\u00e3o<\/p>\n<ul class=\"ssb_list_wrapper\"><li class=\"fb2\" style=\"width:135px\"><iframe src=\"\/\/www.facebook.com\/plugins\/like.php?href=https%3A%2F%2Fwww.caritasne2.org.br%2Fsite%2Fcaritas-brasileira-ne2-lanca-edital-de-selecao-para-agente-de-desenvolvimento-local%2F&amp;layout=button_count&amp;action=like&amp;show_faces=false&amp;share=true&amp;width=135&amp;height=21&amp;appId=307091639398582\" scrolling=\"no\" frameborder=\"0\" style=\"border:none; overflow:hidden;  width:150px; height:21px;\" allowTransparency=\"true\"><\/iframe><\/li><li class=\"twtr\" style=\"width:90px\"><a href=\"https:\/\/twitter.com\/share\" class=\"twitter-share-button\" data-url=\"https:\/\/www.caritasne2.org.br\/site\/caritas-brasileira-ne2-lanca-edital-de-selecao-para-agente-de-desenvolvimento-local\/\">&nbsp;<\/a><script>!function(d,s,id){var js,fjs=d.getElementsByTagName(s)[0],p=\/^http:\/.test(d.location)?'http':'https';if(!d.getElementById(id)){js=d.createElement(s);js.id=id;js.src=p+':\/\/platform.twitter.com\/widgets.js';fjs.parentNode.insertBefore(js,fjs);}}(document, 'script', 'twitter-wjs');<\/script><\/li><li class=\"gplus\" style=\"width:68px\"><div class=\"g-plusone\" data-size=\"medium\" data-href=\"https:\/\/www.caritasne2.org.br\/site\/caritas-brasileira-ne2-lanca-edital-de-selecao-para-agente-de-desenvolvimento-local\/\"><\/div><\/li><li class=\"ssb_linkedin\" style=\"width:64px\"><script src=\"\/\/platform.linkedin.com\/in.js\" type=\"text\/javascript\">lang: en_US<\/script><script type=\"IN\/Share\" data-url=\"https:\/\/www.caritasne2.org.br\/site\/caritas-brasileira-ne2-lanca-edital-de-selecao-para-agente-de-desenvolvimento-local\/\" data-counter=\"right\"><\/script><\/li><\/ul>","protected":false},"excerpt":{"rendered":"<p>A C\u00e1ritas Brasileira Regional NE2, organismo da Confer\u00eancia Nacional dos Bispos do Brasil (CNBB), no uso de suas atribui\u00e7\u00f5es legais, \u00a0torna p\u00fablica a realiza\u00e7\u00e3o do processo seletivo simplificado \u2013Edital N\u00ba 013\/ 2022 CBNE2 para contrata\u00e7\u00e3o de pessoal para presta\u00e7\u00e3o de contas do\u00a0 Projeto Quintais Ecoprodutivos Agente de Desenvolvimento Local \u2013 (02) duas vagas Os interessados podem enviar curr\u00edculo at\u00e9\u00a0 07 de julho de 2022 , [&hellip;]<\/p>\n<ul class=\"ssb_list_wrapper\"><li class=\"fb2\" style=\"width:135px\"><iframe src=\"\/\/www.facebook.com\/plugins\/like.php?href=https%3A%2F%2Fwww.caritasne2.org.br%2Fsite%2Fcaritas-brasileira-ne2-lanca-edital-de-selecao-para-agente-de-desenvolvimento-local%2F&amp;layout=button_count&amp;action=like&amp;show_faces=false&amp;share=true&amp;width=135&amp;height=21&amp;appId=307091639398582\" scrolling=\"no\" frameborder=\"0\" style=\"border:none; overflow:hidden;  width:150px; height:21px;\" allowTransparency=\"true\"><\/iframe><\/li><li class=\"twtr\" style=\"width:90px\"><a href=\"https:\/\/twitter.com\/share\" class=\"twitter-share-button\" data-url=\"https:\/\/www.caritasne2.org.br\/site\/caritas-brasileira-ne2-lanca-edital-de-selecao-para-agente-de-desenvolvimento-local\/\">&nbsp;<\/a><script>!function(d,s,id){var js,fjs=d.getElementsByTagName(s)[0],p=\/^http:\/.test(d.location)?'http':'https';if(!d.getElementById(id)){js=d.createElement(s);js.id=id;js.src=p+':\/\/platform.twitter.com\/widgets.js';fjs.parentNode.insertBefore(js,fjs);}}(document, 'script', 'twitter-wjs');<\/script><\/li><li class=\"gplus\" style=\"width:68px\"><div class=\"g-plusone\" data-size=\"medium\" data-href=\"https:\/\/www.caritasne2.org.br\/site\/caritas-brasileira-ne2-lanca-edital-de-selecao-para-agente-de-desenvolvimento-local\/\"><\/div><\/li><li class=\"ssb_linkedin\" style=\"width:64px\"><script src=\"\/\/platform.linkedin.com\/in.js\" type=\"text\/javascript\">lang: en_US<\/script><script type=\"IN\/Share\" data-url=\"https:\/\/www.caritasne2.org.br\/site\/caritas-brasileira-ne2-lanca-edital-de-selecao-para-agente-de-desenvolvimento-local\/\" data-counter=\"right\"><\/script><\/li><\/ul>","protected":false},"author":4,"featured_media":9714,"comment_status":"open","ping_status":"open","sticky":false,"template":"","format":"standard","meta":[],"categories":[21,25,20,28],"tags":[],"_links":{"self":[{"href":"https:\/\/www.caritasne2.org.br\/site\/wp-json\/wp\/v2\/posts\/9712"}],"collection":[{"href":"https:\/\/www.caritasne2.org.br\/site\/wp-json\/wp\/v2\/posts"}],"about":[{"href":"https:\/\/www.caritasne2.org.br\/site\/wp-json\/wp\/v2\/types\/post"}],"author":[{"embeddable":true,"href":"https:\/\/www.caritasne2.org.br\/site\/wp-json\/wp\/v2\/users\/4"}],"replies":[{"embeddable":true,"href":"https:\/\/www.caritasne2.org.br\/site\/wp-json\/wp\/v2\/comments?post=9712"}],"version-history":[{"count":0,"href":"https:\/\/www.caritasne2.org.br\/site\/wp-json\/wp\/v2\/posts\/9712\/revisions"}],"wp:featuredmedia":[{"embeddable":true,"href":"https:\/\/www.caritasne2.org.br\/site\/wp-json\/wp\/v2\/media\/9714"}],"wp:attachment":[{"href":"https:\/\/www.caritasne2.org.br\/site\/wp-json\/wp\/v2\/media?parent=9712"}],"wp:term":[{"taxonomy":"category","embeddable":true,"href":"https:\/\/www.caritasne2.org.br\/site\/wp-json\/wp\/v2\/categories?post=9712"},{"taxonomy":"post_tag","embeddable":true,"href":"https:\/\/www.caritasne2.org.br\/site\/wp-json\/wp\/v2\/tags?post=9712"}],"curies":[{"name":"wp","href":"https:\/\/api.w.org\/{rel}","templated":true}]}}