{"id":9708,"date":"2022-07-05T07:28:59","date_gmt":"2022-07-05T10:28:59","guid":{"rendered":"https:\/\/www.caritasne2.org.br\/?p=9708"},"modified":"2022-07-05T07:28:59","modified_gmt":"2022-07-05T10:28:59","slug":"diocese-de-garanhuns-e-caritas-lancam-campanha-sos-agreste-meridional-para-ajudar-as-familias-desabrigadas-com-as-chuvas","status":"publish","type":"post","link":"https:\/\/www.caritasne2.org.br\/site\/diocese-de-garanhuns-e-caritas-lancam-campanha-sos-agreste-meridional-para-ajudar-as-familias-desabrigadas-com-as-chuvas\/","title":{"rendered":"Diocese de Garanhuns e C\u00e1ritas lan\u00e7am campanha SOS AGRESTE MERIDIONAL para ajudar as fam\u00edlias desabrigadas com as chuvas"},"content":{"rendered":"<p style=\"text-align: center;\"><em>A iniciativa da Diocese de Garanhuns, C\u00e1ritas Diocesana de Garanhuns com apoio da C\u00e1ritas Brasileira NE2 vai atender \u00e0s fam\u00edlias atingidas com as fortes chuvas que caem no Agreste do estado<\/em><\/p>\n<p style=\"text-align: justify;\">Devido \u00e0s fortes chuvas que atingiram o Agreste Meridional nos \u00faltimos dias, os munic\u00edpios de Canhotinho, Quipap\u00e1, Ita\u00edba, Palmeirina, S\u00e3o Benedito do Sul, Correntes, Lagoa do Ouro, \u00c1gua Preta e S\u00e3o Pedro, distrito de Garanhuns, est\u00e3o entre os mais atingidos com as chuvas, e como consequ\u00eancia h\u00e1 diversos pontos de alagamentos, deslizamentos, e centenas de desabrigados.<\/p>\n<p style=\"text-align: justify;\">Diante disso foi lan\u00e7ada a Campanha Emergencial SOS AGRESTE MERIDIONAL para arrecada\u00e7\u00e3o de alimentos n\u00e3o perec\u00edveis, material de limpeza, produtos de higiene, colch\u00f5es, agasalhos, \u00e1gua, roupas e len\u00e7\u00f3is que podem ser entregues nas secretarias das *37 par\u00f3quias distribu\u00eddas nos 26 munic\u00edpios da Diocese de Garanhuns ou no escrit\u00f3rio da sede da C\u00e1ritas Brasileira Regional Nordeste 2 nos hor\u00e1rios das 8h \u00e0s 12h, e das 14h \u00e0s 17h.<\/p>\n<p style=\"text-align: justify;\">Para Dom Paulo Jackson, bispo da Diocese de Garanhuns o momento \u00e9 de nos unirmos em solidariedade. \u201cNeste momento convocamos a todos para ajudarmos nossos irm\u00e3os dos munic\u00edpios mais atingidos com as chuvas nos \u00faltimos dias, como Quipap\u00e1, Palmeirina, Correntes e outras cidades. Quem puder ser solid\u00e1rio pode doar alimentos n\u00e3o perec\u00edveis, roupas, agasalhos, \u00e1gua, cobertores e material de limpeza e higiene nas secretarias das par\u00f3quias, ou via pix. Nosso objetivo \u00e9 promover um mutir\u00e3o frente aos que est\u00e3o desabrigados e em sofrimento neste momento\u201d, comenta.<\/p>\n<p style=\"text-align: justify;\">A secret\u00e1ria executiva da C\u00e1ritas Brasileira NE2, Neilda Pereira, refor\u00e7a que o momento \u00e9 de solidariedade e uni\u00e3o de todos para ajudar \u00e0s fam\u00edlias atingidas. \u201cMais uma vez estamos vivenciando uma situa\u00e7\u00e3o emergencial. Assim como aconteceu em Recife, as chuvas no Agreste atingiram centenas de fam\u00edlias e munic\u00edpios deixando um rastro de deslizamentos, desabrigados e alagamentos. Enquanto organismo da Igreja, a C\u00e1ritas Diocesana de Garanhuns e C\u00e1ritas Regional Nordeste 2, junto com a Diocese de Garanhuns iremos continuar atuando para ajudar as fam\u00edlias que est\u00e3o precisando do nosso apoio, mas, solu\u00e7\u00f5es estruturantes devem ser discutidas e planejadas, para que n\u00e3o tenhamos v\u00edtimas fatais como ocorreu com as chuvas em Recife\u201d, declara.<\/p>\n<ul class=\"ssb_list_wrapper\"><li class=\"fb2\" style=\"width:135px\"><iframe src=\"\/\/www.facebook.com\/plugins\/like.php?href=https%3A%2F%2Fwww.caritasne2.org.br%2Fsite%2Fdiocese-de-garanhuns-e-caritas-lancam-campanha-sos-agreste-meridional-para-ajudar-as-familias-desabrigadas-com-as-chuvas%2F&amp;layout=button_count&amp;action=like&amp;show_faces=false&amp;share=true&amp;width=135&amp;height=21&amp;appId=307091639398582\" scrolling=\"no\" frameborder=\"0\" style=\"border:none; overflow:hidden;  width:150px; height:21px;\" allowTransparency=\"true\"><\/iframe><\/li><li class=\"twtr\" style=\"width:90px\"><a href=\"https:\/\/twitter.com\/share\" class=\"twitter-share-button\" data-url=\"https:\/\/www.caritasne2.org.br\/site\/diocese-de-garanhuns-e-caritas-lancam-campanha-sos-agreste-meridional-para-ajudar-as-familias-desabrigadas-com-as-chuvas\/\">&nbsp;<\/a><script>!function(d,s,id){var js,fjs=d.getElementsByTagName(s)[0],p=\/^http:\/.test(d.location)?'http':'https';if(!d.getElementById(id)){js=d.createElement(s);js.id=id;js.src=p+':\/\/platform.twitter.com\/widgets.js';fjs.parentNode.insertBefore(js,fjs);}}(document, 'script', 'twitter-wjs');<\/script><\/li><li class=\"gplus\" style=\"width:68px\"><div class=\"g-plusone\" data-size=\"medium\" data-href=\"https:\/\/www.caritasne2.org.br\/site\/diocese-de-garanhuns-e-caritas-lancam-campanha-sos-agreste-meridional-para-ajudar-as-familias-desabrigadas-com-as-chuvas\/\"><\/div><\/li><li class=\"ssb_linkedin\" style=\"width:64px\"><script src=\"\/\/platform.linkedin.com\/in.js\" type=\"text\/javascript\">lang: en_US<\/script><script type=\"IN\/Share\" data-url=\"https:\/\/www.caritasne2.org.br\/site\/diocese-de-garanhuns-e-caritas-lancam-campanha-sos-agreste-meridional-para-ajudar-as-familias-desabrigadas-com-as-chuvas\/\" data-counter=\"right\"><\/script><\/li><\/ul>","protected":false},"excerpt":{"rendered":"<p>A iniciativa da Diocese de Garanhuns, C\u00e1ritas Diocesana de Garanhuns com apoio da C\u00e1ritas Brasileira NE2 vai atender \u00e0s fam\u00edlias atingidas com as fortes chuvas que caem no Agreste do estado Devido \u00e0s fortes chuvas que atingiram o Agreste Meridional nos \u00faltimos dias, os munic\u00edpios de Canhotinho, Quipap\u00e1, Ita\u00edba, Palmeirina, S\u00e3o Benedito do Sul, Correntes, Lagoa do Ouro, \u00c1gua Preta e S\u00e3o Pedro, distrito de [&hellip;]<\/p>\n<ul class=\"ssb_list_wrapper\"><li class=\"fb2\" style=\"width:135px\"><iframe src=\"\/\/www.facebook.com\/plugins\/like.php?href=https%3A%2F%2Fwww.caritasne2.org.br%2Fsite%2Fdiocese-de-garanhuns-e-caritas-lancam-campanha-sos-agreste-meridional-para-ajudar-as-familias-desabrigadas-com-as-chuvas%2F&amp;layout=button_count&amp;action=like&amp;show_faces=false&amp;share=true&amp;width=135&amp;height=21&amp;appId=307091639398582\" scrolling=\"no\" frameborder=\"0\" style=\"border:none; overflow:hidden;  width:150px; height:21px;\" allowTransparency=\"true\"><\/iframe><\/li><li class=\"twtr\" style=\"width:90px\"><a href=\"https:\/\/twitter.com\/share\" class=\"twitter-share-button\" data-url=\"https:\/\/www.caritasne2.org.br\/site\/diocese-de-garanhuns-e-caritas-lancam-campanha-sos-agreste-meridional-para-ajudar-as-familias-desabrigadas-com-as-chuvas\/\">&nbsp;<\/a><script>!function(d,s,id){var js,fjs=d.getElementsByTagName(s)[0],p=\/^http:\/.test(d.location)?'http':'https';if(!d.getElementById(id)){js=d.createElement(s);js.id=id;js.src=p+':\/\/platform.twitter.com\/widgets.js';fjs.parentNode.insertBefore(js,fjs);}}(document, 'script', 'twitter-wjs');<\/script><\/li><li class=\"gplus\" style=\"width:68px\"><div class=\"g-plusone\" data-size=\"medium\" data-href=\"https:\/\/www.caritasne2.org.br\/site\/diocese-de-garanhuns-e-caritas-lancam-campanha-sos-agreste-meridional-para-ajudar-as-familias-desabrigadas-com-as-chuvas\/\"><\/div><\/li><li class=\"ssb_linkedin\" style=\"width:64px\"><script src=\"\/\/platform.linkedin.com\/in.js\" type=\"text\/javascript\">lang: en_US<\/script><script type=\"IN\/Share\" data-url=\"https:\/\/www.caritasne2.org.br\/site\/diocese-de-garanhuns-e-caritas-lancam-campanha-sos-agreste-meridional-para-ajudar-as-familias-desabrigadas-com-as-chuvas\/\" data-counter=\"right\"><\/script><\/li><\/ul>","protected":false},"author":4,"featured_media":9711,"comment_status":"open","ping_status":"open","sticky":false,"template":"","format":"standard","meta":[],"categories":[21,20],"tags":[],"_links":{"self":[{"href":"https:\/\/www.caritasne2.org.br\/site\/wp-json\/wp\/v2\/posts\/9708"}],"collection":[{"href":"https:\/\/www.caritasne2.org.br\/site\/wp-json\/wp\/v2\/posts"}],"about":[{"href":"https:\/\/www.caritasne2.org.br\/site\/wp-json\/wp\/v2\/types\/post"}],"author":[{"embeddable":true,"href":"https:\/\/www.caritasne2.org.br\/site\/wp-json\/wp\/v2\/users\/4"}],"replies":[{"embeddable":true,"href":"https:\/\/www.caritasne2.org.br\/site\/wp-json\/wp\/v2\/comments?post=9708"}],"version-history":[{"count":0,"href":"https:\/\/www.caritasne2.org.br\/site\/wp-json\/wp\/v2\/posts\/9708\/revisions"}],"wp:featuredmedia":[{"embeddable":true,"href":"https:\/\/www.caritasne2.org.br\/site\/wp-json\/wp\/v2\/media\/9711"}],"wp:attachment":[{"href":"https:\/\/www.caritasne2.org.br\/site\/wp-json\/wp\/v2\/media?parent=9708"}],"wp:term":[{"taxonomy":"category","embeddable":true,"href":"https:\/\/www.caritasne2.org.br\/site\/wp-json\/wp\/v2\/categories?post=9708"},{"taxonomy":"post_tag","embeddable":true,"href":"https:\/\/www.caritasne2.org.br\/site\/wp-json\/wp\/v2\/tags?post=9708"}],"curies":[{"name":"wp","href":"https:\/\/api.w.org\/{rel}","templated":true}]}}