{"id":9555,"date":"2022-06-07T20:32:24","date_gmt":"2022-06-07T23:32:24","guid":{"rendered":"https:\/\/www.caritasne2.org.br\/?p=9555"},"modified":"2022-06-07T20:32:24","modified_gmt":"2022-06-07T23:32:24","slug":"caritas-mobiliza-organizacoes-da-sociedade-civil-sobre-tragedia-causada-pelas-chuvas-no-grande-recife-e-regiao-metropolitana","status":"publish","type":"post","link":"https:\/\/www.caritasne2.org.br\/site\/caritas-mobiliza-organizacoes-da-sociedade-civil-sobre-tragedia-causada-pelas-chuvas-no-grande-recife-e-regiao-metropolitana\/","title":{"rendered":"C\u00e1ritas mobiliza organiza\u00e7\u00f5es da sociedade civil sobre trag\u00e9dia causada pelas chuvas no grande Recife e regi\u00e3o metropolitana"},"content":{"rendered":"<p style=\"text-align: justify;\">A trag\u00e9dia causada pela chuva que atingiu Pernambuco no final de maio deixou 128 mortos, 1.596 desalojados e 9.631 desabrigados. E oito dias ap\u00f3s o temporal, temos mais de 71 mil pessoas que ainda est\u00e3o fora de casa, 54 munic\u00edpios foram atingidos pelas chuvas, e o aumento de 34 para 37 o n\u00famero de cidades que decretaram situa\u00e7\u00e3o de emerg\u00eancia, segundo balan\u00e7o divulgado pela Coordenadoria de Defesa Civil de Pernambuco (Codecipe), no \u00faltimo domingo (5).<\/p>\n<p style=\"text-align: justify;\">Com uma conjuntura de crise humanit\u00e1ria ocorrendo nas cidades do Recife, Jaboat\u00e3o dos Guararapes, Camaragibe,\u00a0 essas as mais atingidas com\u00a0 deslizamentos, desabamentos,\u00a0 e mortos com as chuvas,\u00a0 a C\u00e1ritas Brasileira\u00a0 NE2 e\u00a0 C\u00e1ritas Su\u00ed\u00e7a mobilizaram a vinda do Coordenador de Respostas R\u00e1pidas para as Am\u00e9ricas e Caribe da Uni\u00e3o Europeia, Roman Majcher, para visitar os bairros e munic\u00edpios mais atingidos.<\/p>\n<p style=\"text-align: justify;\">Ap\u00f3s\u00a0 tr\u00eas dias de visitas aos bairros de Vila Dois Carneiros e Coqueiral em Jaboat\u00e3o do Guararapes, Jardim Monte Verde,\u00a0 Vila Aritana, na Guabiraba, em Recife, e Estados, Areeiro, e Loteamento Novo S\u00e3o Paulo, em Camaragibe os representantes da Uni\u00e3o Europeia e C\u00e1ritas puderam ver e ouvir\u00a0 as fam\u00edlias atingidas a real situa\u00e7\u00e3o sobre o que elas v\u00eam atravessando neste momento e, o que est\u00e1 sendo feito para atender \u00e0s necessidades emergenciais,\u00a0 situa\u00e7\u00f5es de vulnerabilidades\u00a0 e reconstrutivas para evitar ou minimizar os desastres, e restabelecer a normalidade social.<\/p>\n<p style=\"text-align: justify;\">\u201cA nossa realidade enquanto Vis\u00e3o Mundial aponta algumas frentes para se trabalhar com prote\u00e7\u00e3o e educa\u00e7\u00e3o , seguran\u00e7a alimentar e abrigos, que s\u00e3o o socorro humanit\u00e1rio \u00e0s v\u00edtimas \u201c, contou Paulo Nacif, coordenador nacional para Assuntos de Emerg\u00eancia Humanit\u00e1ria da Vis\u00e3o Mundial.<\/p>\n<p style=\"text-align: justify;\">Ao fim das visitas e diante da morosidade por parte do poder p\u00fablico na ajuda \u00e0s fam\u00edlias e comunidades afetadas, a C\u00e1ritas Su\u00ed\u00e7a no Brasil, C\u00e1ritas Arquidiocesana de Olinda e Recife, e C\u00e1ritas Brasileira NE2 mobilizou 13 organiza\u00e7\u00f5es da sociedade civil, nesta segunda, 6, para dialogar no tocante \u00e0s respostas emergenciais e assistenciais que vem sendo realizadas.\u00a0 Elas apontaram alguns direcionamentos como forma de ampliar as iniciativas individuais das institui\u00e7\u00f5es, entre eles: mapeamento do trabalho realizado at\u00e9 o momento pelas organiza\u00e7\u00f5es como forma de ampliar o raio de atua\u00e7\u00e3o da solidariedade; cria\u00e7\u00e3o de uma agenda coletiva; ampliar a comunica\u00e7\u00e3o como espa\u00e7o de incid\u00eancia e engajamento, etc.<\/p>\n<p style=\"text-align: justify;\">Para Paulo Mansan, dirigente do Movimento dos Trabalhadores Rurais Sem Terra ( MST), \u201ch\u00e1 um total descaso do poder p\u00fablico frente a essa emerg\u00eancia temos atuado em frentes que a nossa popula\u00e7\u00e3o rural e urbana mais necessita como as cozinhas solid\u00e1rias, agricultores e popula\u00e7\u00e3o rural, mas n\u00e3o \u00e9 suficiente. Temos que incidir mais se quisermos ser incidentes\u201d, comenta.<\/p>\n<p style=\"text-align: justify;\">\u00a0Nesta ter\u00e7a, 7, os representantes das C\u00e1ritas Sui\u00e7a no Brasil, C\u00e1ritas Arquidiocesana de Olinda e Recife e C\u00e1ritas Brasileira NE2, e Uni\u00e3o Europeia\u00a0\u00a0 tem agenda com o prefeito Jo\u00e3o Campos e o governador do estado para apresenta\u00e7\u00e3o de proposi\u00e7\u00f5es e respostas quanto \u00e0s a\u00e7\u00f5es emergenciais\u00a0 e estruturantes\u00a0 realizadas.<\/p>\n<p style=\"text-align: justify;\">#SOS Recife<\/p>\n<p style=\"text-align: justify;\">Diante deste cen\u00e1rio de\u00a0 destrui\u00e7\u00e3o causado pelas chuvas\u00a0 desde\u00a0 28 de maio, s\u00e1bado, dia em que choveu com maior\u00a0 intensidade na capital pernambucana, a Arquidiocese de Olinda e Recife, a C\u00e1ritas Brasileira NE2 e a C\u00e1ritas Arquidiocesana de Olinda e Recife lan\u00e7ou a a\u00e7\u00e3o emergencial #SOS Recife e Regi\u00e3o\u00a0 Metropolitana com objetivo de mobilizar a arrecada\u00e7\u00e3o de alimentos, e produtos de higiene e limpeza \u00e0s v\u00edtimas, que em uma semana de realiza\u00e7\u00e3o doou cerca de 6 tonelas em alimentos,\u00a0 milhares\u00a0 de kits com alimentos n\u00e3o perec\u00edveis e produtos de higiene limpeza.<\/p>\n<p>&nbsp;<\/p>\n<p><a href=\"https:\/\/www.caritasne2.org.br\/caritas-mobiliza-organizacoes-da-sociedade-civil-sobre-tragedia-causada-pelas-chuvas-no-grande-recife-e-regiao-metropolitana\/whatsapp-image-2022-06-06-at-19-13-32-2\/\" rel=\"attachment wp-att-9559\"><img decoding=\"async\" loading=\"lazy\" class=\"aligncenter  wp-image-9559\" src=\"https:\/\/www.caritasne2.org.br\/wp-content\/uploads\/2022\/06\/WhatsApp-Image-2022-06-06-at-19.13.32-2.jpeg\" alt=\"\" width=\"576\" height=\"432\" srcset=\"https:\/\/www.caritasne2.org.br\/site\/wp-content\/uploads\/2022\/06\/WhatsApp-Image-2022-06-06-at-19.13.32-2.jpeg 1024w, https:\/\/www.caritasne2.org.br\/site\/wp-content\/uploads\/2022\/06\/WhatsApp-Image-2022-06-06-at-19.13.32-2-300x225.jpeg 300w, https:\/\/www.caritasne2.org.br\/site\/wp-content\/uploads\/2022\/06\/WhatsApp-Image-2022-06-06-at-19.13.32-2-768x576.jpeg 768w\" sizes=\"(max-width: 576px) 100vw, 576px\" \/><\/a><\/p>\n<p><a href=\"https:\/\/www.caritasne2.org.br\/caritas-mobiliza-organizacoes-da-sociedade-civil-sobre-tragedia-causada-pelas-chuvas-no-grande-recife-e-regiao-metropolitana\/whatsapp-image-2022-06-06-at-19-13-31-2\/\" rel=\"attachment wp-att-9563\"><img decoding=\"async\" loading=\"lazy\" class=\"aligncenter  wp-image-9563\" src=\"https:\/\/www.caritasne2.org.br\/wp-content\/uploads\/2022\/06\/WhatsApp-Image-2022-06-06-at-19.13.31-2.jpeg\" alt=\"\" width=\"566\" height=\"424\" srcset=\"https:\/\/www.caritasne2.org.br\/site\/wp-content\/uploads\/2022\/06\/WhatsApp-Image-2022-06-06-at-19.13.31-2.jpeg 1024w, https:\/\/www.caritasne2.org.br\/site\/wp-content\/uploads\/2022\/06\/WhatsApp-Image-2022-06-06-at-19.13.31-2-300x225.jpeg 300w, https:\/\/www.caritasne2.org.br\/site\/wp-content\/uploads\/2022\/06\/WhatsApp-Image-2022-06-06-at-19.13.31-2-768x576.jpeg 768w\" sizes=\"(max-width: 566px) 100vw, 566px\" \/><\/a><a href=\"https:\/\/www.caritasne2.org.br\/caritas-mobiliza-organizacoes-da-sociedade-civil-sobre-tragedia-causada-pelas-chuvas-no-grande-recife-e-regiao-metropolitana\/whatsapp-image-2022-06-06-at-19-11-47-7\/\" rel=\"attachment wp-att-9562\"><img decoding=\"async\" loading=\"lazy\" class=\"aligncenter  wp-image-9562\" src=\"https:\/\/www.caritasne2.org.br\/wp-content\/uploads\/2022\/06\/WhatsApp-Image-2022-06-06-at-19.11.47-7.jpeg\" alt=\"\" width=\"602\" height=\"452\" srcset=\"https:\/\/www.caritasne2.org.br\/site\/wp-content\/uploads\/2022\/06\/WhatsApp-Image-2022-06-06-at-19.11.47-7.jpeg 1024w, https:\/\/www.caritasne2.org.br\/site\/wp-content\/uploads\/2022\/06\/WhatsApp-Image-2022-06-06-at-19.11.47-7-300x225.jpeg 300w, https:\/\/www.caritasne2.org.br\/site\/wp-content\/uploads\/2022\/06\/WhatsApp-Image-2022-06-06-at-19.11.47-7-768x576.jpeg 768w\" sizes=\"(max-width: 602px) 100vw, 602px\" \/><\/a><\/p>\n<p><a href=\"https:\/\/www.caritasne2.org.br\/caritas-mobiliza-organizacoes-da-sociedade-civil-sobre-tragedia-causada-pelas-chuvas-no-grande-recife-e-regiao-metropolitana\/whatsapp-image-2022-06-06-at-19-11-47-5\/\" rel=\"attachment wp-att-9561\"><img decoding=\"async\" loading=\"lazy\" class=\"aligncenter  wp-image-9561\" src=\"https:\/\/www.caritasne2.org.br\/wp-content\/uploads\/2022\/06\/WhatsApp-Image-2022-06-06-at-19.11.47-5.jpeg\" alt=\"\" width=\"596\" height=\"447\" srcset=\"https:\/\/www.caritasne2.org.br\/site\/wp-content\/uploads\/2022\/06\/WhatsApp-Image-2022-06-06-at-19.11.47-5.jpeg 1024w, https:\/\/www.caritasne2.org.br\/site\/wp-content\/uploads\/2022\/06\/WhatsApp-Image-2022-06-06-at-19.11.47-5-300x225.jpeg 300w, https:\/\/www.caritasne2.org.br\/site\/wp-content\/uploads\/2022\/06\/WhatsApp-Image-2022-06-06-at-19.11.47-5-768x576.jpeg 768w\" sizes=\"(max-width: 596px) 100vw, 596px\" \/><\/a><\/p>\n<ul class=\"ssb_list_wrapper\"><li class=\"fb2\" style=\"width:135px\"><iframe src=\"\/\/www.facebook.com\/plugins\/like.php?href=https%3A%2F%2Fwww.caritasne2.org.br%2Fsite%2Fcaritas-mobiliza-organizacoes-da-sociedade-civil-sobre-tragedia-causada-pelas-chuvas-no-grande-recife-e-regiao-metropolitana%2F&amp;layout=button_count&amp;action=like&amp;show_faces=false&amp;share=true&amp;width=135&amp;height=21&amp;appId=307091639398582\" scrolling=\"no\" frameborder=\"0\" style=\"border:none; overflow:hidden;  width:150px; height:21px;\" allowTransparency=\"true\"><\/iframe><\/li><li class=\"twtr\" style=\"width:90px\"><a href=\"https:\/\/twitter.com\/share\" class=\"twitter-share-button\" data-url=\"https:\/\/www.caritasne2.org.br\/site\/caritas-mobiliza-organizacoes-da-sociedade-civil-sobre-tragedia-causada-pelas-chuvas-no-grande-recife-e-regiao-metropolitana\/\">&nbsp;<\/a><script>!function(d,s,id){var js,fjs=d.getElementsByTagName(s)[0],p=\/^http:\/.test(d.location)?'http':'https';if(!d.getElementById(id)){js=d.createElement(s);js.id=id;js.src=p+':\/\/platform.twitter.com\/widgets.js';fjs.parentNode.insertBefore(js,fjs);}}(document, 'script', 'twitter-wjs');<\/script><\/li><li class=\"gplus\" style=\"width:68px\"><div class=\"g-plusone\" data-size=\"medium\" data-href=\"https:\/\/www.caritasne2.org.br\/site\/caritas-mobiliza-organizacoes-da-sociedade-civil-sobre-tragedia-causada-pelas-chuvas-no-grande-recife-e-regiao-metropolitana\/\"><\/div><\/li><li class=\"ssb_linkedin\" style=\"width:64px\"><script src=\"\/\/platform.linkedin.com\/in.js\" type=\"text\/javascript\">lang: en_US<\/script><script type=\"IN\/Share\" data-url=\"https:\/\/www.caritasne2.org.br\/site\/caritas-mobiliza-organizacoes-da-sociedade-civil-sobre-tragedia-causada-pelas-chuvas-no-grande-recife-e-regiao-metropolitana\/\" data-counter=\"right\"><\/script><\/li><\/ul>","protected":false},"excerpt":{"rendered":"<p>A trag\u00e9dia causada pela chuva que atingiu Pernambuco no final de maio deixou 128 mortos, 1.596 desalojados e 9.631 desabrigados. E oito dias ap\u00f3s o temporal, temos mais de 71 mil pessoas que ainda est\u00e3o fora de casa, 54 munic\u00edpios foram atingidos pelas chuvas, e o aumento de 34 para 37 o n\u00famero de cidades que decretaram situa\u00e7\u00e3o de emerg\u00eancia, segundo balan\u00e7o divulgado pela Coordenadoria [&hellip;]<\/p>\n<ul class=\"ssb_list_wrapper\"><li class=\"fb2\" style=\"width:135px\"><iframe src=\"\/\/www.facebook.com\/plugins\/like.php?href=https%3A%2F%2Fwww.caritasne2.org.br%2Fsite%2Fcaritas-mobiliza-organizacoes-da-sociedade-civil-sobre-tragedia-causada-pelas-chuvas-no-grande-recife-e-regiao-metropolitana%2F&amp;layout=button_count&amp;action=like&amp;show_faces=false&amp;share=true&amp;width=135&amp;height=21&amp;appId=307091639398582\" scrolling=\"no\" frameborder=\"0\" style=\"border:none; overflow:hidden;  width:150px; height:21px;\" allowTransparency=\"true\"><\/iframe><\/li><li class=\"twtr\" style=\"width:90px\"><a href=\"https:\/\/twitter.com\/share\" class=\"twitter-share-button\" data-url=\"https:\/\/www.caritasne2.org.br\/site\/caritas-mobiliza-organizacoes-da-sociedade-civil-sobre-tragedia-causada-pelas-chuvas-no-grande-recife-e-regiao-metropolitana\/\">&nbsp;<\/a><script>!function(d,s,id){var js,fjs=d.getElementsByTagName(s)[0],p=\/^http:\/.test(d.location)?'http':'https';if(!d.getElementById(id)){js=d.createElement(s);js.id=id;js.src=p+':\/\/platform.twitter.com\/widgets.js';fjs.parentNode.insertBefore(js,fjs);}}(document, 'script', 'twitter-wjs');<\/script><\/li><li class=\"gplus\" style=\"width:68px\"><div class=\"g-plusone\" data-size=\"medium\" data-href=\"https:\/\/www.caritasne2.org.br\/site\/caritas-mobiliza-organizacoes-da-sociedade-civil-sobre-tragedia-causada-pelas-chuvas-no-grande-recife-e-regiao-metropolitana\/\"><\/div><\/li><li class=\"ssb_linkedin\" style=\"width:64px\"><script src=\"\/\/platform.linkedin.com\/in.js\" type=\"text\/javascript\">lang: en_US<\/script><script type=\"IN\/Share\" data-url=\"https:\/\/www.caritasne2.org.br\/site\/caritas-mobiliza-organizacoes-da-sociedade-civil-sobre-tragedia-causada-pelas-chuvas-no-grande-recife-e-regiao-metropolitana\/\" data-counter=\"right\"><\/script><\/li><\/ul>","protected":false},"author":4,"featured_media":9556,"comment_status":"open","ping_status":"open","sticky":false,"template":"","format":"standard","meta":[],"categories":[21,20],"tags":[],"_links":{"self":[{"href":"https:\/\/www.caritasne2.org.br\/site\/wp-json\/wp\/v2\/posts\/9555"}],"collection":[{"href":"https:\/\/www.caritasne2.org.br\/site\/wp-json\/wp\/v2\/posts"}],"about":[{"href":"https:\/\/www.caritasne2.org.br\/site\/wp-json\/wp\/v2\/types\/post"}],"author":[{"embeddable":true,"href":"https:\/\/www.caritasne2.org.br\/site\/wp-json\/wp\/v2\/users\/4"}],"replies":[{"embeddable":true,"href":"https:\/\/www.caritasne2.org.br\/site\/wp-json\/wp\/v2\/comments?post=9555"}],"version-history":[{"count":0,"href":"https:\/\/www.caritasne2.org.br\/site\/wp-json\/wp\/v2\/posts\/9555\/revisions"}],"wp:featuredmedia":[{"embeddable":true,"href":"https:\/\/www.caritasne2.org.br\/site\/wp-json\/wp\/v2\/media\/9556"}],"wp:attachment":[{"href":"https:\/\/www.caritasne2.org.br\/site\/wp-json\/wp\/v2\/media?parent=9555"}],"wp:term":[{"taxonomy":"category","embeddable":true,"href":"https:\/\/www.caritasne2.org.br\/site\/wp-json\/wp\/v2\/categories?post=9555"},{"taxonomy":"post_tag","embeddable":true,"href":"https:\/\/www.caritasne2.org.br\/site\/wp-json\/wp\/v2\/tags?post=9555"}],"curies":[{"name":"wp","href":"https:\/\/api.w.org\/{rel}","templated":true}]}}