{"id":9355,"date":"2022-05-09T20:02:37","date_gmt":"2022-05-09T23:02:37","guid":{"rendered":"https:\/\/www.caritasne2.org.br\/?p=9355"},"modified":"2022-05-09T20:08:33","modified_gmt":"2022-05-09T23:08:33","slug":"projeto-rafa-e-rede-de-colaboradores-promovem-entrega-de-cestas-de-alimentos-e-fraldas-as-familias-carentes","status":"publish","type":"post","link":"https:\/\/www.caritasne2.org.br\/site\/projeto-rafa-e-rede-de-colaboradores-promovem-entrega-de-cestas-de-alimentos-e-fraldas-as-familias-carentes\/","title":{"rendered":"Projeto RAFA e rede de colaboradores  promovem entrega de  cestas de alimentos e fraldas \u00e0s  fam\u00edlias carentes"},"content":{"rendered":"<p style=\"text-align: justify;\"><em>O RAFA integra o programa\u00a0 de Migra\u00e7\u00e3o e Ref\u00fagio\u00a0da CBNE2 na perspectiva de\u00a0fomento \u00e0s iniciativas voltadas \u00e0 empregabilidade, e na perspectiva da Economia Solid\u00e1ria, e assessoria aos migrantes empreendedores<\/em><\/p>\n<p style=\"text-align: justify;\"><em>\u00a0<\/em>No \u00faltimo dia 03 de maio, agentes do Programa de Migra\u00e7\u00e3o e Ref\u00fagio da C\u00e1ritas Brasileira NE2, acompanhados de \u00a0estagi\u00e1rios e volunt\u00e1rios \u00a0que contribuem na Casa de Direitos em Pernambuco\u00a0 realizaram entrega de cestas de alimentos e fraldas para m\u00e3es com \u00a0crian\u00e7as de colo acompanhados pelo Projeto RAFA (Rede de Amor Fraternidade e Amizade). As entregas visavam suprir as necessidades por alimentos , itens sanit\u00e1rios e de higiene \u00a0por parte da popula\u00e7\u00e3o migrante venezuelana.<\/p>\n<p style=\"text-align: justify;\">As fam\u00edlias\u00a0\u00a0contempladas com as doa\u00e7\u00f5es s\u00e3o \u00a0migrantes em situa\u00e7\u00e3o de vulnerabilidade social residentes da Regi\u00e3o Metropolitana da cidade do Recife, que \u00a0foram selecionadas mediante crit\u00e9rios sociais de exclus\u00e3o. As doa\u00e7\u00f5es ocorreram na \u00a0Casa de Direitos de Pernambuco, localizada na Universidade Cat\u00f3lica de Pernambuco.<\/p>\n<p style=\"text-align: justify;\">Tamb\u00e9m no m\u00eas de abril dentre as a\u00e7\u00f5es emergenciais a CBNE2 \u00a0entregou \u00a0cart\u00f5es de alimenta\u00e7\u00e3o em parceria com a Organiza\u00e7\u00e3o Internacional para as Migra\u00e7\u00f5es (OIM), \u00a0e cestas de alimentos \u00a0em parceria com a\u00a0institui\u00e7\u00e3o cat\u00f3lica alem\u00e3, Adveniat\u00a0para as fam\u00edlias de migrantes em vulnerabilidade.\u00a0 Por\u00e9m, \u00a0a condi\u00e7\u00e3o de \u00a0seguran\u00e7a alimentar \u00e9 bastante prec\u00e1ria para estas \u00a0fam\u00edlias, dessa forma ampliando a rede de parceiros o \u00a0Projeto RAFA \u00a0foi a institui\u00e7\u00e3o escolhida para receber doa\u00e7\u00f5es de alimentos e fraldas para beb\u00eas, \u00a0arrecadados pela igreja Evang\u00e9lica Batista, em Casa Amarela \u00a0(Recife).<\/p>\n<p style=\"text-align: justify;\"><a href=\"https:\/\/www.caritasne2.org.br\/projeto-rafa-e-rede-de-colaboradores-promovem-entrega-de-cestas-de-alimentos-e-fraldas-as-familias-carentes\/whatsapp-image-2022-05-04-at-19-01-45\/\" rel=\"attachment wp-att-9357\"><img decoding=\"async\" loading=\"lazy\" class=\"aligncenter wp-image-9357\" src=\"https:\/\/www.caritasne2.org.br\/wp-content\/uploads\/2022\/05\/WhatsApp-Image-2022-05-04-at-19.01.45.jpeg\" alt=\"\" width=\"491\" height=\"368\" srcset=\"https:\/\/www.caritasne2.org.br\/site\/wp-content\/uploads\/2022\/05\/WhatsApp-Image-2022-05-04-at-19.01.45.jpeg 1600w, https:\/\/www.caritasne2.org.br\/site\/wp-content\/uploads\/2022\/05\/WhatsApp-Image-2022-05-04-at-19.01.45-300x225.jpeg 300w, https:\/\/www.caritasne2.org.br\/site\/wp-content\/uploads\/2022\/05\/WhatsApp-Image-2022-05-04-at-19.01.45-1024x768.jpeg 1024w, https:\/\/www.caritasne2.org.br\/site\/wp-content\/uploads\/2022\/05\/WhatsApp-Image-2022-05-04-at-19.01.45-768x576.jpeg 768w, https:\/\/www.caritasne2.org.br\/site\/wp-content\/uploads\/2022\/05\/WhatsApp-Image-2022-05-04-at-19.01.45-1536x1152.jpeg 1536w\" sizes=\"(max-width: 491px) 100vw, 491px\" \/><\/a><\/p>\n<p style=\"text-align: justify;\"><a href=\"https:\/\/www.caritasne2.org.br\/projeto-rafa-e-rede-de-colaboradores-promovem-entrega-de-cestas-de-alimentos-e-fraldas-as-familias-carentes\/1-26\/\" rel=\"attachment wp-att-9356\"><img decoding=\"async\" loading=\"lazy\" class=\"aligncenter wp-image-9356\" src=\"https:\/\/www.caritasne2.org.br\/wp-content\/uploads\/2022\/05\/1.jpg\" alt=\"\" width=\"517\" height=\"387\" srcset=\"https:\/\/www.caritasne2.org.br\/site\/wp-content\/uploads\/2022\/05\/1.jpg 1600w, https:\/\/www.caritasne2.org.br\/site\/wp-content\/uploads\/2022\/05\/1-300x225.jpg 300w, https:\/\/www.caritasne2.org.br\/site\/wp-content\/uploads\/2022\/05\/1-1024x768.jpg 1024w, https:\/\/www.caritasne2.org.br\/site\/wp-content\/uploads\/2022\/05\/1-768x576.jpg 768w, https:\/\/www.caritasne2.org.br\/site\/wp-content\/uploads\/2022\/05\/1-1536x1152.jpg 1536w\" sizes=\"(max-width: 517px) 100vw, 517px\" \/><\/a><\/p>\n<ul class=\"ssb_list_wrapper\"><li class=\"fb2\" style=\"width:135px\"><iframe src=\"\/\/www.facebook.com\/plugins\/like.php?href=https%3A%2F%2Fwww.caritasne2.org.br%2Fsite%2Fprojeto-rafa-e-rede-de-colaboradores-promovem-entrega-de-cestas-de-alimentos-e-fraldas-as-familias-carentes%2F&amp;layout=button_count&amp;action=like&amp;show_faces=false&amp;share=true&amp;width=135&amp;height=21&amp;appId=307091639398582\" scrolling=\"no\" frameborder=\"0\" style=\"border:none; overflow:hidden;  width:150px; height:21px;\" allowTransparency=\"true\"><\/iframe><\/li><li class=\"twtr\" style=\"width:90px\"><a href=\"https:\/\/twitter.com\/share\" class=\"twitter-share-button\" data-url=\"https:\/\/www.caritasne2.org.br\/site\/projeto-rafa-e-rede-de-colaboradores-promovem-entrega-de-cestas-de-alimentos-e-fraldas-as-familias-carentes\/\">&nbsp;<\/a><script>!function(d,s,id){var js,fjs=d.getElementsByTagName(s)[0],p=\/^http:\/.test(d.location)?'http':'https';if(!d.getElementById(id)){js=d.createElement(s);js.id=id;js.src=p+':\/\/platform.twitter.com\/widgets.js';fjs.parentNode.insertBefore(js,fjs);}}(document, 'script', 'twitter-wjs');<\/script><\/li><li class=\"gplus\" style=\"width:68px\"><div class=\"g-plusone\" data-size=\"medium\" data-href=\"https:\/\/www.caritasne2.org.br\/site\/projeto-rafa-e-rede-de-colaboradores-promovem-entrega-de-cestas-de-alimentos-e-fraldas-as-familias-carentes\/\"><\/div><\/li><li class=\"ssb_linkedin\" style=\"width:64px\"><script src=\"\/\/platform.linkedin.com\/in.js\" type=\"text\/javascript\">lang: en_US<\/script><script type=\"IN\/Share\" data-url=\"https:\/\/www.caritasne2.org.br\/site\/projeto-rafa-e-rede-de-colaboradores-promovem-entrega-de-cestas-de-alimentos-e-fraldas-as-familias-carentes\/\" data-counter=\"right\"><\/script><\/li><\/ul>","protected":false},"excerpt":{"rendered":"<p>O RAFA integra o programa\u00a0 de Migra\u00e7\u00e3o e Ref\u00fagio\u00a0da CBNE2 na perspectiva de\u00a0fomento \u00e0s iniciativas voltadas \u00e0 empregabilidade, e na perspectiva da Economia Solid\u00e1ria, e assessoria aos migrantes empreendedores \u00a0No \u00faltimo dia 03 de maio, agentes do Programa de Migra\u00e7\u00e3o e Ref\u00fagio da C\u00e1ritas Brasileira NE2, acompanhados de \u00a0estagi\u00e1rios e volunt\u00e1rios \u00a0que contribuem na Casa de Direitos em Pernambuco\u00a0 realizaram entrega de cestas de alimentos [&hellip;]<\/p>\n<ul class=\"ssb_list_wrapper\"><li class=\"fb2\" style=\"width:135px\"><iframe src=\"\/\/www.facebook.com\/plugins\/like.php?href=https%3A%2F%2Fwww.caritasne2.org.br%2Fsite%2Fprojeto-rafa-e-rede-de-colaboradores-promovem-entrega-de-cestas-de-alimentos-e-fraldas-as-familias-carentes%2F&amp;layout=button_count&amp;action=like&amp;show_faces=false&amp;share=true&amp;width=135&amp;height=21&amp;appId=307091639398582\" scrolling=\"no\" frameborder=\"0\" style=\"border:none; overflow:hidden;  width:150px; height:21px;\" allowTransparency=\"true\"><\/iframe><\/li><li class=\"twtr\" style=\"width:90px\"><a href=\"https:\/\/twitter.com\/share\" class=\"twitter-share-button\" data-url=\"https:\/\/www.caritasne2.org.br\/site\/projeto-rafa-e-rede-de-colaboradores-promovem-entrega-de-cestas-de-alimentos-e-fraldas-as-familias-carentes\/\">&nbsp;<\/a><script>!function(d,s,id){var js,fjs=d.getElementsByTagName(s)[0],p=\/^http:\/.test(d.location)?'http':'https';if(!d.getElementById(id)){js=d.createElement(s);js.id=id;js.src=p+':\/\/platform.twitter.com\/widgets.js';fjs.parentNode.insertBefore(js,fjs);}}(document, 'script', 'twitter-wjs');<\/script><\/li><li class=\"gplus\" style=\"width:68px\"><div class=\"g-plusone\" data-size=\"medium\" data-href=\"https:\/\/www.caritasne2.org.br\/site\/projeto-rafa-e-rede-de-colaboradores-promovem-entrega-de-cestas-de-alimentos-e-fraldas-as-familias-carentes\/\"><\/div><\/li><li class=\"ssb_linkedin\" style=\"width:64px\"><script src=\"\/\/platform.linkedin.com\/in.js\" type=\"text\/javascript\">lang: en_US<\/script><script type=\"IN\/Share\" data-url=\"https:\/\/www.caritasne2.org.br\/site\/projeto-rafa-e-rede-de-colaboradores-promovem-entrega-de-cestas-de-alimentos-e-fraldas-as-familias-carentes\/\" data-counter=\"right\"><\/script><\/li><\/ul>","protected":false},"author":4,"featured_media":9358,"comment_status":"open","ping_status":"open","sticky":false,"template":"","format":"standard","meta":[],"categories":[21,20],"tags":[],"_links":{"self":[{"href":"https:\/\/www.caritasne2.org.br\/site\/wp-json\/wp\/v2\/posts\/9355"}],"collection":[{"href":"https:\/\/www.caritasne2.org.br\/site\/wp-json\/wp\/v2\/posts"}],"about":[{"href":"https:\/\/www.caritasne2.org.br\/site\/wp-json\/wp\/v2\/types\/post"}],"author":[{"embeddable":true,"href":"https:\/\/www.caritasne2.org.br\/site\/wp-json\/wp\/v2\/users\/4"}],"replies":[{"embeddable":true,"href":"https:\/\/www.caritasne2.org.br\/site\/wp-json\/wp\/v2\/comments?post=9355"}],"version-history":[{"count":0,"href":"https:\/\/www.caritasne2.org.br\/site\/wp-json\/wp\/v2\/posts\/9355\/revisions"}],"wp:featuredmedia":[{"embeddable":true,"href":"https:\/\/www.caritasne2.org.br\/site\/wp-json\/wp\/v2\/media\/9358"}],"wp:attachment":[{"href":"https:\/\/www.caritasne2.org.br\/site\/wp-json\/wp\/v2\/media?parent=9355"}],"wp:term":[{"taxonomy":"category","embeddable":true,"href":"https:\/\/www.caritasne2.org.br\/site\/wp-json\/wp\/v2\/categories?post=9355"},{"taxonomy":"post_tag","embeddable":true,"href":"https:\/\/www.caritasne2.org.br\/site\/wp-json\/wp\/v2\/tags?post=9355"}],"curies":[{"name":"wp","href":"https:\/\/api.w.org\/{rel}","templated":true}]}}