{"id":9214,"date":"2022-04-14T14:46:48","date_gmt":"2022-04-14T17:46:48","guid":{"rendered":"https:\/\/www.caritasne2.org.br\/?p=9214"},"modified":"2022-04-14T14:48:44","modified_gmt":"2022-04-14T17:48:44","slug":"9214-2","status":"publish","type":"post","link":"https:\/\/www.caritasne2.org.br\/site\/9214-2\/","title":{"rendered":"C\u00e1ritas Regional Nordeste 2 promove Interc\u00e2mbio sobre Reuso de \u00c1guas em Puxinan\u00e3 &#8211; Para\u00edba"},"content":{"rendered":"<p style=\"text-align: center;\"><em>A a\u00e7\u00e3o foi poss\u00edvel gra\u00e7as a parceria da C\u00e1ritas Regional NE2 e a institui\u00e7\u00e3o cat\u00f3lica alem\u00e3, Misereor, atrav\u00e9s do \u00a0Projeto Promo\u00e7\u00e3o e Defesa de Direitos na Perspectiva da Constru\u00e7\u00e3o de Sociedades do Bem Viver no Regional NE II<\/em><\/p>\n<p style=\"text-align: justify;\">Tratar \u00e1guas cinzas, aquelas resultantes do banho, da lavagem da lou\u00e7a e da lavagem de roupas e reutiliz\u00e1-las principalmente para regar plantas, \u00e9 uma pr\u00e1tica que come\u00e7a a se multiplicar no Nordeste do Brasil, muito apropriada a sua por\u00e7\u00e3o semi\u00e1rida.<\/p>\n<p style=\"text-align: justify;\">Per\u00edodos chuvosos irregulares tanto no tempo quanto no espa\u00e7o e secas cada vez mais severas, tem motivado agricultores e agricultoras experimentadores (as) a colaborar\u00a0 com t\u00e9cnicos de assessoria e pesquisadores na busca por tecnologias sociais de tratamento de \u00e1guas servidas e o seu reaproveitamento na agricultura.<\/p>\n<p style=\"text-align: justify;\">Essa motiva\u00e7\u00e3o tamb\u00e9m est\u00e1 inserida no Projeto Promo\u00e7\u00e3o e Defesa de Direitos na Perspectiva da Constru\u00e7\u00e3o de Sociedades do Bem Viver no Regional NE II \u2013 Projeto da C\u00e1ritas Brasileira Regional NE2 em parceria com ainstitui\u00e7\u00e3o cat\u00f3lica alem\u00e3, Misereor, com a implanta\u00e7\u00e3o de sistemas de re\u00faso de \u00e1guas em comunidades rurais de quatro estados do Nordeste. Al\u00e9m de contribuir com nova oferta de \u00e1gua para uso na agricultura, esses sistemas s\u00e3o muito eficientes e baratos para tratar essas \u00e1guas residu\u00e1rias e resolver um s\u00e9rio problema de saneamento rural, a disposi\u00e7\u00e3o dessas \u00e1guas sobre o solo, atraindo insetos e outros vetores de doen\u00e7as.<\/p>\n<p style=\"text-align: justify;\">\u00c9 certo que em muitas localidades do Semi\u00e1rido Brasileiro, essas \u00e1guas s\u00e3o aproveitadas para regar plantas nos quintais, atrav\u00e9s de valas abertas no solo com baixiss\u00edmo aproveitamento da \u00e1gua e exposi\u00e7\u00e3o aos vetores. Para o Senhor Everaldo do Nascimento, agricultor que conduz um sistema de reuso no s\u00edtio Grot\u00e3o em Puxinan\u00e3 &#8211; PB, antes da implanta\u00e7\u00e3o do sistema, o excesso de \u00e1gua enviado por uma vala, quase matou sua mangueira.<\/p>\n<p style=\"text-align: justify;\">Da mesma forma que se multiplicam experi\u00eancias de aproveitamento dessas \u00e1guas residu\u00e1rias nas comunidades rurais, diversos modelos est\u00e3o sendo experimentados por institui\u00e7\u00f5es de pesquisa e de assist\u00eancia t\u00e9cnica e extens\u00e3o rural \u2013 ATER. Se por um lado a diversidade de experi\u00eancias contribui para adapta\u00e7\u00e3o dos sistemas as realidades rurais dos Biomas Nordestinos, por outro, produz uma grande quantidade de informa\u00e7\u00f5es que por vezes provocam confus\u00f5es quanto ao tipo de tratamento, se \u00e9 por filtragem da \u00e1gua ou por a\u00e7\u00e3o de bact\u00e9rias anaer\u00f3bicas. Se a estrutura \u00e9 de alvenaria ou por caixas pl\u00e1sticas. Se funcionar\u00e1 aproveitando a gravidade ou ter\u00e1 que usar outro mecanismo, enfim, essas d\u00favidas, motivaram uma reflex\u00e3o da equipe do Projeto Misereor no sentido de encolher um desses modelos, visit\u00e1-lo e promover um debate entre t\u00e9cnicos de assessoria, pedreiros e agricultores (as), capaz de promover um nivelamento entre as compreens\u00f5es de todos e todas na escolha do modelo a ser adotado no \u00e2mbito do Projeto Misereor, que parece ter sido plenamente alcan\u00e7ado segundo depoimento de Andreza Alves, ADL da Diocese de Guarabira \u2013 PB, \u201c<strong><em>O principal objetivo do encontro foi familiarizar os participantes com a tecnologia Bio\u00e1gua, que era um conceito novo para alguns e um modelo diferente para outros. Foi uma troca de experi\u00eancias fascinante em que aprendemos sobre a realidade da fam\u00edlia em que o bio\u00e1gua foi implantado, bem como qual modelo foi utilizado e como cada pe\u00e7a da tecnologia foi feito. Foi tamb\u00e9m uma oportunidade para fornecer aos pedreiros presentes, informa\u00e7\u00f5es sobre a constru\u00e7\u00e3o da obra e como foi distribu\u00edda na \u00e1rea\u201d, finaliza<\/em><\/strong>. Nesse sentido, agricultores e agricultoras, pedreiros rurais, Agentes de Desenvolvimento Local \u2013 ADLs e o Assessor T\u00e9cnico do Projeto Misereor, visitaram o sistema de reuso de \u00e1guas da fam\u00edlias do Sr. Everaldo do Nascimento e D. Ana Maria do Nascimento, assessorados pelo CENTRAC, dia 17 de mar\u00e7o, na comunidade Grot\u00e3o, \u00a0munic\u00edpio de Puxinan\u00e3 \u2013 PB.<\/p>\n<p style=\"text-align: justify;\">O sistema consiste em uma caixa de gordura que coleta as \u00e1guas cinza da resid\u00eancia, decanta as pat\u00edculas s\u00f3lidas e libera a \u00e1gua para o tanque de filtragem e em seguida para o tanque de armazenamento. Do tanque de armazenamento a \u00e1gua \u00e9 bombeada para uma caixa d\u00b4\u00e1gua de PVC para ser disponibilizada para um sistema de micoirriga\u00e7\u00e3o de plantas frut\u00edferas e forrageiras.<\/p>\n<p style=\"text-align: justify;\">A cada etapa do sistema apresentado por Ant\u00f4nio Carlos, t\u00e9cnico do Centro de A\u00e7\u00e3o Cultural CENTRAC e seu Everaldo, o grupo realizou perguntas e discutimos sobre a necessidade de adapta\u00e7\u00f5es a cada realidade onde os sistemas de reuso ser\u00e3o implantados. Perguntado sobre a efici\u00eancia do sistema, Seu Everaldo mostra toda sua satisfa\u00e7\u00e3o: <strong><em>\u201cD\u00e1 para produzir tudo que plantar com essa \u00e1gua\u201d, declara. <\/em><\/strong><\/p>\n<p style=\"text-align: justify;\">\u00a0Decimos tamb\u00e9m dividir a implanta\u00e7\u00e3o em duas etapas: a primeira etapa constitu\u00edda das obras de alvenaria (caixa de gordura, tanque de filtragem e de armazenamento de \u00e1gua, base da caixa d\u00b4\u00e1gua e instala\u00e7\u00f5es hidr\u00e1ulicas). Na segunda etapa, a implanta\u00e7ao do sistema de irriga\u00e7\u00e3o e plantios, dependendo da realizade de cada agroecossistema familiar, da quantidade de \u00e1gua produzida e das prefer\u00eancias de cultivos da fam\u00edlia. Para Ant\u00f4nio Carlos, mais conhecido por Toinho, <strong><em>\u201cS\u00f3 atrav\u00e9s da troca de experi\u00eancias entre agricultores e da participa\u00e7\u00e3o das pessoas \u00e9 que vamos construir um Semi\u00e1rido melhor\u201d, conclui.<\/em><\/strong><\/p>\n<p style=\"text-align: justify;\">A a\u00e7\u00e3o de implanta\u00e7\u00e3o de sistemas de reuso de \u00e1guas segue com a a atividade de cota\u00e7\u00e3o de precos dos materiais de constru\u00e7\u00e3o, escava\u00e7\u00e3o dos buracos e conclus\u00e3o do processo de compras. Compridas essas etapas, iniciar\u00e3o as atividades de constru\u00e7\u00e3o e instala\u00e7\u00e3o dos sistemas. A medida que o processo de constru\u00e7\u00e3o for iniciado, ser\u00e1 elaborada uma agenda de visitas da Assessoria T\u00e9cnica as UDTs estaduais para acompanhar as constru\u00e7\u00f5es e implantar os sistemas de irriga\u00e7\u00e3o e cultivos agr\u00edcolas.<\/p>\n<p style=\"text-align: justify;\"><a href=\"https:\/\/www.caritasne2.org.br\/9214-2\/momento-de-dialogos-e-duvidas-2\/\" rel=\"attachment wp-att-9216\"><img decoding=\"async\" loading=\"lazy\" class=\"aligncenter wp-image-9216\" src=\"https:\/\/www.caritasne2.org.br\/wp-content\/uploads\/2022\/04\/Momento-de-di\u00e1logos-e-duvidas-2.jpeg\" alt=\"\" width=\"654\" height=\"491\" srcset=\"https:\/\/www.caritasne2.org.br\/site\/wp-content\/uploads\/2022\/04\/Momento-de-di\u00e1logos-e-duvidas-2.jpeg 1280w, https:\/\/www.caritasne2.org.br\/site\/wp-content\/uploads\/2022\/04\/Momento-de-di\u00e1logos-e-duvidas-2-300x225.jpeg 300w, https:\/\/www.caritasne2.org.br\/site\/wp-content\/uploads\/2022\/04\/Momento-de-di\u00e1logos-e-duvidas-2-768x576.jpeg 768w, https:\/\/www.caritasne2.org.br\/site\/wp-content\/uploads\/2022\/04\/Momento-de-di\u00e1logos-e-duvidas-2-1024x768.jpeg 1024w\" sizes=\"(max-width: 654px) 100vw, 654px\" \/><\/a><\/p>\n<p style=\"text-align: justify;\"><a href=\"https:\/\/www.caritasne2.org.br\/9214-2\/sistema-modelado-de-armazenamento-2\/\" rel=\"attachment wp-att-9217\"><img decoding=\"async\" loading=\"lazy\" class=\"aligncenter wp-image-9217\" src=\"https:\/\/www.caritasne2.org.br\/wp-content\/uploads\/2022\/04\/Sistema-modelado-de-armazenamento.-2.jpg\" alt=\"\" width=\"655\" height=\"492\" srcset=\"https:\/\/www.caritasne2.org.br\/site\/wp-content\/uploads\/2022\/04\/Sistema-modelado-de-armazenamento.-2.jpg 4000w, https:\/\/www.caritasne2.org.br\/site\/wp-content\/uploads\/2022\/04\/Sistema-modelado-de-armazenamento.-2-300x225.jpg 300w, https:\/\/www.caritasne2.org.br\/site\/wp-content\/uploads\/2022\/04\/Sistema-modelado-de-armazenamento.-2-768x576.jpg 768w, https:\/\/www.caritasne2.org.br\/site\/wp-content\/uploads\/2022\/04\/Sistema-modelado-de-armazenamento.-2-1024x768.jpg 1024w\" sizes=\"(max-width: 655px) 100vw, 655px\" \/><\/a><\/p>\n<p style=\"text-align: justify;\"><a href=\"https:\/\/www.caritasne2.org.br\/9214-2\/momento-de-encerramento\/\" rel=\"attachment wp-att-9218\"><img decoding=\"async\" loading=\"lazy\" class=\"aligncenter wp-image-9218\" src=\"https:\/\/www.caritasne2.org.br\/wp-content\/uploads\/2022\/04\/Momento-de-encerramento.jpeg\" alt=\"\" width=\"684\" height=\"514\" srcset=\"https:\/\/www.caritasne2.org.br\/site\/wp-content\/uploads\/2022\/04\/Momento-de-encerramento.jpeg 1280w, https:\/\/www.caritasne2.org.br\/site\/wp-content\/uploads\/2022\/04\/Momento-de-encerramento-300x225.jpeg 300w, https:\/\/www.caritasne2.org.br\/site\/wp-content\/uploads\/2022\/04\/Momento-de-encerramento-768x576.jpeg 768w, https:\/\/www.caritasne2.org.br\/site\/wp-content\/uploads\/2022\/04\/Momento-de-encerramento-1024x768.jpeg 1024w\" sizes=\"(max-width: 684px) 100vw, 684px\" \/><\/a><\/p>\n<p style=\"text-align: justify;\"><a href=\"https:\/\/www.caritasne2.org.br\/9214-2\/sistema-modelado-de-armazenamento-1\/\" rel=\"attachment wp-att-9219\"><img decoding=\"async\" loading=\"lazy\" class=\"aligncenter wp-image-9219\" src=\"https:\/\/www.caritasne2.org.br\/wp-content\/uploads\/2022\/04\/Sistema-modelado-de-armazenamento.-1.jpeg\" alt=\"\" width=\"687\" height=\"515\" srcset=\"https:\/\/www.caritasne2.org.br\/site\/wp-content\/uploads\/2022\/04\/Sistema-modelado-de-armazenamento.-1.jpeg 1280w, https:\/\/www.caritasne2.org.br\/site\/wp-content\/uploads\/2022\/04\/Sistema-modelado-de-armazenamento.-1-300x225.jpeg 300w, https:\/\/www.caritasne2.org.br\/site\/wp-content\/uploads\/2022\/04\/Sistema-modelado-de-armazenamento.-1-768x576.jpeg 768w, https:\/\/www.caritasne2.org.br\/site\/wp-content\/uploads\/2022\/04\/Sistema-modelado-de-armazenamento.-1-1024x768.jpeg 1024w\" sizes=\"(max-width: 687px) 100vw, 687px\" \/><\/a><\/p>\n<p style=\"text-align: justify;\"><a href=\"https:\/\/www.caritasne2.org.br\/9214-2\/2o-reservatorio-filtro-biologico-4\/\" rel=\"attachment wp-att-9220\"><img decoding=\"async\" loading=\"lazy\" class=\"aligncenter wp-image-9220\" src=\"https:\/\/www.caritasne2.org.br\/wp-content\/uploads\/2022\/04\/2\u00ba-reservat\u00f3rio-filtro-biol\u00f3gico-4.jpeg\" alt=\"\" width=\"680\" height=\"406\" srcset=\"https:\/\/www.caritasne2.org.br\/site\/wp-content\/uploads\/2022\/04\/2\u00ba-reservat\u00f3rio-filtro-biol\u00f3gico-4.jpeg 1280w, https:\/\/www.caritasne2.org.br\/site\/wp-content\/uploads\/2022\/04\/2\u00ba-reservat\u00f3rio-filtro-biol\u00f3gico-4-300x179.jpeg 300w, https:\/\/www.caritasne2.org.br\/site\/wp-content\/uploads\/2022\/04\/2\u00ba-reservat\u00f3rio-filtro-biol\u00f3gico-4-768x458.jpeg 768w, https:\/\/www.caritasne2.org.br\/site\/wp-content\/uploads\/2022\/04\/2\u00ba-reservat\u00f3rio-filtro-biol\u00f3gico-4-1024x610.jpeg 1024w\" sizes=\"(max-width: 680px) 100vw, 680px\" \/><\/a><\/p>\n<p style=\"text-align: justify;\"><a href=\"https:\/\/www.caritasne2.org.br\/9214-2\/2o-reservatorio-filtro-biologico-2\/\" rel=\"attachment wp-att-9221\"><img decoding=\"async\" loading=\"lazy\" class=\"aligncenter wp-image-9221\" src=\"https:\/\/www.caritasne2.org.br\/wp-content\/uploads\/2022\/04\/2\u00ba-reservat\u00f3rio-filtro-biol\u00f3gico-2.jpeg\" alt=\"\" width=\"680\" height=\"450\" srcset=\"https:\/\/www.caritasne2.org.br\/site\/wp-content\/uploads\/2022\/04\/2\u00ba-reservat\u00f3rio-filtro-biol\u00f3gico-2.jpeg 1280w, https:\/\/www.caritasne2.org.br\/site\/wp-content\/uploads\/2022\/04\/2\u00ba-reservat\u00f3rio-filtro-biol\u00f3gico-2-300x200.jpeg 300w, https:\/\/www.caritasne2.org.br\/site\/wp-content\/uploads\/2022\/04\/2\u00ba-reservat\u00f3rio-filtro-biol\u00f3gico-2-768x508.jpeg 768w, https:\/\/www.caritasne2.org.br\/site\/wp-content\/uploads\/2022\/04\/2\u00ba-reservat\u00f3rio-filtro-biol\u00f3gico-2-1024x677.jpeg 1024w\" sizes=\"(max-width: 680px) 100vw, 680px\" \/><\/a><\/p>\n<p>&nbsp;<\/p>\n<p>&nbsp;<\/p>\n<ul class=\"ssb_list_wrapper\"><li class=\"fb2\" style=\"width:135px\"><iframe src=\"\/\/www.facebook.com\/plugins\/like.php?href=https%3A%2F%2Fwww.caritasne2.org.br%2Fsite%2F9214-2%2F&amp;layout=button_count&amp;action=like&amp;show_faces=false&amp;share=true&amp;width=135&amp;height=21&amp;appId=307091639398582\" scrolling=\"no\" frameborder=\"0\" style=\"border:none; overflow:hidden;  width:150px; height:21px;\" allowTransparency=\"true\"><\/iframe><\/li><li class=\"twtr\" style=\"width:90px\"><a href=\"https:\/\/twitter.com\/share\" class=\"twitter-share-button\" data-url=\"https:\/\/www.caritasne2.org.br\/site\/9214-2\/\">&nbsp;<\/a><script>!function(d,s,id){var js,fjs=d.getElementsByTagName(s)[0],p=\/^http:\/.test(d.location)?'http':'https';if(!d.getElementById(id)){js=d.createElement(s);js.id=id;js.src=p+':\/\/platform.twitter.com\/widgets.js';fjs.parentNode.insertBefore(js,fjs);}}(document, 'script', 'twitter-wjs');<\/script><\/li><li class=\"gplus\" style=\"width:68px\"><div class=\"g-plusone\" data-size=\"medium\" data-href=\"https:\/\/www.caritasne2.org.br\/site\/9214-2\/\"><\/div><\/li><li class=\"ssb_linkedin\" style=\"width:64px\"><script src=\"\/\/platform.linkedin.com\/in.js\" type=\"text\/javascript\">lang: en_US<\/script><script type=\"IN\/Share\" data-url=\"https:\/\/www.caritasne2.org.br\/site\/9214-2\/\" data-counter=\"right\"><\/script><\/li><\/ul>","protected":false},"excerpt":{"rendered":"<p>A a\u00e7\u00e3o foi poss\u00edvel gra\u00e7as a parceria da C\u00e1ritas Regional NE2 e a institui\u00e7\u00e3o cat\u00f3lica alem\u00e3, Misereor, atrav\u00e9s do \u00a0Projeto Promo\u00e7\u00e3o e Defesa de Direitos na Perspectiva da Constru\u00e7\u00e3o de Sociedades do Bem Viver no Regional NE II Tratar \u00e1guas cinzas, aquelas resultantes do banho, da lavagem da lou\u00e7a e da lavagem de roupas e reutiliz\u00e1-las principalmente para regar plantas, \u00e9 uma pr\u00e1tica que come\u00e7a [&hellip;]<\/p>\n<ul class=\"ssb_list_wrapper\"><li class=\"fb2\" style=\"width:135px\"><iframe src=\"\/\/www.facebook.com\/plugins\/like.php?href=https%3A%2F%2Fwww.caritasne2.org.br%2Fsite%2F9214-2%2F&amp;layout=button_count&amp;action=like&amp;show_faces=false&amp;share=true&amp;width=135&amp;height=21&amp;appId=307091639398582\" scrolling=\"no\" frameborder=\"0\" style=\"border:none; overflow:hidden;  width:150px; height:21px;\" allowTransparency=\"true\"><\/iframe><\/li><li class=\"twtr\" style=\"width:90px\"><a href=\"https:\/\/twitter.com\/share\" class=\"twitter-share-button\" data-url=\"https:\/\/www.caritasne2.org.br\/site\/9214-2\/\">&nbsp;<\/a><script>!function(d,s,id){var js,fjs=d.getElementsByTagName(s)[0],p=\/^http:\/.test(d.location)?'http':'https';if(!d.getElementById(id)){js=d.createElement(s);js.id=id;js.src=p+':\/\/platform.twitter.com\/widgets.js';fjs.parentNode.insertBefore(js,fjs);}}(document, 'script', 'twitter-wjs');<\/script><\/li><li class=\"gplus\" style=\"width:68px\"><div class=\"g-plusone\" data-size=\"medium\" data-href=\"https:\/\/www.caritasne2.org.br\/site\/9214-2\/\"><\/div><\/li><li class=\"ssb_linkedin\" style=\"width:64px\"><script src=\"\/\/platform.linkedin.com\/in.js\" type=\"text\/javascript\">lang: en_US<\/script><script type=\"IN\/Share\" data-url=\"https:\/\/www.caritasne2.org.br\/site\/9214-2\/\" data-counter=\"right\"><\/script><\/li><\/ul>","protected":false},"author":4,"featured_media":9215,"comment_status":"open","ping_status":"open","sticky":false,"template":"","format":"standard","meta":[],"categories":[20],"tags":[],"_links":{"self":[{"href":"https:\/\/www.caritasne2.org.br\/site\/wp-json\/wp\/v2\/posts\/9214"}],"collection":[{"href":"https:\/\/www.caritasne2.org.br\/site\/wp-json\/wp\/v2\/posts"}],"about":[{"href":"https:\/\/www.caritasne2.org.br\/site\/wp-json\/wp\/v2\/types\/post"}],"author":[{"embeddable":true,"href":"https:\/\/www.caritasne2.org.br\/site\/wp-json\/wp\/v2\/users\/4"}],"replies":[{"embeddable":true,"href":"https:\/\/www.caritasne2.org.br\/site\/wp-json\/wp\/v2\/comments?post=9214"}],"version-history":[{"count":0,"href":"https:\/\/www.caritasne2.org.br\/site\/wp-json\/wp\/v2\/posts\/9214\/revisions"}],"wp:featuredmedia":[{"embeddable":true,"href":"https:\/\/www.caritasne2.org.br\/site\/wp-json\/wp\/v2\/media\/9215"}],"wp:attachment":[{"href":"https:\/\/www.caritasne2.org.br\/site\/wp-json\/wp\/v2\/media?parent=9214"}],"wp:term":[{"taxonomy":"category","embeddable":true,"href":"https:\/\/www.caritasne2.org.br\/site\/wp-json\/wp\/v2\/categories?post=9214"},{"taxonomy":"post_tag","embeddable":true,"href":"https:\/\/www.caritasne2.org.br\/site\/wp-json\/wp\/v2\/tags?post=9214"}],"curies":[{"name":"wp","href":"https:\/\/api.w.org\/{rel}","templated":true}]}}