{"id":9189,"date":"2022-04-07T15:55:18","date_gmt":"2022-04-07T18:55:18","guid":{"rendered":"https:\/\/www.caritasne2.org.br\/?p=9189"},"modified":"2022-04-07T15:59:35","modified_gmt":"2022-04-07T18:59:35","slug":"caritas-regional-da-cbne2-realiza-planejamento-operacional-anual-poa-2022-com-escutas-da-rede-caritas-foruns-caritas-estaduais-e-secretariado-regional","status":"publish","type":"post","link":"https:\/\/www.caritasne2.org.br\/site\/caritas-regional-da-cbne2-realiza-planejamento-operacional-anual-poa-2022-com-escutas-da-rede-caritas-foruns-caritas-estaduais-e-secretariado-regional\/","title":{"rendered":"C\u00e1ritas Regional NE2 realiza Planejamento Operacional Anual ( POA) 2022 com escutas da rede C\u00e1ritas, f\u00f3runs C\u00e1ritas estaduais  e secretariado regional"},"content":{"rendered":"<p style=\"font-weight: 400;\"><em>\u00daltima\u00a0 etapa do POA aconteceu dos dias 04 a 06 de abril, e reuniu\u00a0 equipe do secretariado regional\u00a0<\/em><\/p>\n<p style=\"font-weight: 400;\">Ap\u00f3s um processo de escuta e avalia\u00e7\u00e3o dividido em\u00a0 etapas com a Rede C\u00e1ritas NE2, agentes do secretariado regional do NE2 se reuniram esta semana para realizar o Planejamento Operacional Anual 2022. O momento aconteceu em Aldeia (Camaragibe), seguindo os protocolos de seguran\u00e7a e higiene para constru\u00e7\u00e3o do planejamento nestes 3 dias.<\/p>\n<p style=\"font-weight: 400;\">O\u00a0 primeiro e segundo dias foram dedicados a acolhida,\u00a0 integra\u00e7\u00e3o\u00a0 e\u00a0 forma\u00e7\u00e3o sobre o perfil do que \u00e9 &#8220;Ser Agente C\u00e1ritas&#8221;,\u00a0 fluxograma da Rede C\u00e1ritas no NE2, no Brasil e no mundo; e como funciona as atividades no Regional.\u00a0 Ainda no segundo e terceiro dia, os agentes se dedicaram a realiza\u00e7\u00e3o do planejamento.<\/p>\n<p style=\"font-weight: 400;\">O Planejamento Operacional Anual do Regional\u00a0 NE2 para 2022 foi constru\u00eddo a partir dos seguintes eixos: indicadores apontados pela Rede C\u00e1ritas, no POA\u00a0 ocorrido em Lagoa Seca (PB); as avalia\u00e7\u00f5es e escutas das entidades membros; e desafios e a\u00e7\u00f5es priorit\u00e1rias\u00a0 apontados pela equipe do secretariado regional e projetos em execu\u00e7\u00e3o no Regional NE2.<\/p>\n<p style=\"font-weight: 400;\"><a href=\"https:\/\/www.caritasne2.org.br\/caritas-regional-da-cbne2-realiza-planejamento-operacional-anual-poa-2022-com-escutas-da-rede-caritas-foruns-caritas-estaduais-e-secretariado-regional\/whatsapp-image-2022-04-07-at-15-51-32-1\/\" rel=\"attachment wp-att-9191\"><img decoding=\"async\" loading=\"lazy\" class=\"aligncenter wp-image-9191\" src=\"https:\/\/www.caritasne2.org.br\/wp-content\/uploads\/2022\/04\/WhatsApp-Image-2022-04-07-at-15.51.32-1.jpeg\" alt=\"\" width=\"712\" height=\"535\" srcset=\"https:\/\/www.caritasne2.org.br\/site\/wp-content\/uploads\/2022\/04\/WhatsApp-Image-2022-04-07-at-15.51.32-1.jpeg 1600w, https:\/\/www.caritasne2.org.br\/site\/wp-content\/uploads\/2022\/04\/WhatsApp-Image-2022-04-07-at-15.51.32-1-300x225.jpeg 300w, https:\/\/www.caritasne2.org.br\/site\/wp-content\/uploads\/2022\/04\/WhatsApp-Image-2022-04-07-at-15.51.32-1-768x576.jpeg 768w, https:\/\/www.caritasne2.org.br\/site\/wp-content\/uploads\/2022\/04\/WhatsApp-Image-2022-04-07-at-15.51.32-1-1024x768.jpeg 1024w\" sizes=\"(max-width: 712px) 100vw, 712px\" \/><\/a><\/p>\n<p style=\"font-weight: 400;\"><a href=\"https:\/\/www.caritasne2.org.br\/caritas-regional-da-cbne2-realiza-planejamento-operacional-anual-poa-2022-com-escutas-da-rede-caritas-foruns-caritas-estaduais-e-secretariado-regional\/whatsapp-image-2022-04-07-at-15-51-31\/\" rel=\"attachment wp-att-9192\"><img decoding=\"async\" loading=\"lazy\" class=\"aligncenter wp-image-9192\" src=\"https:\/\/www.caritasne2.org.br\/wp-content\/uploads\/2022\/04\/WhatsApp-Image-2022-04-07-at-15.51.31.jpeg\" alt=\"\" width=\"710\" height=\"533\" srcset=\"https:\/\/www.caritasne2.org.br\/site\/wp-content\/uploads\/2022\/04\/WhatsApp-Image-2022-04-07-at-15.51.31.jpeg 1600w, https:\/\/www.caritasne2.org.br\/site\/wp-content\/uploads\/2022\/04\/WhatsApp-Image-2022-04-07-at-15.51.31-300x225.jpeg 300w, https:\/\/www.caritasne2.org.br\/site\/wp-content\/uploads\/2022\/04\/WhatsApp-Image-2022-04-07-at-15.51.31-768x576.jpeg 768w, https:\/\/www.caritasne2.org.br\/site\/wp-content\/uploads\/2022\/04\/WhatsApp-Image-2022-04-07-at-15.51.31-1024x768.jpeg 1024w\" sizes=\"(max-width: 710px) 100vw, 710px\" \/><\/a><\/p>\n<p style=\"font-weight: 400;\"><a href=\"https:\/\/www.caritasne2.org.br\/caritas-regional-da-cbne2-realiza-planejamento-operacional-anual-poa-2022-com-escutas-da-rede-caritas-foruns-caritas-estaduais-e-secretariado-regional\/whatsapp-image-2022-04-07-at-15-51-30\/\" rel=\"attachment wp-att-9193\"><img decoding=\"async\" loading=\"lazy\" class=\"aligncenter wp-image-9193\" src=\"https:\/\/www.caritasne2.org.br\/wp-content\/uploads\/2022\/04\/WhatsApp-Image-2022-04-07-at-15.51.30.jpeg\" alt=\"\" width=\"714\" height=\"535\" srcset=\"https:\/\/www.caritasne2.org.br\/site\/wp-content\/uploads\/2022\/04\/WhatsApp-Image-2022-04-07-at-15.51.30.jpeg 1600w, https:\/\/www.caritasne2.org.br\/site\/wp-content\/uploads\/2022\/04\/WhatsApp-Image-2022-04-07-at-15.51.30-300x225.jpeg 300w, https:\/\/www.caritasne2.org.br\/site\/wp-content\/uploads\/2022\/04\/WhatsApp-Image-2022-04-07-at-15.51.30-768x576.jpeg 768w, https:\/\/www.caritasne2.org.br\/site\/wp-content\/uploads\/2022\/04\/WhatsApp-Image-2022-04-07-at-15.51.30-1024x768.jpeg 1024w\" sizes=\"(max-width: 714px) 100vw, 714px\" \/><\/a><\/p>\n<p style=\"font-weight: 400;\"><a href=\"https:\/\/www.caritasne2.org.br\/caritas-regional-da-cbne2-realiza-planejamento-operacional-anual-poa-2022-com-escutas-da-rede-caritas-foruns-caritas-estaduais-e-secretariado-regional\/whatsapp-image-2022-04-07-at-15-51-29-1\/\" rel=\"attachment wp-att-9194\"><img decoding=\"async\" loading=\"lazy\" class=\"aligncenter wp-image-9194\" src=\"https:\/\/www.caritasne2.org.br\/wp-content\/uploads\/2022\/04\/WhatsApp-Image-2022-04-07-at-15.51.29-1.jpeg\" alt=\"\" width=\"714\" height=\"535\" srcset=\"https:\/\/www.caritasne2.org.br\/site\/wp-content\/uploads\/2022\/04\/WhatsApp-Image-2022-04-07-at-15.51.29-1.jpeg 1600w, https:\/\/www.caritasne2.org.br\/site\/wp-content\/uploads\/2022\/04\/WhatsApp-Image-2022-04-07-at-15.51.29-1-300x225.jpeg 300w, https:\/\/www.caritasne2.org.br\/site\/wp-content\/uploads\/2022\/04\/WhatsApp-Image-2022-04-07-at-15.51.29-1-768x576.jpeg 768w, https:\/\/www.caritasne2.org.br\/site\/wp-content\/uploads\/2022\/04\/WhatsApp-Image-2022-04-07-at-15.51.29-1-1024x768.jpeg 1024w\" sizes=\"(max-width: 714px) 100vw, 714px\" \/><\/a><\/p>\n<p style=\"font-weight: 400;\"><a href=\"https:\/\/www.caritasne2.org.br\/caritas-regional-da-cbne2-realiza-planejamento-operacional-anual-poa-2022-com-escutas-da-rede-caritas-foruns-caritas-estaduais-e-secretariado-regional\/whatsapp-image-2022-04-07-at-15-51-29\/\" rel=\"attachment wp-att-9195\"><img decoding=\"async\" loading=\"lazy\" class=\"aligncenter wp-image-9195\" src=\"https:\/\/www.caritasne2.org.br\/wp-content\/uploads\/2022\/04\/WhatsApp-Image-2022-04-07-at-15.51.29.jpeg\" alt=\"\" width=\"708\" height=\"531\" srcset=\"https:\/\/www.caritasne2.org.br\/site\/wp-content\/uploads\/2022\/04\/WhatsApp-Image-2022-04-07-at-15.51.29.jpeg 1600w, https:\/\/www.caritasne2.org.br\/site\/wp-content\/uploads\/2022\/04\/WhatsApp-Image-2022-04-07-at-15.51.29-300x225.jpeg 300w, https:\/\/www.caritasne2.org.br\/site\/wp-content\/uploads\/2022\/04\/WhatsApp-Image-2022-04-07-at-15.51.29-768x576.jpeg 768w, https:\/\/www.caritasne2.org.br\/site\/wp-content\/uploads\/2022\/04\/WhatsApp-Image-2022-04-07-at-15.51.29-1024x768.jpeg 1024w\" sizes=\"(max-width: 708px) 100vw, 708px\" \/><\/a><\/p>\n<p style=\"font-weight: 400;\"><a href=\"https:\/\/www.caritasne2.org.br\/caritas-regional-da-cbne2-realiza-planejamento-operacional-anual-poa-2022-com-escutas-da-rede-caritas-foruns-caritas-estaduais-e-secretariado-regional\/whatsapp-image-2022-04-07-at-15-51-28-1\/\" rel=\"attachment wp-att-9196\"><img decoding=\"async\" loading=\"lazy\" class=\"aligncenter wp-image-9196\" src=\"https:\/\/www.caritasne2.org.br\/wp-content\/uploads\/2022\/04\/WhatsApp-Image-2022-04-07-at-15.51.28-1.jpeg\" alt=\"\" width=\"707\" height=\"530\" srcset=\"https:\/\/www.caritasne2.org.br\/site\/wp-content\/uploads\/2022\/04\/WhatsApp-Image-2022-04-07-at-15.51.28-1.jpeg 1600w, https:\/\/www.caritasne2.org.br\/site\/wp-content\/uploads\/2022\/04\/WhatsApp-Image-2022-04-07-at-15.51.28-1-300x225.jpeg 300w, https:\/\/www.caritasne2.org.br\/site\/wp-content\/uploads\/2022\/04\/WhatsApp-Image-2022-04-07-at-15.51.28-1-768x576.jpeg 768w, https:\/\/www.caritasne2.org.br\/site\/wp-content\/uploads\/2022\/04\/WhatsApp-Image-2022-04-07-at-15.51.28-1-1024x768.jpeg 1024w\" sizes=\"(max-width: 707px) 100vw, 707px\" \/><\/a><\/p>\n<p style=\"font-weight: 400;\"><a href=\"https:\/\/www.caritasne2.org.br\/caritas-regional-da-cbne2-realiza-planejamento-operacional-anual-poa-2022-com-escutas-da-rede-caritas-foruns-caritas-estaduais-e-secretariado-regional\/whatsapp-image-2022-04-07-at-15-51-26-1\/\" rel=\"attachment wp-att-9197\"><img decoding=\"async\" loading=\"lazy\" class=\"aligncenter wp-image-9197\" src=\"https:\/\/www.caritasne2.org.br\/wp-content\/uploads\/2022\/04\/WhatsApp-Image-2022-04-07-at-15.51.26-1.jpeg\" alt=\"\" width=\"707\" height=\"530\" srcset=\"https:\/\/www.caritasne2.org.br\/site\/wp-content\/uploads\/2022\/04\/WhatsApp-Image-2022-04-07-at-15.51.26-1.jpeg 1600w, https:\/\/www.caritasne2.org.br\/site\/wp-content\/uploads\/2022\/04\/WhatsApp-Image-2022-04-07-at-15.51.26-1-300x225.jpeg 300w, https:\/\/www.caritasne2.org.br\/site\/wp-content\/uploads\/2022\/04\/WhatsApp-Image-2022-04-07-at-15.51.26-1-768x576.jpeg 768w, https:\/\/www.caritasne2.org.br\/site\/wp-content\/uploads\/2022\/04\/WhatsApp-Image-2022-04-07-at-15.51.26-1-1024x768.jpeg 1024w\" sizes=\"(max-width: 707px) 100vw, 707px\" \/><\/a><\/p>\n<ul class=\"ssb_list_wrapper\"><li class=\"fb2\" style=\"width:135px\"><iframe src=\"\/\/www.facebook.com\/plugins\/like.php?href=https%3A%2F%2Fwww.caritasne2.org.br%2Fsite%2Fcaritas-regional-da-cbne2-realiza-planejamento-operacional-anual-poa-2022-com-escutas-da-rede-caritas-foruns-caritas-estaduais-e-secretariado-regional%2F&amp;layout=button_count&amp;action=like&amp;show_faces=false&amp;share=true&amp;width=135&amp;height=21&amp;appId=307091639398582\" scrolling=\"no\" frameborder=\"0\" style=\"border:none; overflow:hidden;  width:150px; height:21px;\" allowTransparency=\"true\"><\/iframe><\/li><li class=\"twtr\" style=\"width:90px\"><a href=\"https:\/\/twitter.com\/share\" class=\"twitter-share-button\" data-url=\"https:\/\/www.caritasne2.org.br\/site\/caritas-regional-da-cbne2-realiza-planejamento-operacional-anual-poa-2022-com-escutas-da-rede-caritas-foruns-caritas-estaduais-e-secretariado-regional\/\">&nbsp;<\/a><script>!function(d,s,id){var js,fjs=d.getElementsByTagName(s)[0],p=\/^http:\/.test(d.location)?'http':'https';if(!d.getElementById(id)){js=d.createElement(s);js.id=id;js.src=p+':\/\/platform.twitter.com\/widgets.js';fjs.parentNode.insertBefore(js,fjs);}}(document, 'script', 'twitter-wjs');<\/script><\/li><li class=\"gplus\" style=\"width:68px\"><div class=\"g-plusone\" data-size=\"medium\" data-href=\"https:\/\/www.caritasne2.org.br\/site\/caritas-regional-da-cbne2-realiza-planejamento-operacional-anual-poa-2022-com-escutas-da-rede-caritas-foruns-caritas-estaduais-e-secretariado-regional\/\"><\/div><\/li><li class=\"ssb_linkedin\" style=\"width:64px\"><script src=\"\/\/platform.linkedin.com\/in.js\" type=\"text\/javascript\">lang: en_US<\/script><script type=\"IN\/Share\" data-url=\"https:\/\/www.caritasne2.org.br\/site\/caritas-regional-da-cbne2-realiza-planejamento-operacional-anual-poa-2022-com-escutas-da-rede-caritas-foruns-caritas-estaduais-e-secretariado-regional\/\" data-counter=\"right\"><\/script><\/li><\/ul>","protected":false},"excerpt":{"rendered":"<p>\u00daltima\u00a0 etapa do POA aconteceu dos dias 04 a 06 de abril, e reuniu\u00a0 equipe do secretariado regional\u00a0 Ap\u00f3s um processo de escuta e avalia\u00e7\u00e3o dividido em\u00a0 etapas com a Rede C\u00e1ritas NE2, agentes do secretariado regional do NE2 se reuniram esta semana para realizar o Planejamento Operacional Anual 2022. O momento aconteceu em Aldeia (Camaragibe), seguindo os protocolos de seguran\u00e7a e higiene para constru\u00e7\u00e3o [&hellip;]<\/p>\n<ul class=\"ssb_list_wrapper\"><li class=\"fb2\" style=\"width:135px\"><iframe src=\"\/\/www.facebook.com\/plugins\/like.php?href=https%3A%2F%2Fwww.caritasne2.org.br%2Fsite%2Fcaritas-regional-da-cbne2-realiza-planejamento-operacional-anual-poa-2022-com-escutas-da-rede-caritas-foruns-caritas-estaduais-e-secretariado-regional%2F&amp;layout=button_count&amp;action=like&amp;show_faces=false&amp;share=true&amp;width=135&amp;height=21&amp;appId=307091639398582\" scrolling=\"no\" frameborder=\"0\" style=\"border:none; overflow:hidden;  width:150px; height:21px;\" allowTransparency=\"true\"><\/iframe><\/li><li class=\"twtr\" style=\"width:90px\"><a href=\"https:\/\/twitter.com\/share\" class=\"twitter-share-button\" data-url=\"https:\/\/www.caritasne2.org.br\/site\/caritas-regional-da-cbne2-realiza-planejamento-operacional-anual-poa-2022-com-escutas-da-rede-caritas-foruns-caritas-estaduais-e-secretariado-regional\/\">&nbsp;<\/a><script>!function(d,s,id){var js,fjs=d.getElementsByTagName(s)[0],p=\/^http:\/.test(d.location)?'http':'https';if(!d.getElementById(id)){js=d.createElement(s);js.id=id;js.src=p+':\/\/platform.twitter.com\/widgets.js';fjs.parentNode.insertBefore(js,fjs);}}(document, 'script', 'twitter-wjs');<\/script><\/li><li class=\"gplus\" style=\"width:68px\"><div class=\"g-plusone\" data-size=\"medium\" data-href=\"https:\/\/www.caritasne2.org.br\/site\/caritas-regional-da-cbne2-realiza-planejamento-operacional-anual-poa-2022-com-escutas-da-rede-caritas-foruns-caritas-estaduais-e-secretariado-regional\/\"><\/div><\/li><li class=\"ssb_linkedin\" style=\"width:64px\"><script src=\"\/\/platform.linkedin.com\/in.js\" type=\"text\/javascript\">lang: en_US<\/script><script type=\"IN\/Share\" data-url=\"https:\/\/www.caritasne2.org.br\/site\/caritas-regional-da-cbne2-realiza-planejamento-operacional-anual-poa-2022-com-escutas-da-rede-caritas-foruns-caritas-estaduais-e-secretariado-regional\/\" data-counter=\"right\"><\/script><\/li><\/ul>","protected":false},"author":4,"featured_media":9190,"comment_status":"open","ping_status":"open","sticky":false,"template":"","format":"standard","meta":[],"categories":[21,20],"tags":[],"_links":{"self":[{"href":"https:\/\/www.caritasne2.org.br\/site\/wp-json\/wp\/v2\/posts\/9189"}],"collection":[{"href":"https:\/\/www.caritasne2.org.br\/site\/wp-json\/wp\/v2\/posts"}],"about":[{"href":"https:\/\/www.caritasne2.org.br\/site\/wp-json\/wp\/v2\/types\/post"}],"author":[{"embeddable":true,"href":"https:\/\/www.caritasne2.org.br\/site\/wp-json\/wp\/v2\/users\/4"}],"replies":[{"embeddable":true,"href":"https:\/\/www.caritasne2.org.br\/site\/wp-json\/wp\/v2\/comments?post=9189"}],"version-history":[{"count":0,"href":"https:\/\/www.caritasne2.org.br\/site\/wp-json\/wp\/v2\/posts\/9189\/revisions"}],"wp:featuredmedia":[{"embeddable":true,"href":"https:\/\/www.caritasne2.org.br\/site\/wp-json\/wp\/v2\/media\/9190"}],"wp:attachment":[{"href":"https:\/\/www.caritasne2.org.br\/site\/wp-json\/wp\/v2\/media?parent=9189"}],"wp:term":[{"taxonomy":"category","embeddable":true,"href":"https:\/\/www.caritasne2.org.br\/site\/wp-json\/wp\/v2\/categories?post=9189"},{"taxonomy":"post_tag","embeddable":true,"href":"https:\/\/www.caritasne2.org.br\/site\/wp-json\/wp\/v2\/tags?post=9189"}],"curies":[{"name":"wp","href":"https:\/\/api.w.org\/{rel}","templated":true}]}}