{"id":918,"date":"2013-04-19T15:07:48","date_gmt":"2013-04-19T18:07:48","guid":{"rendered":"http:\/\/ne2.caritas.org.br.s174889.gridserver.com\/?p=918"},"modified":"2017-07-11T15:24:53","modified_gmt":"2017-07-11T18:24:53","slug":"caritas-ne2-edital-de-selecao-0022013","status":"publish","type":"post","link":"https:\/\/www.caritasne2.org.br\/site\/caritas-ne2-edital-de-selecao-0022013\/","title":{"rendered":"C\u00e1ritas NE2: Edital de Sele\u00e7\u00e3o 002\/2013"},"content":{"rendered":"<p style=\"text-align: center;\"><strong>EDITAL DE SELE\u00c7\u00c3O 002\/2013<\/strong><\/p>\n<p style=\"text-align: center;\"><strong>CONV\u00caNIO TCTF 060\/2013<\/strong><\/p>\n<p style=\"text-align: center;\"><strong>PROCESSO SELETIVO DE CONTRATA\u00c7\u00c3O DE PESSOAL PARA ATUAR COMO COMUNICADOR POPULAR<\/strong><\/p>\n<p>A C\u00e1ritas Brasileira Regional Nordeste 2, organismo da CNBB (Confer\u00eancia Nacional dos Bispos do Brasil), torna p\u00fablica a realiza\u00e7\u00e3o do Processo Seletivo Simplificado para contrata\u00e7\u00e3o de profissional com forma\u00e7\u00e3o acad\u00eamica nas \u00e1reas de Jornalismo, Rela\u00e7\u00f5es P\u00fablicas ou Publicidade e Propaganda. Para todos os efeitos, o conhecimento pr\u00e9vio das normas contidas neste instrumento \u00e9 de requisito essencial para participa\u00e7\u00e3o em quaisquer das etapas do processo seletivo.<\/p>\n<p><a title=\"Edital \" href=\"http:\/\/ne2.caritas.org.br.s174889.gridserver.com\/wp-content\/uploads\/2013\/04\/Edital-n-002-Comunicador-Popular-..pdf\" target=\"_blank\">Para acessar o edital completo: clique aqui <\/a><\/p>\n<ul class=\"ssb_list_wrapper\"><li class=\"fb2\" style=\"width:135px\"><iframe src=\"\/\/www.facebook.com\/plugins\/like.php?href=https%3A%2F%2Fwww.caritasne2.org.br%2Fsite%2Fcaritas-ne2-edital-de-selecao-0022013%2F&amp;layout=button_count&amp;action=like&amp;show_faces=false&amp;share=true&amp;width=135&amp;height=21&amp;appId=307091639398582\" scrolling=\"no\" frameborder=\"0\" style=\"border:none; overflow:hidden;  width:150px; height:21px;\" allowTransparency=\"true\"><\/iframe><\/li><li class=\"twtr\" style=\"width:90px\"><a href=\"https:\/\/twitter.com\/share\" class=\"twitter-share-button\" data-url=\"https:\/\/www.caritasne2.org.br\/site\/caritas-ne2-edital-de-selecao-0022013\/\">&nbsp;<\/a><script>!function(d,s,id){var js,fjs=d.getElementsByTagName(s)[0],p=\/^http:\/.test(d.location)?'http':'https';if(!d.getElementById(id)){js=d.createElement(s);js.id=id;js.src=p+':\/\/platform.twitter.com\/widgets.js';fjs.parentNode.insertBefore(js,fjs);}}(document, 'script', 'twitter-wjs');<\/script><\/li><li class=\"gplus\" style=\"width:68px\"><div class=\"g-plusone\" data-size=\"medium\" data-href=\"https:\/\/www.caritasne2.org.br\/site\/caritas-ne2-edital-de-selecao-0022013\/\"><\/div><\/li><li class=\"ssb_linkedin\" style=\"width:64px\"><script src=\"\/\/platform.linkedin.com\/in.js\" type=\"text\/javascript\">lang: en_US<\/script><script type=\"IN\/Share\" data-url=\"https:\/\/www.caritasne2.org.br\/site\/caritas-ne2-edital-de-selecao-0022013\/\" data-counter=\"right\"><\/script><\/li><\/ul>","protected":false},"excerpt":{"rendered":"<p>EDITAL DE SELE\u00c7\u00c3O 002\/2013 CONV\u00caNIO TCTF 060\/2013 PROCESSO SELETIVO DE CONTRATA\u00c7\u00c3O DE PESSOAL PARA ATUAR COMO COMUNICADOR POPULAR A C\u00e1ritas Brasileira Regional Nordeste 2, organismo da CNBB (Confer\u00eancia Nacional dos Bispos do Brasil), torna p\u00fablica a realiza\u00e7\u00e3o do Processo Seletivo Simplificado para contrata\u00e7\u00e3o de profissional com forma\u00e7\u00e3o acad\u00eamica nas \u00e1reas de Jornalismo, Rela\u00e7\u00f5es P\u00fablicas ou Publicidade e Propaganda. Para todos os efeitos, o conhecimento pr\u00e9vio [&hellip;]<\/p>\n<ul class=\"ssb_list_wrapper\"><li class=\"fb2\" style=\"width:135px\"><iframe src=\"\/\/www.facebook.com\/plugins\/like.php?href=https%3A%2F%2Fwww.caritasne2.org.br%2Fsite%2Fcaritas-ne2-edital-de-selecao-0022013%2F&amp;layout=button_count&amp;action=like&amp;show_faces=false&amp;share=true&amp;width=135&amp;height=21&amp;appId=307091639398582\" scrolling=\"no\" frameborder=\"0\" style=\"border:none; overflow:hidden;  width:150px; height:21px;\" allowTransparency=\"true\"><\/iframe><\/li><li class=\"twtr\" style=\"width:90px\"><a href=\"https:\/\/twitter.com\/share\" class=\"twitter-share-button\" data-url=\"https:\/\/www.caritasne2.org.br\/site\/caritas-ne2-edital-de-selecao-0022013\/\">&nbsp;<\/a><script>!function(d,s,id){var js,fjs=d.getElementsByTagName(s)[0],p=\/^http:\/.test(d.location)?'http':'https';if(!d.getElementById(id)){js=d.createElement(s);js.id=id;js.src=p+':\/\/platform.twitter.com\/widgets.js';fjs.parentNode.insertBefore(js,fjs);}}(document, 'script', 'twitter-wjs');<\/script><\/li><li class=\"gplus\" style=\"width:68px\"><div class=\"g-plusone\" data-size=\"medium\" data-href=\"https:\/\/www.caritasne2.org.br\/site\/caritas-ne2-edital-de-selecao-0022013\/\"><\/div><\/li><li class=\"ssb_linkedin\" style=\"width:64px\"><script src=\"\/\/platform.linkedin.com\/in.js\" type=\"text\/javascript\">lang: en_US<\/script><script type=\"IN\/Share\" data-url=\"https:\/\/www.caritasne2.org.br\/site\/caritas-ne2-edital-de-selecao-0022013\/\" data-counter=\"right\"><\/script><\/li><\/ul>","protected":false},"author":4,"featured_media":0,"comment_status":"open","ping_status":"open","sticky":false,"template":"","format":"standard","meta":[],"categories":[174,20],"tags":[177,178,179,180,181],"_links":{"self":[{"href":"https:\/\/www.caritasne2.org.br\/site\/wp-json\/wp\/v2\/posts\/918"}],"collection":[{"href":"https:\/\/www.caritasne2.org.br\/site\/wp-json\/wp\/v2\/posts"}],"about":[{"href":"https:\/\/www.caritasne2.org.br\/site\/wp-json\/wp\/v2\/types\/post"}],"author":[{"embeddable":true,"href":"https:\/\/www.caritasne2.org.br\/site\/wp-json\/wp\/v2\/users\/4"}],"replies":[{"embeddable":true,"href":"https:\/\/www.caritasne2.org.br\/site\/wp-json\/wp\/v2\/comments?post=918"}],"version-history":[{"count":0,"href":"https:\/\/www.caritasne2.org.br\/site\/wp-json\/wp\/v2\/posts\/918\/revisions"}],"wp:attachment":[{"href":"https:\/\/www.caritasne2.org.br\/site\/wp-json\/wp\/v2\/media?parent=918"}],"wp:term":[{"taxonomy":"category","embeddable":true,"href":"https:\/\/www.caritasne2.org.br\/site\/wp-json\/wp\/v2\/categories?post=918"},{"taxonomy":"post_tag","embeddable":true,"href":"https:\/\/www.caritasne2.org.br\/site\/wp-json\/wp\/v2\/tags?post=918"}],"curies":[{"name":"wp","href":"https:\/\/api.w.org\/{rel}","templated":true}]}}