{"id":9178,"date":"2022-03-30T15:51:19","date_gmt":"2022-03-30T18:51:19","guid":{"rendered":"http:\/\/www.caritasne2.org.br\/?p=9178"},"modified":"2022-03-30T15:51:19","modified_gmt":"2022-03-30T18:51:19","slug":"a-caritas-regional-nordeste-2-recebeu-nesta-segunda-e-terca-feira-representantes-de-manos-unidas-instituicao-catolica-da-espanha","status":"publish","type":"post","link":"https:\/\/www.caritasne2.org.br\/site\/a-caritas-regional-nordeste-2-recebeu-nesta-segunda-e-terca-feira-representantes-de-manos-unidas-instituicao-catolica-da-espanha\/","title":{"rendered":"A Caritas Regional Nordeste 2 recebeu, nesta segunda e ter\u00e7a-feira representantes de Manos Unidas, institui\u00e7\u00e3o cat\u00f3lica da Espanha"},"content":{"rendered":"<p style=\"text-align: justify;\">A visita aconteceu na Diocese de Garanhuns, no munic\u00edpio de Bom Conselho, onde a C\u00e1ritas Brasileira NE2 executa o projeto para 30 jovens de 4 comunidades quilombolas, ,dando apoio para que eles possam garantir sua autonomia financeira e social atrav\u00e9s dos seus pr\u00f3prios neg\u00f3cios, permanecendo assim, nas \u00e1reas rurais do seu territ\u00f3rio e proporcionando\u00a0 empoderamento e gera\u00e7\u00e3o de renda para suas fam\u00edlias.<\/p>\n<p style=\"text-align: justify;\">As atividades aconteceram nas comunidades de Angicos, Flores e Barra do Brejo.\u00a0 Participaram da visita a coordena\u00e7\u00e3o e equipe t\u00e9cnica que acompanha o projeto; a secret\u00e1ria regional e assessora de Economia Solid\u00e1ria e voluntariado; bem como os volunt\u00e1rios de Manos Unidas, Francisco Borges, e Carlos Vicente, respons\u00e1vel da institui\u00e7\u00e3o espanhola pelos projetos no Brasil, Paraguai e Equador.<\/p>\n<p style=\"text-align: justify;\">Para a secret\u00e1ria executiva da C\u00e1ritas Brasileira NE2, Neilda Pereira,\u00a0 &#8220;a\u00a0visita realizada por Manos Unidas foi importante para as comunidades no sentido de verem a import\u00e2ncia do projeto para aquela realidade. Eles puderam ver a transforma\u00e7\u00e3o, e fica evidente a mudan\u00e7a de vida que a curto e a longo prazo vai acontecer na vida das fam\u00edlias e das comunidades. A perspectiva \u00e9 a continuidade do projeto com foco no acompanhamento para que as juventudes possam seguir conquistando lugar de fala nos espa\u00e7os de decis\u00e3o e participa\u00e7\u00e3o na comunidade e territ\u00f3rio&#8221;, finaliza.<\/p>\n<p><a href=\"http:\/\/www.caritasne2.org.br\/a-caritas-regional-nordeste-2-recebeu-nesta-segunda-e-terca-feira-representantes-de-manos-unidas-instituicao-catolica-da-espanha\/manosuunidascbnbe2_1-7\/\" rel=\"attachment wp-att-9181\"><img decoding=\"async\" loading=\"lazy\" class=\"aligncenter  wp-image-9181\" src=\"http:\/\/www.caritasne2.org.br\/wp-content\/uploads\/2022\/03\/ManosuUnidasCBNBE2_1-7.jpeg\" alt=\"\" width=\"576\" height=\"432\" srcset=\"https:\/\/www.caritasne2.org.br\/site\/wp-content\/uploads\/2022\/03\/ManosuUnidasCBNBE2_1-7.jpeg 1600w, https:\/\/www.caritasne2.org.br\/site\/wp-content\/uploads\/2022\/03\/ManosuUnidasCBNBE2_1-7-300x225.jpeg 300w, https:\/\/www.caritasne2.org.br\/site\/wp-content\/uploads\/2022\/03\/ManosuUnidasCBNBE2_1-7-768x576.jpeg 768w, https:\/\/www.caritasne2.org.br\/site\/wp-content\/uploads\/2022\/03\/ManosuUnidasCBNBE2_1-7-1024x768.jpeg 1024w\" sizes=\"(max-width: 576px) 100vw, 576px\" \/><\/a><\/p>\n<p><a href=\"http:\/\/www.caritasne2.org.br\/a-caritas-regional-nordeste-2-recebeu-nesta-segunda-e-terca-feira-representantes-de-manos-unidas-instituicao-catolica-da-espanha\/manosuunidascbnbe2_1-4\/\" rel=\"attachment wp-att-9183\"><img decoding=\"async\" loading=\"lazy\" class=\"aligncenter  wp-image-9183\" src=\"http:\/\/www.caritasne2.org.br\/wp-content\/uploads\/2022\/03\/ManosuUnidasCBNBE2_1-4.jpeg\" alt=\"\" width=\"577\" height=\"433\" srcset=\"https:\/\/www.caritasne2.org.br\/site\/wp-content\/uploads\/2022\/03\/ManosuUnidasCBNBE2_1-4.jpeg 1600w, https:\/\/www.caritasne2.org.br\/site\/wp-content\/uploads\/2022\/03\/ManosuUnidasCBNBE2_1-4-300x225.jpeg 300w, https:\/\/www.caritasne2.org.br\/site\/wp-content\/uploads\/2022\/03\/ManosuUnidasCBNBE2_1-4-768x576.jpeg 768w, https:\/\/www.caritasne2.org.br\/site\/wp-content\/uploads\/2022\/03\/ManosuUnidasCBNBE2_1-4-1024x768.jpeg 1024w\" sizes=\"(max-width: 577px) 100vw, 577px\" \/><\/a><\/p>\n<p><a href=\"http:\/\/www.caritasne2.org.br\/a-caritas-regional-nordeste-2-recebeu-nesta-segunda-e-terca-feira-representantes-de-manos-unidas-instituicao-catolica-da-espanha\/whatsapp-image-2022-03-30-at-09-49-07-2\/\" rel=\"attachment wp-att-9180\"><img decoding=\"async\" loading=\"lazy\" class=\"aligncenter  wp-image-9180\" src=\"http:\/\/www.caritasne2.org.br\/wp-content\/uploads\/2022\/03\/WhatsApp-Image-2022-03-30-at-09.49.07-2.jpeg\" alt=\"\" width=\"609\" height=\"457\" srcset=\"https:\/\/www.caritasne2.org.br\/site\/wp-content\/uploads\/2022\/03\/WhatsApp-Image-2022-03-30-at-09.49.07-2.jpeg 1600w, https:\/\/www.caritasne2.org.br\/site\/wp-content\/uploads\/2022\/03\/WhatsApp-Image-2022-03-30-at-09.49.07-2-300x225.jpeg 300w, https:\/\/www.caritasne2.org.br\/site\/wp-content\/uploads\/2022\/03\/WhatsApp-Image-2022-03-30-at-09.49.07-2-768x576.jpeg 768w, https:\/\/www.caritasne2.org.br\/site\/wp-content\/uploads\/2022\/03\/WhatsApp-Image-2022-03-30-at-09.49.07-2-1024x768.jpeg 1024w\" sizes=\"(max-width: 609px) 100vw, 609px\" \/><\/a><\/p>\n<p><a href=\"http:\/\/www.caritasne2.org.br\/a-caritas-regional-nordeste-2-recebeu-nesta-segunda-e-terca-feira-representantes-de-manos-unidas-instituicao-catolica-da-espanha\/manosuunidascbnbe2_1-1\/\" rel=\"attachment wp-att-9179\"><img decoding=\"async\" loading=\"lazy\" class=\"aligncenter  wp-image-9179\" src=\"http:\/\/www.caritasne2.org.br\/wp-content\/uploads\/2022\/03\/ManosuUnidasCBNBE2_1-1.jpeg\" alt=\"\" width=\"599\" height=\"449\" srcset=\"https:\/\/www.caritasne2.org.br\/site\/wp-content\/uploads\/2022\/03\/ManosuUnidasCBNBE2_1-1.jpeg 1600w, https:\/\/www.caritasne2.org.br\/site\/wp-content\/uploads\/2022\/03\/ManosuUnidasCBNBE2_1-1-300x225.jpeg 300w, https:\/\/www.caritasne2.org.br\/site\/wp-content\/uploads\/2022\/03\/ManosuUnidasCBNBE2_1-1-768x576.jpeg 768w, https:\/\/www.caritasne2.org.br\/site\/wp-content\/uploads\/2022\/03\/ManosuUnidasCBNBE2_1-1-1024x768.jpeg 1024w\" sizes=\"(max-width: 599px) 100vw, 599px\" \/><\/a><\/p>\n<ul class=\"ssb_list_wrapper\"><li class=\"fb2\" style=\"width:135px\"><iframe src=\"\/\/www.facebook.com\/plugins\/like.php?href=https%3A%2F%2Fwww.caritasne2.org.br%2Fsite%2Fa-caritas-regional-nordeste-2-recebeu-nesta-segunda-e-terca-feira-representantes-de-manos-unidas-instituicao-catolica-da-espanha%2F&amp;layout=button_count&amp;action=like&amp;show_faces=false&amp;share=true&amp;width=135&amp;height=21&amp;appId=307091639398582\" scrolling=\"no\" frameborder=\"0\" style=\"border:none; overflow:hidden;  width:150px; height:21px;\" allowTransparency=\"true\"><\/iframe><\/li><li class=\"twtr\" style=\"width:90px\"><a href=\"https:\/\/twitter.com\/share\" class=\"twitter-share-button\" data-url=\"https:\/\/www.caritasne2.org.br\/site\/a-caritas-regional-nordeste-2-recebeu-nesta-segunda-e-terca-feira-representantes-de-manos-unidas-instituicao-catolica-da-espanha\/\">&nbsp;<\/a><script>!function(d,s,id){var js,fjs=d.getElementsByTagName(s)[0],p=\/^http:\/.test(d.location)?'http':'https';if(!d.getElementById(id)){js=d.createElement(s);js.id=id;js.src=p+':\/\/platform.twitter.com\/widgets.js';fjs.parentNode.insertBefore(js,fjs);}}(document, 'script', 'twitter-wjs');<\/script><\/li><li class=\"gplus\" style=\"width:68px\"><div class=\"g-plusone\" data-size=\"medium\" data-href=\"https:\/\/www.caritasne2.org.br\/site\/a-caritas-regional-nordeste-2-recebeu-nesta-segunda-e-terca-feira-representantes-de-manos-unidas-instituicao-catolica-da-espanha\/\"><\/div><\/li><li class=\"ssb_linkedin\" style=\"width:64px\"><script src=\"\/\/platform.linkedin.com\/in.js\" type=\"text\/javascript\">lang: en_US<\/script><script type=\"IN\/Share\" data-url=\"https:\/\/www.caritasne2.org.br\/site\/a-caritas-regional-nordeste-2-recebeu-nesta-segunda-e-terca-feira-representantes-de-manos-unidas-instituicao-catolica-da-espanha\/\" data-counter=\"right\"><\/script><\/li><\/ul>","protected":false},"excerpt":{"rendered":"<p>A visita aconteceu na Diocese de Garanhuns, no munic\u00edpio de Bom Conselho, onde a C\u00e1ritas Brasileira NE2 executa o projeto para 30 jovens de 4 comunidades quilombolas, ,dando apoio para que eles possam garantir sua autonomia financeira e social atrav\u00e9s dos seus pr\u00f3prios neg\u00f3cios, permanecendo assim, nas \u00e1reas rurais do seu territ\u00f3rio e proporcionando\u00a0 empoderamento e gera\u00e7\u00e3o de renda para suas fam\u00edlias. As atividades aconteceram [&hellip;]<\/p>\n<ul class=\"ssb_list_wrapper\"><li class=\"fb2\" style=\"width:135px\"><iframe src=\"\/\/www.facebook.com\/plugins\/like.php?href=https%3A%2F%2Fwww.caritasne2.org.br%2Fsite%2Fa-caritas-regional-nordeste-2-recebeu-nesta-segunda-e-terca-feira-representantes-de-manos-unidas-instituicao-catolica-da-espanha%2F&amp;layout=button_count&amp;action=like&amp;show_faces=false&amp;share=true&amp;width=135&amp;height=21&amp;appId=307091639398582\" scrolling=\"no\" frameborder=\"0\" style=\"border:none; overflow:hidden;  width:150px; height:21px;\" allowTransparency=\"true\"><\/iframe><\/li><li class=\"twtr\" style=\"width:90px\"><a href=\"https:\/\/twitter.com\/share\" class=\"twitter-share-button\" data-url=\"https:\/\/www.caritasne2.org.br\/site\/a-caritas-regional-nordeste-2-recebeu-nesta-segunda-e-terca-feira-representantes-de-manos-unidas-instituicao-catolica-da-espanha\/\">&nbsp;<\/a><script>!function(d,s,id){var js,fjs=d.getElementsByTagName(s)[0],p=\/^http:\/.test(d.location)?'http':'https';if(!d.getElementById(id)){js=d.createElement(s);js.id=id;js.src=p+':\/\/platform.twitter.com\/widgets.js';fjs.parentNode.insertBefore(js,fjs);}}(document, 'script', 'twitter-wjs');<\/script><\/li><li class=\"gplus\" style=\"width:68px\"><div class=\"g-plusone\" data-size=\"medium\" data-href=\"https:\/\/www.caritasne2.org.br\/site\/a-caritas-regional-nordeste-2-recebeu-nesta-segunda-e-terca-feira-representantes-de-manos-unidas-instituicao-catolica-da-espanha\/\"><\/div><\/li><li class=\"ssb_linkedin\" style=\"width:64px\"><script src=\"\/\/platform.linkedin.com\/in.js\" type=\"text\/javascript\">lang: en_US<\/script><script type=\"IN\/Share\" data-url=\"https:\/\/www.caritasne2.org.br\/site\/a-caritas-regional-nordeste-2-recebeu-nesta-segunda-e-terca-feira-representantes-de-manos-unidas-instituicao-catolica-da-espanha\/\" data-counter=\"right\"><\/script><\/li><\/ul>","protected":false},"author":4,"featured_media":9182,"comment_status":"open","ping_status":"open","sticky":false,"template":"","format":"standard","meta":[],"categories":[21,20],"tags":[],"_links":{"self":[{"href":"https:\/\/www.caritasne2.org.br\/site\/wp-json\/wp\/v2\/posts\/9178"}],"collection":[{"href":"https:\/\/www.caritasne2.org.br\/site\/wp-json\/wp\/v2\/posts"}],"about":[{"href":"https:\/\/www.caritasne2.org.br\/site\/wp-json\/wp\/v2\/types\/post"}],"author":[{"embeddable":true,"href":"https:\/\/www.caritasne2.org.br\/site\/wp-json\/wp\/v2\/users\/4"}],"replies":[{"embeddable":true,"href":"https:\/\/www.caritasne2.org.br\/site\/wp-json\/wp\/v2\/comments?post=9178"}],"version-history":[{"count":0,"href":"https:\/\/www.caritasne2.org.br\/site\/wp-json\/wp\/v2\/posts\/9178\/revisions"}],"wp:featuredmedia":[{"embeddable":true,"href":"https:\/\/www.caritasne2.org.br\/site\/wp-json\/wp\/v2\/media\/9182"}],"wp:attachment":[{"href":"https:\/\/www.caritasne2.org.br\/site\/wp-json\/wp\/v2\/media?parent=9178"}],"wp:term":[{"taxonomy":"category","embeddable":true,"href":"https:\/\/www.caritasne2.org.br\/site\/wp-json\/wp\/v2\/categories?post=9178"},{"taxonomy":"post_tag","embeddable":true,"href":"https:\/\/www.caritasne2.org.br\/site\/wp-json\/wp\/v2\/tags?post=9178"}],"curies":[{"name":"wp","href":"https:\/\/api.w.org\/{rel}","templated":true}]}}