{"id":9173,"date":"2022-03-29T08:00:41","date_gmt":"2022-03-29T11:00:41","guid":{"rendered":"http:\/\/www.caritasne2.org.br\/?p=9173"},"modified":"2022-03-28T20:05:08","modified_gmt":"2022-03-28T23:05:08","slug":"a-caritas-suica-cach-lanca-edital-de-selecao-para-contratacao-de-coordenadora-administrativo-financeiro-para-escritorio-com-sede-em-recife","status":"publish","type":"post","link":"https:\/\/www.caritasne2.org.br\/site\/a-caritas-suica-cach-lanca-edital-de-selecao-para-contratacao-de-coordenadora-administrativo-financeiro-para-escritorio-com-sede-em-recife\/","title":{"rendered":"A C\u00e1ritas Su\u00ed\u00e7a (CACH) lan\u00e7a edital de sele\u00e7\u00e3o para contrata\u00e7\u00e3o de coordenador(a) administrativo\/ financeiro para escrit\u00f3rio com sede em Recife"},"content":{"rendered":"<p>A C\u00e1ritas Su\u00ed\u00e7a (CACH) abre processo seletivo para contrata\u00e7\u00e3o de coordenador (a) administrativo\/ financeiro \u00a0para seu escrit\u00f3rio de apoio ao Programa \u201cResposta \u00e0 Crise da Venezuela (VCR)\u201d , com sede em Recife.<\/p>\n<p>O(a) Coordenador(a) Administrativo (a) Financeiro(a) dever ser respons\u00e1vel pela gest\u00e3o financeira e administrativa geral dos projetos do Programa VCR no Brasil, em coopera\u00e7\u00e3o com o Escrit\u00f3rio de Coordena\u00e7\u00e3o Regional em Bogot\u00e1\/Col\u00f4mbia.<\/p>\n<p>Os curr\u00edculos devem ser enviados por email at\u00e9 17 de abril de 2022, \u00a0<strong>para Rebekka Reischmann (rreischmann@caritas.ch), com c\u00f3pia para S\u00e9rgio Costa Floro (sfloro@caritas.ch),<\/strong> indicando &#8216;Candidatura Coordenador\/a Financeiro\/a&#8217; na linha de assunto.<\/p>\n<p>Mais informa\u00e7\u00f5es confira o edital completo\u00a0 <a href=\"http:\/\/www.caritasne2.org.br\/wp-content\/uploads\/2022\/03\/20220324_Coordenadora-FA_C\u00e1ritas-Su\u00ed\u00e7a.pdf\">aqui.<\/a><\/p>\n<p>&nbsp;<\/p>\n<p>Recife, 28 de mar\u00e7o de 2022.<\/p>\n<p>Comiss\u00e3o de Sele\u00e7\u00e3o<\/p>\n<p>C\u00e1ritas Su\u00ed\u00e7a (CACH).<\/p>\n<ul class=\"ssb_list_wrapper\"><li class=\"fb2\" style=\"width:135px\"><iframe src=\"\/\/www.facebook.com\/plugins\/like.php?href=https%3A%2F%2Fwww.caritasne2.org.br%2Fsite%2Fa-caritas-suica-cach-lanca-edital-de-selecao-para-contratacao-de-coordenadora-administrativo-financeiro-para-escritorio-com-sede-em-recife%2F&amp;layout=button_count&amp;action=like&amp;show_faces=false&amp;share=true&amp;width=135&amp;height=21&amp;appId=307091639398582\" scrolling=\"no\" frameborder=\"0\" style=\"border:none; overflow:hidden;  width:150px; height:21px;\" allowTransparency=\"true\"><\/iframe><\/li><li class=\"twtr\" style=\"width:90px\"><a href=\"https:\/\/twitter.com\/share\" class=\"twitter-share-button\" data-url=\"https:\/\/www.caritasne2.org.br\/site\/a-caritas-suica-cach-lanca-edital-de-selecao-para-contratacao-de-coordenadora-administrativo-financeiro-para-escritorio-com-sede-em-recife\/\">&nbsp;<\/a><script>!function(d,s,id){var js,fjs=d.getElementsByTagName(s)[0],p=\/^http:\/.test(d.location)?'http':'https';if(!d.getElementById(id)){js=d.createElement(s);js.id=id;js.src=p+':\/\/platform.twitter.com\/widgets.js';fjs.parentNode.insertBefore(js,fjs);}}(document, 'script', 'twitter-wjs');<\/script><\/li><li class=\"gplus\" style=\"width:68px\"><div class=\"g-plusone\" data-size=\"medium\" data-href=\"https:\/\/www.caritasne2.org.br\/site\/a-caritas-suica-cach-lanca-edital-de-selecao-para-contratacao-de-coordenadora-administrativo-financeiro-para-escritorio-com-sede-em-recife\/\"><\/div><\/li><li class=\"ssb_linkedin\" style=\"width:64px\"><script src=\"\/\/platform.linkedin.com\/in.js\" type=\"text\/javascript\">lang: en_US<\/script><script type=\"IN\/Share\" data-url=\"https:\/\/www.caritasne2.org.br\/site\/a-caritas-suica-cach-lanca-edital-de-selecao-para-contratacao-de-coordenadora-administrativo-financeiro-para-escritorio-com-sede-em-recife\/\" data-counter=\"right\"><\/script><\/li><\/ul>","protected":false},"excerpt":{"rendered":"<p>A C\u00e1ritas Su\u00ed\u00e7a (CACH) abre processo seletivo para contrata\u00e7\u00e3o de coordenador (a) administrativo\/ financeiro \u00a0para seu escrit\u00f3rio de apoio ao Programa \u201cResposta \u00e0 Crise da Venezuela (VCR)\u201d , com sede em Recife. O(a) Coordenador(a) Administrativo (a) Financeiro(a) dever ser respons\u00e1vel pela gest\u00e3o financeira e administrativa geral dos projetos do Programa VCR no Brasil, em coopera\u00e7\u00e3o com o Escrit\u00f3rio de Coordena\u00e7\u00e3o Regional em Bogot\u00e1\/Col\u00f4mbia. Os curr\u00edculos [&hellip;]<\/p>\n<ul class=\"ssb_list_wrapper\"><li class=\"fb2\" style=\"width:135px\"><iframe src=\"\/\/www.facebook.com\/plugins\/like.php?href=https%3A%2F%2Fwww.caritasne2.org.br%2Fsite%2Fa-caritas-suica-cach-lanca-edital-de-selecao-para-contratacao-de-coordenadora-administrativo-financeiro-para-escritorio-com-sede-em-recife%2F&amp;layout=button_count&amp;action=like&amp;show_faces=false&amp;share=true&amp;width=135&amp;height=21&amp;appId=307091639398582\" scrolling=\"no\" frameborder=\"0\" style=\"border:none; overflow:hidden;  width:150px; height:21px;\" allowTransparency=\"true\"><\/iframe><\/li><li class=\"twtr\" style=\"width:90px\"><a href=\"https:\/\/twitter.com\/share\" class=\"twitter-share-button\" data-url=\"https:\/\/www.caritasne2.org.br\/site\/a-caritas-suica-cach-lanca-edital-de-selecao-para-contratacao-de-coordenadora-administrativo-financeiro-para-escritorio-com-sede-em-recife\/\">&nbsp;<\/a><script>!function(d,s,id){var js,fjs=d.getElementsByTagName(s)[0],p=\/^http:\/.test(d.location)?'http':'https';if(!d.getElementById(id)){js=d.createElement(s);js.id=id;js.src=p+':\/\/platform.twitter.com\/widgets.js';fjs.parentNode.insertBefore(js,fjs);}}(document, 'script', 'twitter-wjs');<\/script><\/li><li class=\"gplus\" style=\"width:68px\"><div class=\"g-plusone\" data-size=\"medium\" data-href=\"https:\/\/www.caritasne2.org.br\/site\/a-caritas-suica-cach-lanca-edital-de-selecao-para-contratacao-de-coordenadora-administrativo-financeiro-para-escritorio-com-sede-em-recife\/\"><\/div><\/li><li class=\"ssb_linkedin\" style=\"width:64px\"><script src=\"\/\/platform.linkedin.com\/in.js\" type=\"text\/javascript\">lang: en_US<\/script><script type=\"IN\/Share\" data-url=\"https:\/\/www.caritasne2.org.br\/site\/a-caritas-suica-cach-lanca-edital-de-selecao-para-contratacao-de-coordenadora-administrativo-financeiro-para-escritorio-com-sede-em-recife\/\" data-counter=\"right\"><\/script><\/li><\/ul>","protected":false},"author":4,"featured_media":9175,"comment_status":"open","ping_status":"open","sticky":false,"template":"","format":"standard","meta":[],"categories":[21,20],"tags":[],"_links":{"self":[{"href":"https:\/\/www.caritasne2.org.br\/site\/wp-json\/wp\/v2\/posts\/9173"}],"collection":[{"href":"https:\/\/www.caritasne2.org.br\/site\/wp-json\/wp\/v2\/posts"}],"about":[{"href":"https:\/\/www.caritasne2.org.br\/site\/wp-json\/wp\/v2\/types\/post"}],"author":[{"embeddable":true,"href":"https:\/\/www.caritasne2.org.br\/site\/wp-json\/wp\/v2\/users\/4"}],"replies":[{"embeddable":true,"href":"https:\/\/www.caritasne2.org.br\/site\/wp-json\/wp\/v2\/comments?post=9173"}],"version-history":[{"count":0,"href":"https:\/\/www.caritasne2.org.br\/site\/wp-json\/wp\/v2\/posts\/9173\/revisions"}],"wp:featuredmedia":[{"embeddable":true,"href":"https:\/\/www.caritasne2.org.br\/site\/wp-json\/wp\/v2\/media\/9175"}],"wp:attachment":[{"href":"https:\/\/www.caritasne2.org.br\/site\/wp-json\/wp\/v2\/media?parent=9173"}],"wp:term":[{"taxonomy":"category","embeddable":true,"href":"https:\/\/www.caritasne2.org.br\/site\/wp-json\/wp\/v2\/categories?post=9173"},{"taxonomy":"post_tag","embeddable":true,"href":"https:\/\/www.caritasne2.org.br\/site\/wp-json\/wp\/v2\/tags?post=9173"}],"curies":[{"name":"wp","href":"https:\/\/api.w.org\/{rel}","templated":true}]}}