{"id":9164,"date":"2022-03-28T11:01:10","date_gmt":"2022-03-28T14:01:10","guid":{"rendered":"http:\/\/www.caritasne2.org.br\/?p=9164"},"modified":"2022-04-08T20:27:22","modified_gmt":"2022-04-08T23:27:22","slug":"caritas-regional-ne2-em-parceria-com-projeto-migra-promove-oficina-de-desenho-e-colagem-para-criancas-venezuelanas-em-igarassu","status":"publish","type":"post","link":"https:\/\/www.caritasne2.org.br\/site\/caritas-regional-ne2-em-parceria-com-projeto-migra-promove-oficina-de-desenho-e-colagem-para-criancas-venezuelanas-em-igarassu\/","title":{"rendered":"C\u00e1ritas Regional NE2 em parceria com Projeto MIGRA promove oficina de desenho e colagem para crian\u00e7as venezuelanas em Igarassu"},"content":{"rendered":"<p style=\"text-align: center;\"><em>O objetivo da oficina foi compor material para a produ\u00e7\u00e3o de um v\u00eddeo document\u00e1rio do Projeto Migra em parceria com a CBNE2<\/em><\/p>\n<p style=\"text-align: justify;\">No dia 19 de mar\u00e7o, a equipe do Projeto DAKOBO (irm\u00e3o em Warao), volunt\u00e1rios e agentes\u00a0 C\u00e1ritas do Programa de Migra\u00e7\u00e3o da C\u00e1ritas Brasileira Regional NE2 &#8211; CBNE2 realizaram na ONG Aldeias Infantis, em Igarassu, Pernambuco, uma oficina de desenho e colagem para cerca de 40 crian\u00e7as venezuelanas.<\/p>\n<p style=\"text-align: justify;\">O objetivo da a\u00e7\u00e3o foi compor a grava\u00e7\u00e3o de um document\u00e1rio\u00a0 independente a partir do olhar de crian\u00e7as migrantes venezuelanas atrav\u00e9s da\u00a0 leitura de um livro contando uma experi\u00eancia de migra\u00e7\u00e3o de forma l\u00fadica. As crian\u00e7as e adolescentes desenharam, colaram ou escreveram suas hist\u00f3rias no processo de viagem at\u00e9 o Brasil, e o que elas mais gostaram do pa\u00eds e como foi a experi\u00eancia.<\/p>\n<p style=\"text-align: justify;\">Ao final da tarde, as crian\u00e7as receberam um lanche oferecido pelo projeto, apresentaram seus desenhos e receberam as cartilhas &#8220;Vamos Jugar Juntos &#8220;, uma publica\u00e7\u00e3o produzida pela CBNE2 , em parceria da CBNE2 com a Funda\u00e7\u00e3o Interamericana \u2013 IAf\u00a0para o recorte das crian\u00e7as migrantes com brincadeiras l\u00fadicas com materiais que utilizamos no dia a\u00a0dia.<\/p>\n<p style=\"text-align: justify;\"><strong>Sobre o Projeto<\/strong><\/p>\n<p style=\"text-align: justify;\">Migra \u00e9 um Projeto de Extens\u00e3o da UFPE que tem estudantes de v\u00e1rios cursos, pensando e refletindo sobre o processo de Migra\u00e7\u00f5es internacionais, o projeto tem como objetivos realizar um mapeamento das institui\u00e7\u00f5es que atuam n\u00e3o s\u00f3 com migra\u00e7\u00e3o mas com processos migrat\u00f3rios nas cidades do Estado de Pernambuco. A iniciativa tamb\u00e9m prev\u00ea a realiza\u00e7\u00e3o de uma feira multicultural, assim como a fomenta\u00e7\u00e3o de feiras existentes na universidade, de artesanato e agroecol\u00f3gica, entre outras. E de atividades formativas para os profissionais, imigrantes, comunidade acad\u00eamica e sociedade civil. O v\u00eddeo document\u00e1rio foi aprovado pela Secretaria de Cultura do Governo do Estado de Pernambuco, atrav\u00e9s do edital da lei Aldir Blanc e ser\u00e1 reproduzido narrando hist\u00f3rias de migra\u00e7\u00f5es das crian\u00e7as atrav\u00e9s de desenhos.<\/p>\n<p style=\"text-align: justify;\"><a href=\"http:\/\/www.caritasne2.org.br\/caritas-regional-ne2-em-parceria-com-projeto-migra-promove-oficina-de-desenho-e-colagem-para-criancas-venezuelanas-em-igarassu\/whatsapp-image-2022-03-21-at-16-36-26\/\" rel=\"attachment wp-att-9166\"><img decoding=\"async\" loading=\"lazy\" class=\"aligncenter wp-image-9166\" src=\"http:\/\/www.caritasne2.org.br\/wp-content\/uploads\/2022\/03\/WhatsApp-Image-2022-03-21-at-16.36.26.jpeg\" alt=\"\" width=\"662\" height=\"497\" srcset=\"https:\/\/www.caritasne2.org.br\/site\/wp-content\/uploads\/2022\/03\/WhatsApp-Image-2022-03-21-at-16.36.26.jpeg 1600w, https:\/\/www.caritasne2.org.br\/site\/wp-content\/uploads\/2022\/03\/WhatsApp-Image-2022-03-21-at-16.36.26-300x225.jpeg 300w, https:\/\/www.caritasne2.org.br\/site\/wp-content\/uploads\/2022\/03\/WhatsApp-Image-2022-03-21-at-16.36.26-768x576.jpeg 768w, https:\/\/www.caritasne2.org.br\/site\/wp-content\/uploads\/2022\/03\/WhatsApp-Image-2022-03-21-at-16.36.26-1024x768.jpeg 1024w\" sizes=\"(max-width: 662px) 100vw, 662px\" \/><\/a><\/p>\n<p style=\"text-align: justify;\"><a href=\"http:\/\/www.caritasne2.org.br\/caritas-regional-ne2-em-parceria-com-projeto-migra-promove-oficina-de-desenho-e-colagem-para-criancas-venezuelanas-em-igarassu\/whatsapp-image-2022-03-21-at-16-36-31\/\" rel=\"attachment wp-att-9167\"><img decoding=\"async\" loading=\"lazy\" class=\"aligncenter wp-image-9167\" src=\"http:\/\/www.caritasne2.org.br\/wp-content\/uploads\/2022\/03\/WhatsApp-Image-2022-03-21-at-16.36.31.jpeg\" alt=\"\" width=\"664\" height=\"886\" srcset=\"https:\/\/www.caritasne2.org.br\/site\/wp-content\/uploads\/2022\/03\/WhatsApp-Image-2022-03-21-at-16.36.31.jpeg 1200w, https:\/\/www.caritasne2.org.br\/site\/wp-content\/uploads\/2022\/03\/WhatsApp-Image-2022-03-21-at-16.36.31-225x300.jpeg 225w, https:\/\/www.caritasne2.org.br\/site\/wp-content\/uploads\/2022\/03\/WhatsApp-Image-2022-03-21-at-16.36.31-768x1024.jpeg 768w\" sizes=\"(max-width: 664px) 100vw, 664px\" \/><\/a><\/p>\n<p style=\"text-align: justify;\"><a href=\"http:\/\/www.caritasne2.org.br\/caritas-regional-ne2-em-parceria-com-projeto-migra-promove-oficina-de-desenho-e-colagem-para-criancas-venezuelanas-em-igarassu\/whatsapp-image-2022-03-21-at-16-36-30-1\/\" rel=\"attachment wp-att-9168\"><img decoding=\"async\" loading=\"lazy\" class=\"aligncenter wp-image-9168\" src=\"http:\/\/www.caritasne2.org.br\/wp-content\/uploads\/2022\/03\/WhatsApp-Image-2022-03-21-at-16.36.30-1.jpeg\" alt=\"\" width=\"662\" height=\"883\" srcset=\"https:\/\/www.caritasne2.org.br\/site\/wp-content\/uploads\/2022\/03\/WhatsApp-Image-2022-03-21-at-16.36.30-1.jpeg 1200w, https:\/\/www.caritasne2.org.br\/site\/wp-content\/uploads\/2022\/03\/WhatsApp-Image-2022-03-21-at-16.36.30-1-225x300.jpeg 225w, https:\/\/www.caritasne2.org.br\/site\/wp-content\/uploads\/2022\/03\/WhatsApp-Image-2022-03-21-at-16.36.30-1-768x1024.jpeg 768w\" sizes=\"(max-width: 662px) 100vw, 662px\" \/><\/a><\/p>\n<p style=\"text-align: justify;\"><a href=\"http:\/\/www.caritasne2.org.br\/caritas-regional-ne2-em-parceria-com-projeto-migra-promove-oficina-de-desenho-e-colagem-para-criancas-venezuelanas-em-igarassu\/whatsapp-image-2022-03-21-at-16-36-31-1\/\" rel=\"attachment wp-att-9165\"><img decoding=\"async\" loading=\"lazy\" class=\"aligncenter wp-image-9165\" src=\"http:\/\/www.caritasne2.org.br\/wp-content\/uploads\/2022\/03\/WhatsApp-Image-2022-03-21-at-16.36.31-1.jpeg\" alt=\"\" width=\"660\" height=\"880\" srcset=\"https:\/\/www.caritasne2.org.br\/site\/wp-content\/uploads\/2022\/03\/WhatsApp-Image-2022-03-21-at-16.36.31-1.jpeg 1200w, https:\/\/www.caritasne2.org.br\/site\/wp-content\/uploads\/2022\/03\/WhatsApp-Image-2022-03-21-at-16.36.31-1-225x300.jpeg 225w, https:\/\/www.caritasne2.org.br\/site\/wp-content\/uploads\/2022\/03\/WhatsApp-Image-2022-03-21-at-16.36.31-1-768x1024.jpeg 768w\" sizes=\"(max-width: 660px) 100vw, 660px\" \/><\/a><\/p>\n<ul class=\"ssb_list_wrapper\"><li class=\"fb2\" style=\"width:135px\"><iframe src=\"\/\/www.facebook.com\/plugins\/like.php?href=https%3A%2F%2Fwww.caritasne2.org.br%2Fsite%2Fcaritas-regional-ne2-em-parceria-com-projeto-migra-promove-oficina-de-desenho-e-colagem-para-criancas-venezuelanas-em-igarassu%2F&amp;layout=button_count&amp;action=like&amp;show_faces=false&amp;share=true&amp;width=135&amp;height=21&amp;appId=307091639398582\" scrolling=\"no\" frameborder=\"0\" style=\"border:none; overflow:hidden;  width:150px; height:21px;\" allowTransparency=\"true\"><\/iframe><\/li><li class=\"twtr\" style=\"width:90px\"><a href=\"https:\/\/twitter.com\/share\" class=\"twitter-share-button\" data-url=\"https:\/\/www.caritasne2.org.br\/site\/caritas-regional-ne2-em-parceria-com-projeto-migra-promove-oficina-de-desenho-e-colagem-para-criancas-venezuelanas-em-igarassu\/\">&nbsp;<\/a><script>!function(d,s,id){var js,fjs=d.getElementsByTagName(s)[0],p=\/^http:\/.test(d.location)?'http':'https';if(!d.getElementById(id)){js=d.createElement(s);js.id=id;js.src=p+':\/\/platform.twitter.com\/widgets.js';fjs.parentNode.insertBefore(js,fjs);}}(document, 'script', 'twitter-wjs');<\/script><\/li><li class=\"gplus\" style=\"width:68px\"><div class=\"g-plusone\" data-size=\"medium\" data-href=\"https:\/\/www.caritasne2.org.br\/site\/caritas-regional-ne2-em-parceria-com-projeto-migra-promove-oficina-de-desenho-e-colagem-para-criancas-venezuelanas-em-igarassu\/\"><\/div><\/li><li class=\"ssb_linkedin\" style=\"width:64px\"><script src=\"\/\/platform.linkedin.com\/in.js\" type=\"text\/javascript\">lang: en_US<\/script><script type=\"IN\/Share\" data-url=\"https:\/\/www.caritasne2.org.br\/site\/caritas-regional-ne2-em-parceria-com-projeto-migra-promove-oficina-de-desenho-e-colagem-para-criancas-venezuelanas-em-igarassu\/\" data-counter=\"right\"><\/script><\/li><\/ul>","protected":false},"excerpt":{"rendered":"<p>O objetivo da oficina foi compor material para a produ\u00e7\u00e3o de um v\u00eddeo document\u00e1rio do Projeto Migra em parceria com a CBNE2 No dia 19 de mar\u00e7o, a equipe do Projeto DAKOBO (irm\u00e3o em Warao), volunt\u00e1rios e agentes\u00a0 C\u00e1ritas do Programa de Migra\u00e7\u00e3o da C\u00e1ritas Brasileira Regional NE2 &#8211; CBNE2 realizaram na ONG Aldeias Infantis, em Igarassu, Pernambuco, uma oficina de desenho e colagem para [&hellip;]<\/p>\n<ul class=\"ssb_list_wrapper\"><li class=\"fb2\" style=\"width:135px\"><iframe src=\"\/\/www.facebook.com\/plugins\/like.php?href=https%3A%2F%2Fwww.caritasne2.org.br%2Fsite%2Fcaritas-regional-ne2-em-parceria-com-projeto-migra-promove-oficina-de-desenho-e-colagem-para-criancas-venezuelanas-em-igarassu%2F&amp;layout=button_count&amp;action=like&amp;show_faces=false&amp;share=true&amp;width=135&amp;height=21&amp;appId=307091639398582\" scrolling=\"no\" frameborder=\"0\" style=\"border:none; overflow:hidden;  width:150px; height:21px;\" allowTransparency=\"true\"><\/iframe><\/li><li class=\"twtr\" style=\"width:90px\"><a href=\"https:\/\/twitter.com\/share\" class=\"twitter-share-button\" data-url=\"https:\/\/www.caritasne2.org.br\/site\/caritas-regional-ne2-em-parceria-com-projeto-migra-promove-oficina-de-desenho-e-colagem-para-criancas-venezuelanas-em-igarassu\/\">&nbsp;<\/a><script>!function(d,s,id){var js,fjs=d.getElementsByTagName(s)[0],p=\/^http:\/.test(d.location)?'http':'https';if(!d.getElementById(id)){js=d.createElement(s);js.id=id;js.src=p+':\/\/platform.twitter.com\/widgets.js';fjs.parentNode.insertBefore(js,fjs);}}(document, 'script', 'twitter-wjs');<\/script><\/li><li class=\"gplus\" style=\"width:68px\"><div class=\"g-plusone\" data-size=\"medium\" data-href=\"https:\/\/www.caritasne2.org.br\/site\/caritas-regional-ne2-em-parceria-com-projeto-migra-promove-oficina-de-desenho-e-colagem-para-criancas-venezuelanas-em-igarassu\/\"><\/div><\/li><li class=\"ssb_linkedin\" style=\"width:64px\"><script src=\"\/\/platform.linkedin.com\/in.js\" type=\"text\/javascript\">lang: en_US<\/script><script type=\"IN\/Share\" data-url=\"https:\/\/www.caritasne2.org.br\/site\/caritas-regional-ne2-em-parceria-com-projeto-migra-promove-oficina-de-desenho-e-colagem-para-criancas-venezuelanas-em-igarassu\/\" data-counter=\"right\"><\/script><\/li><\/ul>","protected":false},"author":4,"featured_media":9169,"comment_status":"open","ping_status":"open","sticky":false,"template":"","format":"standard","meta":[],"categories":[21,20],"tags":[],"_links":{"self":[{"href":"https:\/\/www.caritasne2.org.br\/site\/wp-json\/wp\/v2\/posts\/9164"}],"collection":[{"href":"https:\/\/www.caritasne2.org.br\/site\/wp-json\/wp\/v2\/posts"}],"about":[{"href":"https:\/\/www.caritasne2.org.br\/site\/wp-json\/wp\/v2\/types\/post"}],"author":[{"embeddable":true,"href":"https:\/\/www.caritasne2.org.br\/site\/wp-json\/wp\/v2\/users\/4"}],"replies":[{"embeddable":true,"href":"https:\/\/www.caritasne2.org.br\/site\/wp-json\/wp\/v2\/comments?post=9164"}],"version-history":[{"count":0,"href":"https:\/\/www.caritasne2.org.br\/site\/wp-json\/wp\/v2\/posts\/9164\/revisions"}],"wp:featuredmedia":[{"embeddable":true,"href":"https:\/\/www.caritasne2.org.br\/site\/wp-json\/wp\/v2\/media\/9169"}],"wp:attachment":[{"href":"https:\/\/www.caritasne2.org.br\/site\/wp-json\/wp\/v2\/media?parent=9164"}],"wp:term":[{"taxonomy":"category","embeddable":true,"href":"https:\/\/www.caritasne2.org.br\/site\/wp-json\/wp\/v2\/categories?post=9164"},{"taxonomy":"post_tag","embeddable":true,"href":"https:\/\/www.caritasne2.org.br\/site\/wp-json\/wp\/v2\/tags?post=9164"}],"curies":[{"name":"wp","href":"https:\/\/api.w.org\/{rel}","templated":true}]}}