{"id":9151,"date":"2022-03-24T09:41:03","date_gmt":"2022-03-24T12:41:03","guid":{"rendered":"http:\/\/www.caritasne2.org.br\/?p=9151"},"modified":"2022-03-24T09:41:03","modified_gmt":"2022-03-24T12:41:03","slug":"seminario-sobre-o-cenario-das-migracoes-no-estado-de-alagoas-promove-discussoes-e-encaminhamentos-com-orgaos-federais-estaduais-e-municipais","status":"publish","type":"post","link":"https:\/\/www.caritasne2.org.br\/site\/seminario-sobre-o-cenario-das-migracoes-no-estado-de-alagoas-promove-discussoes-e-encaminhamentos-com-orgaos-federais-estaduais-e-municipais\/","title":{"rendered":"Semin\u00e1rio sobre o cen\u00e1rio das migra\u00e7\u00f5es no Estado de Alagoas promove discuss\u00f5es e encaminhamentos com \u00f3rg\u00e3os federais, estaduais e municipais"},"content":{"rendered":"<p style=\"text-align: center;\"><em>O momento aconteceu nesta ter\u00e7a-feira, 22, conduzido\u00a0 pela C\u00e1ritas Regional NE2 em parceria com o Minist\u00e9rio P\u00fablico Federal do Estado de Alagoas- MPF e a Defensoria P\u00fablica da Uni\u00e3o \u2013 DPU<\/em><\/p>\n<p>&nbsp;<\/p>\n<p style=\"text-align: justify;\">Com o intuito de gerar encaminhamentos na linha da acolhida e resolu\u00e7\u00e3o de problemas socioecon\u00f4micos vivenciados por migrantes e refugiados no estado de Alagoas, a C\u00e1ritas Brasileira Regional Nordeste 2 \u2013 CBNE2, em parceria com o Minist\u00e9rio P\u00fablico Federal de Alagoas \u2013 MPF e a Defensoria P\u00fablica da Uni\u00e3o \u2013 DPU, promoveram nesta ter\u00e7a-feira, 22, o semin\u00e1rio com o tema : O Cen\u00e1rio das Migra\u00e7\u00f5es no Estado de Alagoas, que aconteceu no audit\u00f3rio do Minist\u00e9rio P\u00fablico do Estado, com transmiss\u00e3o\u00a0 online atrav\u00e9s do Canal do Youtube da CBNE2.<\/p>\n<p style=\"text-align: justify;\">O evento contou com a participa\u00e7\u00e3o de 40 pessoas, entre elas, representantes do Governo municipal, estadual e federal, Funda\u00e7\u00e3o Nacional do \u00cdndio \u2013 Funai, assim como, o defensor regional de Direitos Humanos em Alagoas, Diego Bruno Martins Alves, a procuradora da Rep\u00fablica Niedja Kaspary, ind\u00edgenas venezuelanos Waraos e agentes C\u00e1ritas do F\u00f3rum C\u00e1ritas, em\u00a0 Alagoas.<\/p>\n<p style=\"text-align: justify;\">Durante o per\u00edodo da manh\u00e3, a mesa condutora foi composta pela Assessora Regional de Migra\u00e7\u00e3o e Ref\u00fagio da CBNE2 e membro da Colegiada Regional, Luciana Flor\u00eancio, James Nogueira, representando o F\u00f3rum C\u00e1ritas Alagoas, a Procuradora da Rep\u00fablica, Niedja Kaspary, o defensor regional de Direitos Humanos em Alagoas, Diego Bruno Martins Alves , e do migrante da etnia Warao, Anibal Perez, que contou um pouco da sua experi\u00eancia como educador e das dificuldades enfrentadas pelos migrantes na regi\u00e3o. \u201c Na Venezuela trabalhei como professor e promotor social, meu pai \u00e9 cacique, e estou seguindo os passos do meu pai de ajudar e apoiar toda fam\u00edlia warao que existe. Durante a migra\u00e7\u00e3o em busca de melhoria de vida para o Brasil enfrentamos muitas dificuldades com a l\u00edngua, com a adapta\u00e7\u00e3o, com emprego e estabilidade, como povo da \u00e1gua, da canoa, buscamos nosso sustento no mangue, no mar, e como ind\u00edgenas que somos s\u00f3 queremos seguir praticando essas atividades tradicionais, assim como plantar tamb\u00e9m, criar animais, mas s\u00f3 queremos sobreviver e preservar nossas tradi\u00e7\u00f5es\u201d, conclui.<\/p>\n<p style=\"text-align: justify;\"><a href=\"http:\/\/www.caritasne2.org.br\/seminario-sobre-o-cenario-das-migracoes-no-estado-de-alagoas-promove-discussoes-e-encaminhamentos-com-orgaos-federais-estaduais-e-municipais\/img_7739-2\/\" rel=\"attachment wp-att-9153\"><img decoding=\"async\" loading=\"lazy\" class=\"aligncenter  wp-image-9153\" src=\"http:\/\/www.caritasne2.org.br\/wp-content\/uploads\/2022\/03\/IMG_7739-1.jpg\" alt=\"\" width=\"687\" height=\"458\" srcset=\"https:\/\/www.caritasne2.org.br\/site\/wp-content\/uploads\/2022\/03\/IMG_7739-1.jpg 6000w, https:\/\/www.caritasne2.org.br\/site\/wp-content\/uploads\/2022\/03\/IMG_7739-1-300x200.jpg 300w, https:\/\/www.caritasne2.org.br\/site\/wp-content\/uploads\/2022\/03\/IMG_7739-1-768x512.jpg 768w, https:\/\/www.caritasne2.org.br\/site\/wp-content\/uploads\/2022\/03\/IMG_7739-1-1024x683.jpg 1024w\" sizes=\"(max-width: 687px) 100vw, 687px\" \/><\/a><\/p>\n<p style=\"text-align: justify;\">V\u00e1rias proposi\u00e7\u00f5es foram incitadas pela DPU e pelo MPF- AL a partir de seus representantes que compunham a mesa diretora aos \u00f3rg\u00e3os governamentais, que tamb\u00e9m enviaram seus representantes para falas com respostas e encaminhamentos. Na parte da tarde, o momento continuou com a media\u00e7\u00e3o do Assessor Jur\u00eddico da C\u00e1ritas Brasileira Regional NE2, Daniel Lins, a representa\u00e7\u00e3o do Governo do Estado por Edenilza Lima, do setor de rela\u00e7\u00f5es p\u00fablicas e ger\u00eancia de articula\u00e7\u00f5es sociais e equipe, o representante do\u00a0Alto-comissariado das Na\u00e7\u00f5es Unidas para os Refugiados &#8211; ACNUR , Sebastian Roa e a representa\u00e7\u00e3o da Funda\u00e7\u00e3o Nacional do \u00edndio\u00a0 &#8211; Funai, Gabriela Pacheco. Ao final das falas houve um debate sobre os temas trazidos pelos convidados e logo ap\u00f3s a retomada em geral do tema e encaminhamentos de proposi\u00e7\u00f5es sociais aos munic\u00edpios com prazos e metas.<\/p>\n<p style=\"text-align: justify;\">\n<p style=\"text-align: justify;\">Foto: Thais Paim e Ascom CBNE2<\/p>\n<p style=\"text-align: justify;\">\n<p style=\"text-align: justify;\"><a href=\"http:\/\/www.caritasne2.org.br\/seminario-sobre-o-cenario-das-migracoes-no-estado-de-alagoas-promove-discussoes-e-encaminhamentos-com-orgaos-federais-estaduais-e-municipais\/whatsapp-image-2022-03-22-at-17-01-42\/\" rel=\"attachment wp-att-9154\"><img decoding=\"async\" loading=\"lazy\" class=\"aligncenter  wp-image-9154\" src=\"http:\/\/www.caritasne2.org.br\/wp-content\/uploads\/2022\/03\/WhatsApp-Image-2022-03-22-at-17.01.42.jpeg\" alt=\"\" width=\"622\" height=\"370\" srcset=\"https:\/\/www.caritasne2.org.br\/site\/wp-content\/uploads\/2022\/03\/WhatsApp-Image-2022-03-22-at-17.01.42.jpeg 1024w, https:\/\/www.caritasne2.org.br\/site\/wp-content\/uploads\/2022\/03\/WhatsApp-Image-2022-03-22-at-17.01.42-300x178.jpeg 300w, https:\/\/www.caritasne2.org.br\/site\/wp-content\/uploads\/2022\/03\/WhatsApp-Image-2022-03-22-at-17.01.42-768x457.jpeg 768w\" sizes=\"(max-width: 622px) 100vw, 622px\" \/><\/a><\/p>\n<p style=\"text-align: justify;\"><a href=\"http:\/\/www.caritasne2.org.br\/seminario-sobre-o-cenario-das-migracoes-no-estado-de-alagoas-promove-discussoes-e-encaminhamentos-com-orgaos-federais-estaduais-e-municipais\/img_7720\/\" rel=\"attachment wp-att-9155\"><img decoding=\"async\" loading=\"lazy\" class=\"aligncenter  wp-image-9155\" src=\"http:\/\/www.caritasne2.org.br\/wp-content\/uploads\/2022\/03\/IMG_7720.jpg\" alt=\"\" width=\"623\" height=\"415\" srcset=\"https:\/\/www.caritasne2.org.br\/site\/wp-content\/uploads\/2022\/03\/IMG_7720.jpg 6000w, https:\/\/www.caritasne2.org.br\/site\/wp-content\/uploads\/2022\/03\/IMG_7720-300x200.jpg 300w, https:\/\/www.caritasne2.org.br\/site\/wp-content\/uploads\/2022\/03\/IMG_7720-768x512.jpg 768w, https:\/\/www.caritasne2.org.br\/site\/wp-content\/uploads\/2022\/03\/IMG_7720-1024x683.jpg 1024w\" sizes=\"(max-width: 623px) 100vw, 623px\" \/><\/a><\/p>\n<p style=\"text-align: justify;\"><a href=\"http:\/\/www.caritasne2.org.br\/seminario-sobre-o-cenario-das-migracoes-no-estado-de-alagoas-promove-discussoes-e-encaminhamentos-com-orgaos-federais-estaduais-e-municipais\/img_7747\/\" rel=\"attachment wp-att-9156\"><img decoding=\"async\" loading=\"lazy\" class=\"aligncenter  wp-image-9156\" src=\"http:\/\/www.caritasne2.org.br\/wp-content\/uploads\/2022\/03\/IMG_7747.jpg\" alt=\"\" width=\"619\" height=\"413\" srcset=\"https:\/\/www.caritasne2.org.br\/site\/wp-content\/uploads\/2022\/03\/IMG_7747.jpg 6000w, https:\/\/www.caritasne2.org.br\/site\/wp-content\/uploads\/2022\/03\/IMG_7747-300x200.jpg 300w, https:\/\/www.caritasne2.org.br\/site\/wp-content\/uploads\/2022\/03\/IMG_7747-768x512.jpg 768w, https:\/\/www.caritasne2.org.br\/site\/wp-content\/uploads\/2022\/03\/IMG_7747-1024x683.jpg 1024w\" sizes=\"(max-width: 619px) 100vw, 619px\" \/><\/a><\/p>\n<p style=\"text-align: justify;\"><a href=\"http:\/\/www.caritasne2.org.br\/seminario-sobre-o-cenario-das-migracoes-no-estado-de-alagoas-promove-discussoes-e-encaminhamentos-com-orgaos-federais-estaduais-e-municipais\/whatsapp-image-2022-03-22-at-17-02-22\/\" rel=\"attachment wp-att-9157\"><img decoding=\"async\" loading=\"lazy\" class=\"aligncenter  wp-image-9157\" src=\"http:\/\/www.caritasne2.org.br\/wp-content\/uploads\/2022\/03\/WhatsApp-Image-2022-03-22-at-17.02.22.jpeg\" alt=\"\" width=\"624\" height=\"468\" srcset=\"https:\/\/www.caritasne2.org.br\/site\/wp-content\/uploads\/2022\/03\/WhatsApp-Image-2022-03-22-at-17.02.22.jpeg 1600w, https:\/\/www.caritasne2.org.br\/site\/wp-content\/uploads\/2022\/03\/WhatsApp-Image-2022-03-22-at-17.02.22-300x225.jpeg 300w, https:\/\/www.caritasne2.org.br\/site\/wp-content\/uploads\/2022\/03\/WhatsApp-Image-2022-03-22-at-17.02.22-768x576.jpeg 768w, https:\/\/www.caritasne2.org.br\/site\/wp-content\/uploads\/2022\/03\/WhatsApp-Image-2022-03-22-at-17.02.22-1024x768.jpeg 1024w\" sizes=\"(max-width: 624px) 100vw, 624px\" \/><\/a><\/p>\n<p style=\"text-align: justify;\"><a href=\"http:\/\/www.caritasne2.org.br\/seminario-sobre-o-cenario-das-migracoes-no-estado-de-alagoas-promove-discussoes-e-encaminhamentos-com-orgaos-federais-estaduais-e-municipais\/whatsapp-image-2022-03-22-at-17-02-19-1\/\" rel=\"attachment wp-att-9158\"><img decoding=\"async\" loading=\"lazy\" class=\"aligncenter  wp-image-9158\" src=\"http:\/\/www.caritasne2.org.br\/wp-content\/uploads\/2022\/03\/WhatsApp-Image-2022-03-22-at-17.02.19-1.jpeg\" alt=\"\" width=\"638\" height=\"851\" srcset=\"https:\/\/www.caritasne2.org.br\/site\/wp-content\/uploads\/2022\/03\/WhatsApp-Image-2022-03-22-at-17.02.19-1.jpeg 1200w, https:\/\/www.caritasne2.org.br\/site\/wp-content\/uploads\/2022\/03\/WhatsApp-Image-2022-03-22-at-17.02.19-1-225x300.jpeg 225w, https:\/\/www.caritasne2.org.br\/site\/wp-content\/uploads\/2022\/03\/WhatsApp-Image-2022-03-22-at-17.02.19-1-768x1024.jpeg 768w\" sizes=\"(max-width: 638px) 100vw, 638px\" \/><\/a><\/p>\n<p style=\"text-align: justify;\"><a href=\"http:\/\/www.caritasne2.org.br\/seminario-sobre-o-cenario-das-migracoes-no-estado-de-alagoas-promove-discussoes-e-encaminhamentos-com-orgaos-federais-estaduais-e-municipais\/whatsapp-image-2022-03-22-at-17-02-19\/\" rel=\"attachment wp-att-9159\"><img decoding=\"async\" loading=\"lazy\" class=\"aligncenter  wp-image-9159\" src=\"http:\/\/www.caritasne2.org.br\/wp-content\/uploads\/2022\/03\/WhatsApp-Image-2022-03-22-at-17.02.19.jpeg\" alt=\"\" width=\"647\" height=\"485\" srcset=\"https:\/\/www.caritasne2.org.br\/site\/wp-content\/uploads\/2022\/03\/WhatsApp-Image-2022-03-22-at-17.02.19.jpeg 1600w, https:\/\/www.caritasne2.org.br\/site\/wp-content\/uploads\/2022\/03\/WhatsApp-Image-2022-03-22-at-17.02.19-300x225.jpeg 300w, https:\/\/www.caritasne2.org.br\/site\/wp-content\/uploads\/2022\/03\/WhatsApp-Image-2022-03-22-at-17.02.19-768x576.jpeg 768w, https:\/\/www.caritasne2.org.br\/site\/wp-content\/uploads\/2022\/03\/WhatsApp-Image-2022-03-22-at-17.02.19-1024x768.jpeg 1024w\" sizes=\"(max-width: 647px) 100vw, 647px\" \/><\/a><\/p>\n<p style=\"text-align: justify;\"><a href=\"http:\/\/www.caritasne2.org.br\/seminario-sobre-o-cenario-das-migracoes-no-estado-de-alagoas-promove-discussoes-e-encaminhamentos-com-orgaos-federais-estaduais-e-municipais\/whatsapp-image-2022-03-22-at-17-00-51\/\" rel=\"attachment wp-att-9160\"><img decoding=\"async\" loading=\"lazy\" class=\"aligncenter  wp-image-9160\" src=\"http:\/\/www.caritasne2.org.br\/wp-content\/uploads\/2022\/03\/WhatsApp-Image-2022-03-22-at-17.00.51.jpeg\" alt=\"\" width=\"641\" height=\"458\" srcset=\"https:\/\/www.caritasne2.org.br\/site\/wp-content\/uploads\/2022\/03\/WhatsApp-Image-2022-03-22-at-17.00.51.jpeg 1024w, https:\/\/www.caritasne2.org.br\/site\/wp-content\/uploads\/2022\/03\/WhatsApp-Image-2022-03-22-at-17.00.51-300x214.jpeg 300w, https:\/\/www.caritasne2.org.br\/site\/wp-content\/uploads\/2022\/03\/WhatsApp-Image-2022-03-22-at-17.00.51-768x548.jpeg 768w\" sizes=\"(max-width: 641px) 100vw, 641px\" \/><\/a><\/p>\n<ul class=\"ssb_list_wrapper\"><li class=\"fb2\" style=\"width:135px\"><iframe src=\"\/\/www.facebook.com\/plugins\/like.php?href=https%3A%2F%2Fwww.caritasne2.org.br%2Fsite%2Fseminario-sobre-o-cenario-das-migracoes-no-estado-de-alagoas-promove-discussoes-e-encaminhamentos-com-orgaos-federais-estaduais-e-municipais%2F&amp;layout=button_count&amp;action=like&amp;show_faces=false&amp;share=true&amp;width=135&amp;height=21&amp;appId=307091639398582\" scrolling=\"no\" frameborder=\"0\" style=\"border:none; overflow:hidden;  width:150px; height:21px;\" allowTransparency=\"true\"><\/iframe><\/li><li class=\"twtr\" style=\"width:90px\"><a href=\"https:\/\/twitter.com\/share\" class=\"twitter-share-button\" data-url=\"https:\/\/www.caritasne2.org.br\/site\/seminario-sobre-o-cenario-das-migracoes-no-estado-de-alagoas-promove-discussoes-e-encaminhamentos-com-orgaos-federais-estaduais-e-municipais\/\">&nbsp;<\/a><script>!function(d,s,id){var js,fjs=d.getElementsByTagName(s)[0],p=\/^http:\/.test(d.location)?'http':'https';if(!d.getElementById(id)){js=d.createElement(s);js.id=id;js.src=p+':\/\/platform.twitter.com\/widgets.js';fjs.parentNode.insertBefore(js,fjs);}}(document, 'script', 'twitter-wjs');<\/script><\/li><li class=\"gplus\" style=\"width:68px\"><div class=\"g-plusone\" data-size=\"medium\" data-href=\"https:\/\/www.caritasne2.org.br\/site\/seminario-sobre-o-cenario-das-migracoes-no-estado-de-alagoas-promove-discussoes-e-encaminhamentos-com-orgaos-federais-estaduais-e-municipais\/\"><\/div><\/li><li class=\"ssb_linkedin\" style=\"width:64px\"><script src=\"\/\/platform.linkedin.com\/in.js\" type=\"text\/javascript\">lang: en_US<\/script><script type=\"IN\/Share\" data-url=\"https:\/\/www.caritasne2.org.br\/site\/seminario-sobre-o-cenario-das-migracoes-no-estado-de-alagoas-promove-discussoes-e-encaminhamentos-com-orgaos-federais-estaduais-e-municipais\/\" data-counter=\"right\"><\/script><\/li><\/ul>","protected":false},"excerpt":{"rendered":"<p>O momento aconteceu nesta ter\u00e7a-feira, 22, conduzido\u00a0 pela C\u00e1ritas Regional NE2 em parceria com o Minist\u00e9rio P\u00fablico Federal do Estado de Alagoas- MPF e a Defensoria P\u00fablica da Uni\u00e3o \u2013 DPU &nbsp; Com o intuito de gerar encaminhamentos na linha da acolhida e resolu\u00e7\u00e3o de problemas socioecon\u00f4micos vivenciados por migrantes e refugiados no estado de Alagoas, a C\u00e1ritas Brasileira Regional Nordeste 2 \u2013 CBNE2, em [&hellip;]<\/p>\n<ul class=\"ssb_list_wrapper\"><li class=\"fb2\" style=\"width:135px\"><iframe src=\"\/\/www.facebook.com\/plugins\/like.php?href=https%3A%2F%2Fwww.caritasne2.org.br%2Fsite%2Fseminario-sobre-o-cenario-das-migracoes-no-estado-de-alagoas-promove-discussoes-e-encaminhamentos-com-orgaos-federais-estaduais-e-municipais%2F&amp;layout=button_count&amp;action=like&amp;show_faces=false&amp;share=true&amp;width=135&amp;height=21&amp;appId=307091639398582\" scrolling=\"no\" frameborder=\"0\" style=\"border:none; overflow:hidden;  width:150px; height:21px;\" allowTransparency=\"true\"><\/iframe><\/li><li class=\"twtr\" style=\"width:90px\"><a href=\"https:\/\/twitter.com\/share\" class=\"twitter-share-button\" data-url=\"https:\/\/www.caritasne2.org.br\/site\/seminario-sobre-o-cenario-das-migracoes-no-estado-de-alagoas-promove-discussoes-e-encaminhamentos-com-orgaos-federais-estaduais-e-municipais\/\">&nbsp;<\/a><script>!function(d,s,id){var js,fjs=d.getElementsByTagName(s)[0],p=\/^http:\/.test(d.location)?'http':'https';if(!d.getElementById(id)){js=d.createElement(s);js.id=id;js.src=p+':\/\/platform.twitter.com\/widgets.js';fjs.parentNode.insertBefore(js,fjs);}}(document, 'script', 'twitter-wjs');<\/script><\/li><li class=\"gplus\" style=\"width:68px\"><div class=\"g-plusone\" data-size=\"medium\" data-href=\"https:\/\/www.caritasne2.org.br\/site\/seminario-sobre-o-cenario-das-migracoes-no-estado-de-alagoas-promove-discussoes-e-encaminhamentos-com-orgaos-federais-estaduais-e-municipais\/\"><\/div><\/li><li class=\"ssb_linkedin\" style=\"width:64px\"><script src=\"\/\/platform.linkedin.com\/in.js\" type=\"text\/javascript\">lang: en_US<\/script><script type=\"IN\/Share\" data-url=\"https:\/\/www.caritasne2.org.br\/site\/seminario-sobre-o-cenario-das-migracoes-no-estado-de-alagoas-promove-discussoes-e-encaminhamentos-com-orgaos-federais-estaduais-e-municipais\/\" data-counter=\"right\"><\/script><\/li><\/ul>","protected":false},"author":4,"featured_media":9154,"comment_status":"open","ping_status":"open","sticky":false,"template":"","format":"standard","meta":[],"categories":[21,20],"tags":[],"_links":{"self":[{"href":"https:\/\/www.caritasne2.org.br\/site\/wp-json\/wp\/v2\/posts\/9151"}],"collection":[{"href":"https:\/\/www.caritasne2.org.br\/site\/wp-json\/wp\/v2\/posts"}],"about":[{"href":"https:\/\/www.caritasne2.org.br\/site\/wp-json\/wp\/v2\/types\/post"}],"author":[{"embeddable":true,"href":"https:\/\/www.caritasne2.org.br\/site\/wp-json\/wp\/v2\/users\/4"}],"replies":[{"embeddable":true,"href":"https:\/\/www.caritasne2.org.br\/site\/wp-json\/wp\/v2\/comments?post=9151"}],"version-history":[{"count":0,"href":"https:\/\/www.caritasne2.org.br\/site\/wp-json\/wp\/v2\/posts\/9151\/revisions"}],"wp:featuredmedia":[{"embeddable":true,"href":"https:\/\/www.caritasne2.org.br\/site\/wp-json\/wp\/v2\/media\/9154"}],"wp:attachment":[{"href":"https:\/\/www.caritasne2.org.br\/site\/wp-json\/wp\/v2\/media?parent=9151"}],"wp:term":[{"taxonomy":"category","embeddable":true,"href":"https:\/\/www.caritasne2.org.br\/site\/wp-json\/wp\/v2\/categories?post=9151"},{"taxonomy":"post_tag","embeddable":true,"href":"https:\/\/www.caritasne2.org.br\/site\/wp-json\/wp\/v2\/tags?post=9151"}],"curies":[{"name":"wp","href":"https:\/\/api.w.org\/{rel}","templated":true}]}}