{"id":9139,"date":"2022-03-24T12:00:53","date_gmt":"2022-03-24T15:00:53","guid":{"rendered":"http:\/\/www.caritasne2.org.br\/?p=9139"},"modified":"2022-03-23T21:10:48","modified_gmt":"2022-03-24T00:10:48","slug":"caritas-brasileira-ne2-fortalece-acao-da-rede-nos-quatro-estados-doacao-de-equipamentos","status":"publish","type":"post","link":"https:\/\/www.caritasne2.org.br\/site\/caritas-brasileira-ne2-fortalece-acao-da-rede-nos-quatro-estados-doacao-de-equipamentos\/","title":{"rendered":"C\u00e1ritas Brasileira NE2 fortalece a\u00e7\u00e3o da rede nos quatro estados doa\u00e7\u00e3o de equipamentos"},"content":{"rendered":"<p style=\"text-align: justify;\">As 18 entidades membro e tr\u00eas Dioceses que integram a Rede C\u00e1ritas NE2 foram contempladas com o Projeto : O uso das Tecnologias da Informa\u00e7\u00e3o para o fortalecimento da Rede C\u00e1ritas Regional Nordeste 2 e o combate aos efeitos da COVID-19, uma parceria da CBNE2 com a Begeca, articula\u00e7\u00e3o da institui\u00e7\u00e3o cat\u00f3lica alem\u00e3 Misereor.\u00a0 O objetivo do projeto \u00e9 contribuir no fortalecimento da gest\u00e3o organizacional para as a\u00e7\u00f5es desenvolvidas nos quatro estados de atua\u00e7\u00e3o da rede, para o combate a pandemia da Covid-19.<\/p>\n<p style=\"text-align: justify;\">Cada entidade recebeu um kit com um notebook, pacote Microsoft Office contendo os programas Word, Excel, e Power Point; e uma impressora. Para cinco dioceses, al\u00e9m desse kit, tamb\u00e9m foram entregues um data show para auxiliar as a\u00e7\u00f5es da provincia estadual.<\/p>\n<p style=\"text-align: justify;\">Os equipamentos devem auxiliar as entidade membros a partir de tr\u00eas linhas de a\u00e7\u00e3o: fortalecimento das entidades Arqui\/Diocesanas com base para o cumprimento da Miss\u00e3o da Rede C\u00e1ritas NE2;\u00a0 amplia\u00e7\u00e3o das capacidades t\u00e9cnicas do(as) agentes C\u00e1ritas por meio de capacita\u00e7\u00f5es remotas em temas relacionados a incid\u00eancia como mobiliza\u00e7\u00e3o social, uso de instrumentos e novos aplicativos de comunica\u00e7\u00e3o; e amplia\u00e7\u00e3o da capacidade de comunica\u00e7\u00e3o e acesso \u00e0 internet de boa qualidade entre as entidades membro e a sociedade.<\/p>\n<p style=\"text-align: justify;\"><a href=\"http:\/\/www.caritasne2.org.br\/?attachment_id=9149\" rel=\"attachment wp-att-9149\"><img decoding=\"async\" loading=\"lazy\" class=\"aligncenter  wp-image-9149\" src=\"http:\/\/www.caritasne2.org.br\/wp-content\/uploads\/2022\/03\/IMG_0386.jpg\" alt=\"\" width=\"683\" height=\"512\" srcset=\"https:\/\/www.caritasne2.org.br\/site\/wp-content\/uploads\/2022\/03\/IMG_0386.jpg 4032w, https:\/\/www.caritasne2.org.br\/site\/wp-content\/uploads\/2022\/03\/IMG_0386-300x225.jpg 300w, https:\/\/www.caritasne2.org.br\/site\/wp-content\/uploads\/2022\/03\/IMG_0386-768x576.jpg 768w, https:\/\/www.caritasne2.org.br\/site\/wp-content\/uploads\/2022\/03\/IMG_0386-1024x768.jpg 1024w\" sizes=\"(max-width: 683px) 100vw, 683px\" \/><\/a><\/p>\n<p style=\"text-align: justify;\"><a href=\"http:\/\/www.caritasne2.org.br\/?attachment_id=9148\" rel=\"attachment wp-att-9148\"><img decoding=\"async\" loading=\"lazy\" class=\"aligncenter  wp-image-9148\" src=\"http:\/\/www.caritasne2.org.br\/wp-content\/uploads\/2022\/03\/IMG_0371.jpg\" alt=\"\" width=\"672\" height=\"504\" srcset=\"https:\/\/www.caritasne2.org.br\/site\/wp-content\/uploads\/2022\/03\/IMG_0371.jpg 4032w, https:\/\/www.caritasne2.org.br\/site\/wp-content\/uploads\/2022\/03\/IMG_0371-300x225.jpg 300w, https:\/\/www.caritasne2.org.br\/site\/wp-content\/uploads\/2022\/03\/IMG_0371-768x576.jpg 768w, https:\/\/www.caritasne2.org.br\/site\/wp-content\/uploads\/2022\/03\/IMG_0371-1024x768.jpg 1024w\" sizes=\"(max-width: 672px) 100vw, 672px\" \/><\/a><\/p>\n<p style=\"text-align: justify;\"><a href=\"http:\/\/www.caritasne2.org.br\/?attachment_id=9147\" rel=\"attachment wp-att-9147\"><img decoding=\"async\" loading=\"lazy\" class=\"aligncenter  wp-image-9147\" src=\"http:\/\/www.caritasne2.org.br\/wp-content\/uploads\/2022\/03\/IMG_0339.jpg\" alt=\"\" width=\"677\" height=\"507\" srcset=\"https:\/\/www.caritasne2.org.br\/site\/wp-content\/uploads\/2022\/03\/IMG_0339.jpg 4032w, https:\/\/www.caritasne2.org.br\/site\/wp-content\/uploads\/2022\/03\/IMG_0339-300x225.jpg 300w, https:\/\/www.caritasne2.org.br\/site\/wp-content\/uploads\/2022\/03\/IMG_0339-768x576.jpg 768w, https:\/\/www.caritasne2.org.br\/site\/wp-content\/uploads\/2022\/03\/IMG_0339-1024x768.jpg 1024w\" sizes=\"(max-width: 677px) 100vw, 677px\" \/><\/a><\/p>\n<p style=\"text-align: justify;\"><a href=\"http:\/\/www.caritasne2.org.br\/?attachment_id=9146\" rel=\"attachment wp-att-9146\"><img decoding=\"async\" loading=\"lazy\" class=\"aligncenter  wp-image-9146\" src=\"http:\/\/www.caritasne2.org.br\/wp-content\/uploads\/2022\/03\/IMG_0315.jpg\" alt=\"\" width=\"659\" height=\"494\" srcset=\"https:\/\/www.caritasne2.org.br\/site\/wp-content\/uploads\/2022\/03\/IMG_0315.jpg 4032w, https:\/\/www.caritasne2.org.br\/site\/wp-content\/uploads\/2022\/03\/IMG_0315-300x225.jpg 300w, https:\/\/www.caritasne2.org.br\/site\/wp-content\/uploads\/2022\/03\/IMG_0315-768x576.jpg 768w, https:\/\/www.caritasne2.org.br\/site\/wp-content\/uploads\/2022\/03\/IMG_0315-1024x768.jpg 1024w\" sizes=\"(max-width: 659px) 100vw, 659px\" \/><\/a><\/p>\n<p style=\"text-align: justify;\"><a href=\"http:\/\/www.caritasne2.org.br\/?attachment_id=9145\" rel=\"attachment wp-att-9145\"><img decoding=\"async\" loading=\"lazy\" class=\"aligncenter  wp-image-9145\" src=\"http:\/\/www.caritasne2.org.br\/wp-content\/uploads\/2022\/03\/IMG_0341.jpg\" alt=\"\" width=\"666\" height=\"500\" srcset=\"https:\/\/www.caritasne2.org.br\/site\/wp-content\/uploads\/2022\/03\/IMG_0341.jpg 4032w, https:\/\/www.caritasne2.org.br\/site\/wp-content\/uploads\/2022\/03\/IMG_0341-300x225.jpg 300w, https:\/\/www.caritasne2.org.br\/site\/wp-content\/uploads\/2022\/03\/IMG_0341-768x576.jpg 768w, https:\/\/www.caritasne2.org.br\/site\/wp-content\/uploads\/2022\/03\/IMG_0341-1024x768.jpg 1024w\" sizes=\"(max-width: 666px) 100vw, 666px\" \/><\/a><\/p>\n<p style=\"text-align: justify;\"><a href=\"http:\/\/www.caritasne2.org.br\/?attachment_id=9144\" rel=\"attachment wp-att-9144\"><img decoding=\"async\" loading=\"lazy\" class=\"aligncenter  wp-image-9144\" src=\"http:\/\/www.caritasne2.org.br\/wp-content\/uploads\/2022\/03\/IMG_0319.jpg\" alt=\"\" width=\"660\" height=\"496\" srcset=\"https:\/\/www.caritasne2.org.br\/site\/wp-content\/uploads\/2022\/03\/IMG_0319.jpg 4032w, https:\/\/www.caritasne2.org.br\/site\/wp-content\/uploads\/2022\/03\/IMG_0319-300x225.jpg 300w, https:\/\/www.caritasne2.org.br\/site\/wp-content\/uploads\/2022\/03\/IMG_0319-768x576.jpg 768w, https:\/\/www.caritasne2.org.br\/site\/wp-content\/uploads\/2022\/03\/IMG_0319-1024x768.jpg 1024w\" sizes=\"(max-width: 660px) 100vw, 660px\" \/><\/a><\/p>\n<p style=\"text-align: justify;\">\n<ul class=\"ssb_list_wrapper\"><li class=\"fb2\" style=\"width:135px\"><iframe src=\"\/\/www.facebook.com\/plugins\/like.php?href=https%3A%2F%2Fwww.caritasne2.org.br%2Fsite%2Fcaritas-brasileira-ne2-fortalece-acao-da-rede-nos-quatro-estados-doacao-de-equipamentos%2F&amp;layout=button_count&amp;action=like&amp;show_faces=false&amp;share=true&amp;width=135&amp;height=21&amp;appId=307091639398582\" scrolling=\"no\" frameborder=\"0\" style=\"border:none; overflow:hidden;  width:150px; height:21px;\" allowTransparency=\"true\"><\/iframe><\/li><li class=\"twtr\" style=\"width:90px\"><a href=\"https:\/\/twitter.com\/share\" class=\"twitter-share-button\" data-url=\"https:\/\/www.caritasne2.org.br\/site\/caritas-brasileira-ne2-fortalece-acao-da-rede-nos-quatro-estados-doacao-de-equipamentos\/\">&nbsp;<\/a><script>!function(d,s,id){var js,fjs=d.getElementsByTagName(s)[0],p=\/^http:\/.test(d.location)?'http':'https';if(!d.getElementById(id)){js=d.createElement(s);js.id=id;js.src=p+':\/\/platform.twitter.com\/widgets.js';fjs.parentNode.insertBefore(js,fjs);}}(document, 'script', 'twitter-wjs');<\/script><\/li><li class=\"gplus\" style=\"width:68px\"><div class=\"g-plusone\" data-size=\"medium\" data-href=\"https:\/\/www.caritasne2.org.br\/site\/caritas-brasileira-ne2-fortalece-acao-da-rede-nos-quatro-estados-doacao-de-equipamentos\/\"><\/div><\/li><li class=\"ssb_linkedin\" style=\"width:64px\"><script src=\"\/\/platform.linkedin.com\/in.js\" type=\"text\/javascript\">lang: en_US<\/script><script type=\"IN\/Share\" data-url=\"https:\/\/www.caritasne2.org.br\/site\/caritas-brasileira-ne2-fortalece-acao-da-rede-nos-quatro-estados-doacao-de-equipamentos\/\" data-counter=\"right\"><\/script><\/li><\/ul>","protected":false},"excerpt":{"rendered":"<p>As 18 entidades membro e tr\u00eas Dioceses que integram a Rede C\u00e1ritas NE2 foram contempladas com o Projeto : O uso das Tecnologias da Informa\u00e7\u00e3o para o fortalecimento da Rede C\u00e1ritas Regional Nordeste 2 e o combate aos efeitos da COVID-19, uma parceria da CBNE2 com a Begeca, articula\u00e7\u00e3o da institui\u00e7\u00e3o cat\u00f3lica alem\u00e3 Misereor.\u00a0 O objetivo do projeto \u00e9 contribuir no fortalecimento da gest\u00e3o organizacional [&hellip;]<\/p>\n<ul class=\"ssb_list_wrapper\"><li class=\"fb2\" style=\"width:135px\"><iframe src=\"\/\/www.facebook.com\/plugins\/like.php?href=https%3A%2F%2Fwww.caritasne2.org.br%2Fsite%2Fcaritas-brasileira-ne2-fortalece-acao-da-rede-nos-quatro-estados-doacao-de-equipamentos%2F&amp;layout=button_count&amp;action=like&amp;show_faces=false&amp;share=true&amp;width=135&amp;height=21&amp;appId=307091639398582\" scrolling=\"no\" frameborder=\"0\" style=\"border:none; overflow:hidden;  width:150px; height:21px;\" allowTransparency=\"true\"><\/iframe><\/li><li class=\"twtr\" style=\"width:90px\"><a href=\"https:\/\/twitter.com\/share\" class=\"twitter-share-button\" data-url=\"https:\/\/www.caritasne2.org.br\/site\/caritas-brasileira-ne2-fortalece-acao-da-rede-nos-quatro-estados-doacao-de-equipamentos\/\">&nbsp;<\/a><script>!function(d,s,id){var js,fjs=d.getElementsByTagName(s)[0],p=\/^http:\/.test(d.location)?'http':'https';if(!d.getElementById(id)){js=d.createElement(s);js.id=id;js.src=p+':\/\/platform.twitter.com\/widgets.js';fjs.parentNode.insertBefore(js,fjs);}}(document, 'script', 'twitter-wjs');<\/script><\/li><li class=\"gplus\" style=\"width:68px\"><div class=\"g-plusone\" data-size=\"medium\" data-href=\"https:\/\/www.caritasne2.org.br\/site\/caritas-brasileira-ne2-fortalece-acao-da-rede-nos-quatro-estados-doacao-de-equipamentos\/\"><\/div><\/li><li class=\"ssb_linkedin\" style=\"width:64px\"><script src=\"\/\/platform.linkedin.com\/in.js\" type=\"text\/javascript\">lang: en_US<\/script><script type=\"IN\/Share\" data-url=\"https:\/\/www.caritasne2.org.br\/site\/caritas-brasileira-ne2-fortalece-acao-da-rede-nos-quatro-estados-doacao-de-equipamentos\/\" data-counter=\"right\"><\/script><\/li><\/ul>","protected":false},"author":4,"featured_media":9140,"comment_status":"open","ping_status":"open","sticky":false,"template":"","format":"standard","meta":[],"categories":[21,20],"tags":[],"_links":{"self":[{"href":"https:\/\/www.caritasne2.org.br\/site\/wp-json\/wp\/v2\/posts\/9139"}],"collection":[{"href":"https:\/\/www.caritasne2.org.br\/site\/wp-json\/wp\/v2\/posts"}],"about":[{"href":"https:\/\/www.caritasne2.org.br\/site\/wp-json\/wp\/v2\/types\/post"}],"author":[{"embeddable":true,"href":"https:\/\/www.caritasne2.org.br\/site\/wp-json\/wp\/v2\/users\/4"}],"replies":[{"embeddable":true,"href":"https:\/\/www.caritasne2.org.br\/site\/wp-json\/wp\/v2\/comments?post=9139"}],"version-history":[{"count":0,"href":"https:\/\/www.caritasne2.org.br\/site\/wp-json\/wp\/v2\/posts\/9139\/revisions"}],"wp:featuredmedia":[{"embeddable":true,"href":"https:\/\/www.caritasne2.org.br\/site\/wp-json\/wp\/v2\/media\/9140"}],"wp:attachment":[{"href":"https:\/\/www.caritasne2.org.br\/site\/wp-json\/wp\/v2\/media?parent=9139"}],"wp:term":[{"taxonomy":"category","embeddable":true,"href":"https:\/\/www.caritasne2.org.br\/site\/wp-json\/wp\/v2\/categories?post=9139"},{"taxonomy":"post_tag","embeddable":true,"href":"https:\/\/www.caritasne2.org.br\/site\/wp-json\/wp\/v2\/tags?post=9139"}],"curies":[{"name":"wp","href":"https:\/\/api.w.org\/{rel}","templated":true}]}}