{"id":9125,"date":"2022-03-24T08:00:22","date_gmt":"2022-03-24T11:00:22","guid":{"rendered":"http:\/\/www.caritasne2.org.br\/?p=9125"},"modified":"2022-03-23T21:00:39","modified_gmt":"2022-03-24T00:00:39","slug":"caritas-brasileira-ne2-reune-agentes-cariras-e-realiza-planejamento-operacional-anual-poa-2022","status":"publish","type":"post","link":"https:\/\/www.caritasne2.org.br\/site\/caritas-brasileira-ne2-reune-agentes-cariras-e-realiza-planejamento-operacional-anual-poa-2022\/","title":{"rendered":"C\u00e1ritas Brasileira NE2  reune agentes C\u00e1riras e  realiza Planejamento Operacional Anual (POA) 2022"},"content":{"rendered":"<p style=\"text-align: justify;\">De 18 a 20 de mar\u00e7o, o Convento Ipuarana, em Lagoa Seca (PB), acolheu a C\u00e1ritas Brasileira Regional Nordeste 2 para realiza\u00e7\u00e3o do Plano Operacional Anual 2022 (POA).<\/p>\n<p style=\"text-align: justify;\">Seguindo todos os protocolos de distanciamento, higiene e seguran\u00e7a cerca de 60 participantes estiveram presentes; entidades membro da Rede C\u00e1ritas NE2, conselho regional, secretariado regional e nacional da C\u00e1ritas Brasileira e representante da Comiss\u00e3o para A\u00e7\u00e3o Sociotransformadora da CNBB NE2.<\/p>\n<p style=\"text-align: justify;\">Inspirados e motivados pelo tema da IX Assembleia Regional, que ocorreu em 2021, \u201cEis que fa\u00e7o novas todas as coisas\u201d, o POA 2022 teve como objetivo refletir estrategicamente os passos da Rede C\u00e1ritas NE2 para este ano, construindo junto as inst\u00e2ncias &#8211; entidades membros, conselho regional, comiss\u00f5es e comit\u00eas e secretariado regional) as atividades priorit\u00e1rias, com uma programa\u00e7\u00e3o que contou com momentos formativos, de avalia\u00e7\u00e3o, debates e constru\u00e7\u00e3o coletiva.<\/p>\n<p style=\"text-align: justify;\">Para Charles Bezerra, secret\u00e1rio do Conselho Regional e diretor da C\u00e1ritas Diocesana de Palmeira dos \u00cdndios, em Alagoas. \u201cEste planejamento no formato presencial foi essencial para a rede C\u00e1ritas NE2. Primeiro ap\u00f3s dois anos de pandemia, poder rever nossos amigos (as) da rede e estar junto fez com toda certeza a diferen\u00e7a em nosso planejamento, tanto\u00a0 para o momento de forma\u00e7\u00e3o, quanto o debate e constru\u00e7\u00e3o do planejamnento\u201d, declara.<\/p>\n<p style=\"text-align: justify;\">Dentre a programa\u00e7\u00e3o foi realizado o \u201cSemin\u00e1rio Regional sobre conjuntura social, pastoral, econ\u00f4mica, pol\u00edtica e ambiental do pa\u00eds\u201d facilitado pelo irm\u00e3o Marcelo Barros que explanou sobre a rela\u00e7\u00e3o da C\u00e1ritas e o seu fundador Dom Helder C\u00e2mara, despertando os participantes para a reflex\u00e3o sobre esperan\u00e7a, resist\u00eancia e profecia enquanto dimens\u00f5es do Bem Viver.<\/p>\n<p style=\"text-align: justify;\">Durante os\u00a0 tr\u00eas dias al\u00e9m da forma\u00e7\u00e3o, os agentes apresentaram uma s\u00edntese da avalia\u00e7\u00e3o do f\u00f3runs estaduais, debates sobre os espa\u00e7os auxiliares de gest\u00e3o, plano de assessoria da rede C\u00e1ritas NE2, e din\u00e2micas\u00a0 gerais da rede.<\/p>\n<p style=\"text-align: justify;\">Como ponto essencial do planejamento destacamos a avalia\u00e7\u00e3o das a\u00e7\u00f5es em \u00a02021 e planejamento das a\u00e7\u00f5es construindo assim o Plano Operacional Anual (POA), com foco nos objetivos dos projetos a serem executados pela institui\u00e7\u00e3o para o ano, ressaltando a\u00e7\u00f5es para a promo\u00e7\u00e3o e fortalecimento de iniciativas locais e territoriais, na constru\u00e7\u00e3o da sociedade do bem-viver; organiza\u00e7\u00e3o, fortalecimento e sustentabilidade da rede Caritas; \u00a0e promo\u00e7\u00e3o da identidade e integra\u00e7\u00e3o do ser agente volunt\u00e1rio(a) da Rede Caritas.<\/p>\n<p style=\"text-align: justify;\">Para Charles Bezerra, secret\u00e1rio do Conselho Regional e diretor da C\u00e1ritas Diocesana de Palmeira dos \u00cdndios, em Alagoas. \u201cEste planejamento no formato presencial foi essencial para a rede C\u00e1ritas NE2. Primeiro ap\u00f3s dois anos de pandemia, poder rever nossos amigos (as) da rede e estar junto fez com toda certeza a diferen\u00e7a em nosso planejamento, tanto\u00a0 para o momento de forma\u00e7\u00e3o, quanto o debate e constru\u00e7\u00e3o do planejamnento\u201d, declara.<\/p>\n<p style=\"text-align: justify;\">Por fim, para Francim\u00e1rio Gomes, agente da C\u00e1ritas Diocesana de Pesqueira (PE), \u201c foi um encontro rico de conhecimento, diversidade, e proposi\u00e7\u00f5es para fortalecimento e sustentabilidade da rede C\u00e1ritas no nordeste 2\u201d, comentou.<\/p>\n<p style=\"text-align: justify;\">\n<p style=\"text-align: justify;\"><a href=\"http:\/\/www.caritasne2.org.br\/?attachment_id=9131\" rel=\"attachment wp-att-9131\"><img decoding=\"async\" loading=\"lazy\" class=\"aligncenter  wp-image-9131\" src=\"http:\/\/www.caritasne2.org.br\/wp-content\/uploads\/2022\/03\/IMG_0180.jpg\" alt=\"\" width=\"593\" height=\"444\" srcset=\"https:\/\/www.caritasne2.org.br\/site\/wp-content\/uploads\/2022\/03\/IMG_0180.jpg 4032w, https:\/\/www.caritasne2.org.br\/site\/wp-content\/uploads\/2022\/03\/IMG_0180-300x225.jpg 300w, https:\/\/www.caritasne2.org.br\/site\/wp-content\/uploads\/2022\/03\/IMG_0180-768x576.jpg 768w, https:\/\/www.caritasne2.org.br\/site\/wp-content\/uploads\/2022\/03\/IMG_0180-1024x768.jpg 1024w\" sizes=\"(max-width: 593px) 100vw, 593px\" \/><\/a><\/p>\n<p style=\"text-align: justify;\"><a href=\"http:\/\/www.caritasne2.org.br\/?attachment_id=9130\" rel=\"attachment wp-att-9130\"><img decoding=\"async\" loading=\"lazy\" class=\"aligncenter  wp-image-9130\" src=\"http:\/\/www.caritasne2.org.br\/wp-content\/uploads\/2022\/03\/IMG_0165.jpg\" alt=\"\" width=\"603\" height=\"452\" srcset=\"https:\/\/www.caritasne2.org.br\/site\/wp-content\/uploads\/2022\/03\/IMG_0165.jpg 4032w, https:\/\/www.caritasne2.org.br\/site\/wp-content\/uploads\/2022\/03\/IMG_0165-300x225.jpg 300w, https:\/\/www.caritasne2.org.br\/site\/wp-content\/uploads\/2022\/03\/IMG_0165-768x576.jpg 768w, https:\/\/www.caritasne2.org.br\/site\/wp-content\/uploads\/2022\/03\/IMG_0165-1024x768.jpg 1024w\" sizes=\"(max-width: 603px) 100vw, 603px\" \/><\/a><\/p>\n<p style=\"text-align: justify;\"><a href=\"http:\/\/www.caritasne2.org.br\/?attachment_id=9129\" rel=\"attachment wp-att-9129\"><img decoding=\"async\" loading=\"lazy\" class=\"aligncenter  wp-image-9129\" src=\"http:\/\/www.caritasne2.org.br\/wp-content\/uploads\/2022\/03\/IMG_0154.jpg\" alt=\"\" width=\"618\" height=\"464\" srcset=\"https:\/\/www.caritasne2.org.br\/site\/wp-content\/uploads\/2022\/03\/IMG_0154.jpg 4032w, https:\/\/www.caritasne2.org.br\/site\/wp-content\/uploads\/2022\/03\/IMG_0154-300x225.jpg 300w, https:\/\/www.caritasne2.org.br\/site\/wp-content\/uploads\/2022\/03\/IMG_0154-768x576.jpg 768w, https:\/\/www.caritasne2.org.br\/site\/wp-content\/uploads\/2022\/03\/IMG_0154-1024x768.jpg 1024w\" sizes=\"(max-width: 618px) 100vw, 618px\" \/><\/a><\/p>\n<p style=\"text-align: justify;\"><a href=\"http:\/\/www.caritasne2.org.br\/?attachment_id=9127\" rel=\"attachment wp-att-9127\"><img decoding=\"async\" loading=\"lazy\" class=\"aligncenter  wp-image-9127\" src=\"http:\/\/www.caritasne2.org.br\/wp-content\/uploads\/2022\/03\/IMG_0141.jpg\" alt=\"\" width=\"604\" height=\"453\" srcset=\"https:\/\/www.caritasne2.org.br\/site\/wp-content\/uploads\/2022\/03\/IMG_0141.jpg 4032w, https:\/\/www.caritasne2.org.br\/site\/wp-content\/uploads\/2022\/03\/IMG_0141-300x225.jpg 300w, https:\/\/www.caritasne2.org.br\/site\/wp-content\/uploads\/2022\/03\/IMG_0141-768x576.jpg 768w, https:\/\/www.caritasne2.org.br\/site\/wp-content\/uploads\/2022\/03\/IMG_0141-1024x768.jpg 1024w\" sizes=\"(max-width: 604px) 100vw, 604px\" \/><\/a><\/p>\n<p style=\"text-align: justify;\"><a href=\"http:\/\/www.caritasne2.org.br\/?attachment_id=9126\" rel=\"attachment wp-att-9126\"><img decoding=\"async\" loading=\"lazy\" class=\"aligncenter  wp-image-9126\" src=\"http:\/\/www.caritasne2.org.br\/wp-content\/uploads\/2022\/03\/IMG_0139.jpg\" alt=\"\" width=\"593\" height=\"445\" srcset=\"https:\/\/www.caritasne2.org.br\/site\/wp-content\/uploads\/2022\/03\/IMG_0139.jpg 4032w, https:\/\/www.caritasne2.org.br\/site\/wp-content\/uploads\/2022\/03\/IMG_0139-300x225.jpg 300w, https:\/\/www.caritasne2.org.br\/site\/wp-content\/uploads\/2022\/03\/IMG_0139-768x576.jpg 768w, https:\/\/www.caritasne2.org.br\/site\/wp-content\/uploads\/2022\/03\/IMG_0139-1024x768.jpg 1024w\" sizes=\"(max-width: 593px) 100vw, 593px\" \/><\/a><\/p>\n<p>&nbsp;<\/p>\n<ul class=\"ssb_list_wrapper\"><li class=\"fb2\" style=\"width:135px\"><iframe src=\"\/\/www.facebook.com\/plugins\/like.php?href=https%3A%2F%2Fwww.caritasne2.org.br%2Fsite%2Fcaritas-brasileira-ne2-reune-agentes-cariras-e-realiza-planejamento-operacional-anual-poa-2022%2F&amp;layout=button_count&amp;action=like&amp;show_faces=false&amp;share=true&amp;width=135&amp;height=21&amp;appId=307091639398582\" scrolling=\"no\" frameborder=\"0\" style=\"border:none; overflow:hidden;  width:150px; height:21px;\" allowTransparency=\"true\"><\/iframe><\/li><li class=\"twtr\" style=\"width:90px\"><a href=\"https:\/\/twitter.com\/share\" class=\"twitter-share-button\" data-url=\"https:\/\/www.caritasne2.org.br\/site\/caritas-brasileira-ne2-reune-agentes-cariras-e-realiza-planejamento-operacional-anual-poa-2022\/\">&nbsp;<\/a><script>!function(d,s,id){var js,fjs=d.getElementsByTagName(s)[0],p=\/^http:\/.test(d.location)?'http':'https';if(!d.getElementById(id)){js=d.createElement(s);js.id=id;js.src=p+':\/\/platform.twitter.com\/widgets.js';fjs.parentNode.insertBefore(js,fjs);}}(document, 'script', 'twitter-wjs');<\/script><\/li><li class=\"gplus\" style=\"width:68px\"><div class=\"g-plusone\" data-size=\"medium\" data-href=\"https:\/\/www.caritasne2.org.br\/site\/caritas-brasileira-ne2-reune-agentes-cariras-e-realiza-planejamento-operacional-anual-poa-2022\/\"><\/div><\/li><li class=\"ssb_linkedin\" style=\"width:64px\"><script src=\"\/\/platform.linkedin.com\/in.js\" type=\"text\/javascript\">lang: en_US<\/script><script type=\"IN\/Share\" data-url=\"https:\/\/www.caritasne2.org.br\/site\/caritas-brasileira-ne2-reune-agentes-cariras-e-realiza-planejamento-operacional-anual-poa-2022\/\" data-counter=\"right\"><\/script><\/li><\/ul>","protected":false},"excerpt":{"rendered":"<p>De 18 a 20 de mar\u00e7o, o Convento Ipuarana, em Lagoa Seca (PB), acolheu a C\u00e1ritas Brasileira Regional Nordeste 2 para realiza\u00e7\u00e3o do Plano Operacional Anual 2022 (POA). Seguindo todos os protocolos de distanciamento, higiene e seguran\u00e7a cerca de 60 participantes estiveram presentes; entidades membro da Rede C\u00e1ritas NE2, conselho regional, secretariado regional e nacional da C\u00e1ritas Brasileira e representante da Comiss\u00e3o para A\u00e7\u00e3o Sociotransformadora [&hellip;]<\/p>\n<ul class=\"ssb_list_wrapper\"><li class=\"fb2\" style=\"width:135px\"><iframe src=\"\/\/www.facebook.com\/plugins\/like.php?href=https%3A%2F%2Fwww.caritasne2.org.br%2Fsite%2Fcaritas-brasileira-ne2-reune-agentes-cariras-e-realiza-planejamento-operacional-anual-poa-2022%2F&amp;layout=button_count&amp;action=like&amp;show_faces=false&amp;share=true&amp;width=135&amp;height=21&amp;appId=307091639398582\" scrolling=\"no\" frameborder=\"0\" style=\"border:none; overflow:hidden;  width:150px; height:21px;\" allowTransparency=\"true\"><\/iframe><\/li><li class=\"twtr\" style=\"width:90px\"><a href=\"https:\/\/twitter.com\/share\" class=\"twitter-share-button\" data-url=\"https:\/\/www.caritasne2.org.br\/site\/caritas-brasileira-ne2-reune-agentes-cariras-e-realiza-planejamento-operacional-anual-poa-2022\/\">&nbsp;<\/a><script>!function(d,s,id){var js,fjs=d.getElementsByTagName(s)[0],p=\/^http:\/.test(d.location)?'http':'https';if(!d.getElementById(id)){js=d.createElement(s);js.id=id;js.src=p+':\/\/platform.twitter.com\/widgets.js';fjs.parentNode.insertBefore(js,fjs);}}(document, 'script', 'twitter-wjs');<\/script><\/li><li class=\"gplus\" style=\"width:68px\"><div class=\"g-plusone\" data-size=\"medium\" data-href=\"https:\/\/www.caritasne2.org.br\/site\/caritas-brasileira-ne2-reune-agentes-cariras-e-realiza-planejamento-operacional-anual-poa-2022\/\"><\/div><\/li><li class=\"ssb_linkedin\" style=\"width:64px\"><script src=\"\/\/platform.linkedin.com\/in.js\" type=\"text\/javascript\">lang: en_US<\/script><script type=\"IN\/Share\" data-url=\"https:\/\/www.caritasne2.org.br\/site\/caritas-brasileira-ne2-reune-agentes-cariras-e-realiza-planejamento-operacional-anual-poa-2022\/\" data-counter=\"right\"><\/script><\/li><\/ul>","protected":false},"author":4,"featured_media":9136,"comment_status":"open","ping_status":"open","sticky":false,"template":"","format":"standard","meta":[],"categories":[21,20],"tags":[],"_links":{"self":[{"href":"https:\/\/www.caritasne2.org.br\/site\/wp-json\/wp\/v2\/posts\/9125"}],"collection":[{"href":"https:\/\/www.caritasne2.org.br\/site\/wp-json\/wp\/v2\/posts"}],"about":[{"href":"https:\/\/www.caritasne2.org.br\/site\/wp-json\/wp\/v2\/types\/post"}],"author":[{"embeddable":true,"href":"https:\/\/www.caritasne2.org.br\/site\/wp-json\/wp\/v2\/users\/4"}],"replies":[{"embeddable":true,"href":"https:\/\/www.caritasne2.org.br\/site\/wp-json\/wp\/v2\/comments?post=9125"}],"version-history":[{"count":0,"href":"https:\/\/www.caritasne2.org.br\/site\/wp-json\/wp\/v2\/posts\/9125\/revisions"}],"wp:featuredmedia":[{"embeddable":true,"href":"https:\/\/www.caritasne2.org.br\/site\/wp-json\/wp\/v2\/media\/9136"}],"wp:attachment":[{"href":"https:\/\/www.caritasne2.org.br\/site\/wp-json\/wp\/v2\/media?parent=9125"}],"wp:term":[{"taxonomy":"category","embeddable":true,"href":"https:\/\/www.caritasne2.org.br\/site\/wp-json\/wp\/v2\/categories?post=9125"},{"taxonomy":"post_tag","embeddable":true,"href":"https:\/\/www.caritasne2.org.br\/site\/wp-json\/wp\/v2\/tags?post=9125"}],"curies":[{"name":"wp","href":"https:\/\/api.w.org\/{rel}","templated":true}]}}