{"id":9118,"date":"2022-03-18T13:58:11","date_gmt":"2022-03-18T16:58:11","guid":{"rendered":"http:\/\/www.caritasne2.org.br\/?p=9118"},"modified":"2022-03-18T13:58:11","modified_gmt":"2022-03-18T16:58:11","slug":"seminario-discute-o-cenario-das-migracoes-no-estado-de-alagoas","status":"publish","type":"post","link":"https:\/\/www.caritasne2.org.br\/site\/seminario-discute-o-cenario-das-migracoes-no-estado-de-alagoas\/","title":{"rendered":"Semin\u00e1rio discute o cen\u00e1rio das migra\u00e7\u00f5es no Estado de Alagoas"},"content":{"rendered":"<p style=\"text-align: justify;\"><span style=\"font-weight: 400;\">Compreendendo previamente que definir o direito socioassistencial de pessoas em situa\u00e7\u00e3o migrat\u00f3ria, \u00e9 reconhecer que migrantes s\u00e3o sujeitos de direitos, ou seja, t\u00eam prote\u00e7\u00f5es asseguradas tanto no ordenamento jur\u00eddico brasileiro quanto no plano internacional. Sendo assim, a C\u00e1ritas Brasileira Nordeste 2, em parceria com a C\u00e1ritas Arquidiocesana de Macei\u00f3, Minist\u00e9rio P\u00fablico Federal \u2013 Procuradoria Regional em Alagoas (MPF) ,e Defensoria P\u00fablica da Uni\u00e3o ( DPU), e com\u00a0 apoio da lnter American Foundation ( IAF)\u00a0 realiza no dia 22 de mar\u00e7o, o\u00a0 Semin\u00e1rio: O Cen\u00e1rio das Migra\u00e7\u00f5es do Estado de Alagoas.<\/span><\/p>\n<p style=\"text-align: justify;\"><span style=\"font-weight: 400;\">O semin\u00e1rio ter\u00e1 como objetivo\u00a0<\/span><span style=\"font-weight: 400;\">fortalecer a Rede de apoio que atua com migrantes e refugiados no Estado de Alagoas, realizando a interc\u00e2mbio de experi\u00eancias e informa\u00e7\u00f5es das boas pr\u00e1ticas que est\u00e3o ocorrendo no territ\u00f3rio, al\u00e9m de conhecimento sobre os Direitos dos migrantes. O momento contar\u00e1 com uma estrutura digital e ser\u00e1 transmitido de forma ao vivo atrav\u00e9s do canal do YouTube da C\u00e1ritas Regional NE2.<\/span><\/p>\n<p style=\"text-align: justify;\"><span style=\"font-weight: 400;\">Segundo Luciana Flor\u00eancio, assessora regional de Migra\u00e7\u00e3o e Ref\u00fagio da CBNE2, \u201cas situa\u00e7\u00f5es de migra\u00e7\u00f5es e ref\u00fagio est\u00e3o entre os temas que mobilizam diversas iniciativas na C\u00e1ritas Brasileira Regional Nordeste 2, e nas C\u00e1ritas Diocesanas e Arquidiocesana em Alagoas. E como organismo da Confer\u00eancia Nacional dos Bispos do Brasil estamos conectadas as solicita\u00e7\u00f5es do Papa Francisco sobre os nossos irm\u00e3os migrantes e refugiados\u201d, declara.<\/span><\/p>\n<p style=\"text-align: justify;\"><span style=\"font-weight: 400;\">Ela finaliza. \u201cPara al\u00e9m de acolher e proteger, tamb\u00e9m devemos promover iniciativas para o protagonismo dos nossos irm\u00e3os favorecendo sua integra\u00e7\u00e3o local, e garantindo Direitos. E o semin\u00e1rio em Alagoas juntos aos parceiros envolvidos ser\u00e1 este momento de fortalecer as a\u00e7\u00f5es no Estado\u201d.<\/span><\/p>\n<p style=\"text-align: justify;\"><span style=\"font-weight: 400;\">Para Diego Bruno Martins Alves, defensor regional de Direitos Humanos em Alagoas, \u201co di\u00e1logo interinstitucional e a troca de experi\u00eancias exitosas constituem instrumentos relevantes para constru\u00e7\u00e3o da rede de apoio e tutela de direitos dos migrantes vulner\u00e1veis em Alagoas&#8221;, comenta.<\/span><\/p>\n<p style=\"text-align: justify;\"><span style=\"font-weight: 400;\">Para a procuradora da Rep\u00fablica Niedja Kaspary, levantar discuss\u00f5es para o acolhimento de migrantes e refugiados em Alagoas \u00e9 imprescind\u00edvel, visto que a situa\u00e7\u00e3o socioecon\u00f4mica dessa popula\u00e7\u00e3o n\u00e3o costuma ser f\u00e1cil, pois encontram o preconceito e diversos tipos de barreiras, sejam sociais, culturais, lingu\u00edsticas. \u201cMuitos se encontram em grave situa\u00e7\u00e3o de vulnerabilidade, agravada pela pandemia. \u00c9 necess\u00e1rio conscientizar e sensibilizar a popula\u00e7\u00e3o do nosso Estado, destacando o valor da inclus\u00e3o e da desconstru\u00e7\u00e3o do sentimento xenof\u00f3bico em rela\u00e7\u00e3o a essas pessoas\u201d, conclui.<\/span><\/p>\n<p style=\"text-align: justify;\"><span style=\"font-weight: 400;\">Seguindo orienta\u00e7\u00f5es e protocolos de seguran\u00e7a, higiene e distanciamento em combate a Covid-19, todos os convidados que estar\u00e3o nas depend\u00eancias do audit\u00f3rio do MPF durante o semin\u00e1rio apresentar\u00e3o cart\u00e3o de vacina\u00e7\u00e3o, e\u00a0estar\u00e3o fazendo \u00a0uso de m\u00e1scara.\u00a0<\/span><\/p>\n<ul class=\"ssb_list_wrapper\"><li class=\"fb2\" style=\"width:135px\"><iframe src=\"\/\/www.facebook.com\/plugins\/like.php?href=https%3A%2F%2Fwww.caritasne2.org.br%2Fsite%2Fseminario-discute-o-cenario-das-migracoes-no-estado-de-alagoas%2F&amp;layout=button_count&amp;action=like&amp;show_faces=false&amp;share=true&amp;width=135&amp;height=21&amp;appId=307091639398582\" scrolling=\"no\" frameborder=\"0\" style=\"border:none; overflow:hidden;  width:150px; height:21px;\" allowTransparency=\"true\"><\/iframe><\/li><li class=\"twtr\" style=\"width:90px\"><a href=\"https:\/\/twitter.com\/share\" class=\"twitter-share-button\" data-url=\"https:\/\/www.caritasne2.org.br\/site\/seminario-discute-o-cenario-das-migracoes-no-estado-de-alagoas\/\">&nbsp;<\/a><script>!function(d,s,id){var js,fjs=d.getElementsByTagName(s)[0],p=\/^http:\/.test(d.location)?'http':'https';if(!d.getElementById(id)){js=d.createElement(s);js.id=id;js.src=p+':\/\/platform.twitter.com\/widgets.js';fjs.parentNode.insertBefore(js,fjs);}}(document, 'script', 'twitter-wjs');<\/script><\/li><li class=\"gplus\" style=\"width:68px\"><div class=\"g-plusone\" data-size=\"medium\" data-href=\"https:\/\/www.caritasne2.org.br\/site\/seminario-discute-o-cenario-das-migracoes-no-estado-de-alagoas\/\"><\/div><\/li><li class=\"ssb_linkedin\" style=\"width:64px\"><script src=\"\/\/platform.linkedin.com\/in.js\" type=\"text\/javascript\">lang: en_US<\/script><script type=\"IN\/Share\" data-url=\"https:\/\/www.caritasne2.org.br\/site\/seminario-discute-o-cenario-das-migracoes-no-estado-de-alagoas\/\" data-counter=\"right\"><\/script><\/li><\/ul>","protected":false},"excerpt":{"rendered":"<p>Compreendendo previamente que definir o direito socioassistencial de pessoas em situa\u00e7\u00e3o migrat\u00f3ria, \u00e9 reconhecer que migrantes s\u00e3o sujeitos de direitos, ou seja, t\u00eam prote\u00e7\u00f5es asseguradas tanto no ordenamento jur\u00eddico brasileiro quanto no plano internacional. Sendo assim, a C\u00e1ritas Brasileira Nordeste 2, em parceria com a C\u00e1ritas Arquidiocesana de Macei\u00f3, Minist\u00e9rio P\u00fablico Federal \u2013 Procuradoria Regional em Alagoas (MPF) ,e Defensoria P\u00fablica da Uni\u00e3o ( DPU), [&hellip;]<\/p>\n<ul class=\"ssb_list_wrapper\"><li class=\"fb2\" style=\"width:135px\"><iframe src=\"\/\/www.facebook.com\/plugins\/like.php?href=https%3A%2F%2Fwww.caritasne2.org.br%2Fsite%2Fseminario-discute-o-cenario-das-migracoes-no-estado-de-alagoas%2F&amp;layout=button_count&amp;action=like&amp;show_faces=false&amp;share=true&amp;width=135&amp;height=21&amp;appId=307091639398582\" scrolling=\"no\" frameborder=\"0\" style=\"border:none; overflow:hidden;  width:150px; height:21px;\" allowTransparency=\"true\"><\/iframe><\/li><li class=\"twtr\" style=\"width:90px\"><a href=\"https:\/\/twitter.com\/share\" class=\"twitter-share-button\" data-url=\"https:\/\/www.caritasne2.org.br\/site\/seminario-discute-o-cenario-das-migracoes-no-estado-de-alagoas\/\">&nbsp;<\/a><script>!function(d,s,id){var js,fjs=d.getElementsByTagName(s)[0],p=\/^http:\/.test(d.location)?'http':'https';if(!d.getElementById(id)){js=d.createElement(s);js.id=id;js.src=p+':\/\/platform.twitter.com\/widgets.js';fjs.parentNode.insertBefore(js,fjs);}}(document, 'script', 'twitter-wjs');<\/script><\/li><li class=\"gplus\" style=\"width:68px\"><div class=\"g-plusone\" data-size=\"medium\" data-href=\"https:\/\/www.caritasne2.org.br\/site\/seminario-discute-o-cenario-das-migracoes-no-estado-de-alagoas\/\"><\/div><\/li><li class=\"ssb_linkedin\" style=\"width:64px\"><script src=\"\/\/platform.linkedin.com\/in.js\" type=\"text\/javascript\">lang: en_US<\/script><script type=\"IN\/Share\" data-url=\"https:\/\/www.caritasne2.org.br\/site\/seminario-discute-o-cenario-das-migracoes-no-estado-de-alagoas\/\" data-counter=\"right\"><\/script><\/li><\/ul>","protected":false},"author":4,"featured_media":9119,"comment_status":"open","ping_status":"open","sticky":false,"template":"","format":"standard","meta":[],"categories":[21,20],"tags":[],"_links":{"self":[{"href":"https:\/\/www.caritasne2.org.br\/site\/wp-json\/wp\/v2\/posts\/9118"}],"collection":[{"href":"https:\/\/www.caritasne2.org.br\/site\/wp-json\/wp\/v2\/posts"}],"about":[{"href":"https:\/\/www.caritasne2.org.br\/site\/wp-json\/wp\/v2\/types\/post"}],"author":[{"embeddable":true,"href":"https:\/\/www.caritasne2.org.br\/site\/wp-json\/wp\/v2\/users\/4"}],"replies":[{"embeddable":true,"href":"https:\/\/www.caritasne2.org.br\/site\/wp-json\/wp\/v2\/comments?post=9118"}],"version-history":[{"count":0,"href":"https:\/\/www.caritasne2.org.br\/site\/wp-json\/wp\/v2\/posts\/9118\/revisions"}],"wp:featuredmedia":[{"embeddable":true,"href":"https:\/\/www.caritasne2.org.br\/site\/wp-json\/wp\/v2\/media\/9119"}],"wp:attachment":[{"href":"https:\/\/www.caritasne2.org.br\/site\/wp-json\/wp\/v2\/media?parent=9118"}],"wp:term":[{"taxonomy":"category","embeddable":true,"href":"https:\/\/www.caritasne2.org.br\/site\/wp-json\/wp\/v2\/categories?post=9118"},{"taxonomy":"post_tag","embeddable":true,"href":"https:\/\/www.caritasne2.org.br\/site\/wp-json\/wp\/v2\/tags?post=9118"}],"curies":[{"name":"wp","href":"https:\/\/api.w.org\/{rel}","templated":true}]}}