{"id":911,"date":"2013-04-18T18:48:57","date_gmt":"2013-04-18T21:48:57","guid":{"rendered":"http:\/\/ne2.caritas.org.br.s174889.gridserver.com\/?p=911"},"modified":"2017-07-11T15:24:53","modified_gmt":"2017-07-11T18:24:53","slug":"caritas-ne2-edital-de-selecao-0012013","status":"publish","type":"post","link":"https:\/\/www.caritasne2.org.br\/site\/caritas-ne2-edital-de-selecao-0012013\/","title":{"rendered":"C\u00e1ritas NE2 &#8211; Edital de Sele\u00e7\u00e3o 001\/2013"},"content":{"rendered":"<p style=\"text-align: center;\"><strong>EDITAL DE SELE\u00c7\u00c3O 001\/2013\u00a0<\/strong><br \/>\n<strong>\u00a0<\/strong><br \/>\nPROCESSO SELETIVO DE CONTRATA\u00c7\u00c3O DE PESSOAL PARA<br \/>\nCOMPOSI\u00c7\u00c3O DA EQUIPE ADMISTRATIVO\/FINANCEIRO\/CONT\u00c1BEL\u00a0<\/p>\n<p style=\"text-align: center;\">\u00a0<\/p>\n<p>A C\u00e1ritas Brasileira Regional NE2, organismo da CNBB (Confer\u00eancia Nacional dos Bispos do Brasil), torna p\u00fablica a realiza\u00e7\u00e3o do Processo Seletivo Simplificado para contrata\u00e7\u00e3o de profissional com forma\u00e7\u00e3o acad\u00eamica na\u00a0\u00e1rea de\u00a0Ci\u00eancias Cont\u00e1beis.<\/p>\n<p><a title=\"Edital Sele\u00e7\u00e3o\" href=\"http:\/\/ne2.caritas.org.br.s174889.gridserver.com\/wp-content\/uploads\/2013\/04\/EDITAL-DE-SELE\u00c7\u00c3O-001-2013.pdf\" target=\"_blank\">Para acessar o edital completo: Clique aqui<\/a><\/p>\n<ul class=\"ssb_list_wrapper\"><li class=\"fb2\" style=\"width:135px\"><iframe src=\"\/\/www.facebook.com\/plugins\/like.php?href=https%3A%2F%2Fwww.caritasne2.org.br%2Fsite%2Fcaritas-ne2-edital-de-selecao-0012013%2F&amp;layout=button_count&amp;action=like&amp;show_faces=false&amp;share=true&amp;width=135&amp;height=21&amp;appId=307091639398582\" scrolling=\"no\" frameborder=\"0\" style=\"border:none; overflow:hidden;  width:150px; height:21px;\" allowTransparency=\"true\"><\/iframe><\/li><li class=\"twtr\" style=\"width:90px\"><a href=\"https:\/\/twitter.com\/share\" class=\"twitter-share-button\" data-url=\"https:\/\/www.caritasne2.org.br\/site\/caritas-ne2-edital-de-selecao-0012013\/\">&nbsp;<\/a><script>!function(d,s,id){var js,fjs=d.getElementsByTagName(s)[0],p=\/^http:\/.test(d.location)?'http':'https';if(!d.getElementById(id)){js=d.createElement(s);js.id=id;js.src=p+':\/\/platform.twitter.com\/widgets.js';fjs.parentNode.insertBefore(js,fjs);}}(document, 'script', 'twitter-wjs');<\/script><\/li><li class=\"gplus\" style=\"width:68px\"><div class=\"g-plusone\" data-size=\"medium\" data-href=\"https:\/\/www.caritasne2.org.br\/site\/caritas-ne2-edital-de-selecao-0012013\/\"><\/div><\/li><li class=\"ssb_linkedin\" style=\"width:64px\"><script src=\"\/\/platform.linkedin.com\/in.js\" type=\"text\/javascript\">lang: en_US<\/script><script type=\"IN\/Share\" data-url=\"https:\/\/www.caritasne2.org.br\/site\/caritas-ne2-edital-de-selecao-0012013\/\" data-counter=\"right\"><\/script><\/li><\/ul>","protected":false},"excerpt":{"rendered":"<p>EDITAL DE SELE\u00c7\u00c3O 001\/2013\u00a0 \u00a0 PROCESSO SELETIVO DE CONTRATA\u00c7\u00c3O DE PESSOAL PARA COMPOSI\u00c7\u00c3O DA EQUIPE ADMISTRATIVO\/FINANCEIRO\/CONT\u00c1BEL\u00a0 \u00a0 A C\u00e1ritas Brasileira Regional NE2, organismo da CNBB (Confer\u00eancia Nacional dos Bispos do Brasil), torna p\u00fablica a realiza\u00e7\u00e3o do Processo Seletivo Simplificado para contrata\u00e7\u00e3o de profissional com forma\u00e7\u00e3o acad\u00eamica na\u00a0\u00e1rea de\u00a0Ci\u00eancias Cont\u00e1beis. Para acessar o edital completo: Clique aqui &nbsp;<\/p>\n<ul class=\"ssb_list_wrapper\"><li class=\"fb2\" style=\"width:135px\"><iframe src=\"\/\/www.facebook.com\/plugins\/like.php?href=https%3A%2F%2Fwww.caritasne2.org.br%2Fsite%2Fcaritas-ne2-edital-de-selecao-0012013%2F&amp;layout=button_count&amp;action=like&amp;show_faces=false&amp;share=true&amp;width=135&amp;height=21&amp;appId=307091639398582\" scrolling=\"no\" frameborder=\"0\" style=\"border:none; overflow:hidden;  width:150px; height:21px;\" allowTransparency=\"true\"><\/iframe><\/li><li class=\"twtr\" style=\"width:90px\"><a href=\"https:\/\/twitter.com\/share\" class=\"twitter-share-button\" data-url=\"https:\/\/www.caritasne2.org.br\/site\/caritas-ne2-edital-de-selecao-0012013\/\">&nbsp;<\/a><script>!function(d,s,id){var js,fjs=d.getElementsByTagName(s)[0],p=\/^http:\/.test(d.location)?'http':'https';if(!d.getElementById(id)){js=d.createElement(s);js.id=id;js.src=p+':\/\/platform.twitter.com\/widgets.js';fjs.parentNode.insertBefore(js,fjs);}}(document, 'script', 'twitter-wjs');<\/script><\/li><li class=\"gplus\" style=\"width:68px\"><div class=\"g-plusone\" data-size=\"medium\" data-href=\"https:\/\/www.caritasne2.org.br\/site\/caritas-ne2-edital-de-selecao-0012013\/\"><\/div><\/li><li class=\"ssb_linkedin\" style=\"width:64px\"><script src=\"\/\/platform.linkedin.com\/in.js\" type=\"text\/javascript\">lang: en_US<\/script><script type=\"IN\/Share\" data-url=\"https:\/\/www.caritasne2.org.br\/site\/caritas-ne2-edital-de-selecao-0012013\/\" data-counter=\"right\"><\/script><\/li><\/ul>","protected":false},"author":4,"featured_media":0,"comment_status":"open","ping_status":"open","sticky":false,"template":"","format":"standard","meta":[],"categories":[174,20],"tags":[84,173,175],"_links":{"self":[{"href":"https:\/\/www.caritasne2.org.br\/site\/wp-json\/wp\/v2\/posts\/911"}],"collection":[{"href":"https:\/\/www.caritasne2.org.br\/site\/wp-json\/wp\/v2\/posts"}],"about":[{"href":"https:\/\/www.caritasne2.org.br\/site\/wp-json\/wp\/v2\/types\/post"}],"author":[{"embeddable":true,"href":"https:\/\/www.caritasne2.org.br\/site\/wp-json\/wp\/v2\/users\/4"}],"replies":[{"embeddable":true,"href":"https:\/\/www.caritasne2.org.br\/site\/wp-json\/wp\/v2\/comments?post=911"}],"version-history":[{"count":0,"href":"https:\/\/www.caritasne2.org.br\/site\/wp-json\/wp\/v2\/posts\/911\/revisions"}],"wp:attachment":[{"href":"https:\/\/www.caritasne2.org.br\/site\/wp-json\/wp\/v2\/media?parent=911"}],"wp:term":[{"taxonomy":"category","embeddable":true,"href":"https:\/\/www.caritasne2.org.br\/site\/wp-json\/wp\/v2\/categories?post=911"},{"taxonomy":"post_tag","embeddable":true,"href":"https:\/\/www.caritasne2.org.br\/site\/wp-json\/wp\/v2\/tags?post=911"}],"curies":[{"name":"wp","href":"https:\/\/api.w.org\/{rel}","templated":true}]}}