{"id":9107,"date":"2022-01-19T19:34:47","date_gmt":"2022-01-19T22:34:47","guid":{"rendered":"http:\/\/www.caritasne2.org.br\/?p=9107"},"modified":"2022-03-14T19:58:54","modified_gmt":"2022-03-14T22:58:54","slug":"portffolio-caritas-brasileira-regional-nordeste-2","status":"publish","type":"post","link":"https:\/\/www.caritasne2.org.br\/site\/portffolio-caritas-brasileira-regional-nordeste-2\/","title":{"rendered":"Portff\u00f3lio C\u00e1ritas Brasileira Regional Nordeste 2"},"content":{"rendered":"<p>Quer conhecer mais sobre as a\u00e7\u00f5es da C\u00e1ritas Brasileira Regional NE2 em seus 4 estados de atua\u00e7\u00e3o (Pernambuco, Para\u00edba, Rio Grande do Norte e Alagoas)?<\/p>\n<p>Ent\u00e3o\u00a0<a href=\"http:\/\/www.caritasne2.org.br\/wp-content\/uploads\/2022\/01\/portif%C3%B3lio-CBNE2-atualizado-11.01-1.pdf\">clique aqui<\/a>\u00a0e venha conferir!<\/p>\n<p><a href=\"http:\/\/www.caritasne2.org.br\/portffolio-caritas-brasileira-regional-nordeste-2\/6bca055752d84b67b855a095b0400a23pr9h8r7ieus7mlny-7\/\" rel=\"attachment wp-att-9110\"><img decoding=\"async\" loading=\"lazy\" class=\"aligncenter wp-image-9110\" src=\"http:\/\/www.caritasne2.org.br\/wp-content\/uploads\/2022\/03\/6bca055752d84b67b855a095b0400a23PR9h8r7IeUS7mlny-7.jpg\" alt=\"\" width=\"461\" height=\"634\" srcset=\"https:\/\/www.caritasne2.org.br\/site\/wp-content\/uploads\/2022\/03\/6bca055752d84b67b855a095b0400a23PR9h8r7IeUS7mlny-7.jpg 1837w, https:\/\/www.caritasne2.org.br\/site\/wp-content\/uploads\/2022\/03\/6bca055752d84b67b855a095b0400a23PR9h8r7IeUS7mlny-7-219x300.jpg 219w, https:\/\/www.caritasne2.org.br\/site\/wp-content\/uploads\/2022\/03\/6bca055752d84b67b855a095b0400a23PR9h8r7IeUS7mlny-7-768x1054.jpg 768w, https:\/\/www.caritasne2.org.br\/site\/wp-content\/uploads\/2022\/03\/6bca055752d84b67b855a095b0400a23PR9h8r7IeUS7mlny-7-746x1024.jpg 746w\" sizes=\"(max-width: 461px) 100vw, 461px\" \/><\/a><\/p>\n<p>&nbsp;<\/p>\n<p><a href=\"http:\/\/www.caritasne2.org.br\/portffolio-caritas-brasileira-regional-nordeste-2\/6bca055752d84b67b855a095b0400a23pr9h8r7ieus7mlny-6\/\" rel=\"attachment wp-att-9109\"><img decoding=\"async\" loading=\"lazy\" class=\"aligncenter wp-image-9109\" src=\"http:\/\/www.caritasne2.org.br\/wp-content\/uploads\/2022\/03\/6bca055752d84b67b855a095b0400a23PR9h8r7IeUS7mlny-6.jpg\" alt=\"\" width=\"396\" height=\"545\" srcset=\"https:\/\/www.caritasne2.org.br\/site\/wp-content\/uploads\/2022\/03\/6bca055752d84b67b855a095b0400a23PR9h8r7IeUS7mlny-6.jpg 1837w, https:\/\/www.caritasne2.org.br\/site\/wp-content\/uploads\/2022\/03\/6bca055752d84b67b855a095b0400a23PR9h8r7IeUS7mlny-6-219x300.jpg 219w, https:\/\/www.caritasne2.org.br\/site\/wp-content\/uploads\/2022\/03\/6bca055752d84b67b855a095b0400a23PR9h8r7IeUS7mlny-6-746x1024.jpg 746w\" sizes=\"(max-width: 396px) 100vw, 396px\" \/><\/a><\/p>\n<ul class=\"ssb_list_wrapper\"><li class=\"fb2\" style=\"width:135px\"><iframe src=\"\/\/www.facebook.com\/plugins\/like.php?href=https%3A%2F%2Fwww.caritasne2.org.br%2Fsite%2Fportffolio-caritas-brasileira-regional-nordeste-2%2F&amp;layout=button_count&amp;action=like&amp;show_faces=false&amp;share=true&amp;width=135&amp;height=21&amp;appId=307091639398582\" scrolling=\"no\" frameborder=\"0\" style=\"border:none; overflow:hidden;  width:150px; height:21px;\" allowTransparency=\"true\"><\/iframe><\/li><li class=\"twtr\" style=\"width:90px\"><a href=\"https:\/\/twitter.com\/share\" class=\"twitter-share-button\" data-url=\"https:\/\/www.caritasne2.org.br\/site\/portffolio-caritas-brasileira-regional-nordeste-2\/\">&nbsp;<\/a><script>!function(d,s,id){var js,fjs=d.getElementsByTagName(s)[0],p=\/^http:\/.test(d.location)?'http':'https';if(!d.getElementById(id)){js=d.createElement(s);js.id=id;js.src=p+':\/\/platform.twitter.com\/widgets.js';fjs.parentNode.insertBefore(js,fjs);}}(document, 'script', 'twitter-wjs');<\/script><\/li><li class=\"gplus\" style=\"width:68px\"><div class=\"g-plusone\" data-size=\"medium\" data-href=\"https:\/\/www.caritasne2.org.br\/site\/portffolio-caritas-brasileira-regional-nordeste-2\/\"><\/div><\/li><li class=\"ssb_linkedin\" style=\"width:64px\"><script src=\"\/\/platform.linkedin.com\/in.js\" type=\"text\/javascript\">lang: en_US<\/script><script type=\"IN\/Share\" data-url=\"https:\/\/www.caritasne2.org.br\/site\/portffolio-caritas-brasileira-regional-nordeste-2\/\" data-counter=\"right\"><\/script><\/li><\/ul>","protected":false},"excerpt":{"rendered":"<p>Quer conhecer mais sobre as a\u00e7\u00f5es da C\u00e1ritas Brasileira Regional NE2 em seus 4 estados de atua\u00e7\u00e3o (Pernambuco, Para\u00edba, Rio Grande do Norte e Alagoas)? Ent\u00e3o\u00a0clique aqui\u00a0e venha conferir! &nbsp; &nbsp;<\/p>\n<ul class=\"ssb_list_wrapper\"><li class=\"fb2\" style=\"width:135px\"><iframe src=\"\/\/www.facebook.com\/plugins\/like.php?href=https%3A%2F%2Fwww.caritasne2.org.br%2Fsite%2Fportffolio-caritas-brasileira-regional-nordeste-2%2F&amp;layout=button_count&amp;action=like&amp;show_faces=false&amp;share=true&amp;width=135&amp;height=21&amp;appId=307091639398582\" scrolling=\"no\" frameborder=\"0\" style=\"border:none; overflow:hidden;  width:150px; height:21px;\" allowTransparency=\"true\"><\/iframe><\/li><li class=\"twtr\" style=\"width:90px\"><a href=\"https:\/\/twitter.com\/share\" class=\"twitter-share-button\" data-url=\"https:\/\/www.caritasne2.org.br\/site\/portffolio-caritas-brasileira-regional-nordeste-2\/\">&nbsp;<\/a><script>!function(d,s,id){var js,fjs=d.getElementsByTagName(s)[0],p=\/^http:\/.test(d.location)?'http':'https';if(!d.getElementById(id)){js=d.createElement(s);js.id=id;js.src=p+':\/\/platform.twitter.com\/widgets.js';fjs.parentNode.insertBefore(js,fjs);}}(document, 'script', 'twitter-wjs');<\/script><\/li><li class=\"gplus\" style=\"width:68px\"><div class=\"g-plusone\" data-size=\"medium\" data-href=\"https:\/\/www.caritasne2.org.br\/site\/portffolio-caritas-brasileira-regional-nordeste-2\/\"><\/div><\/li><li class=\"ssb_linkedin\" style=\"width:64px\"><script src=\"\/\/platform.linkedin.com\/in.js\" type=\"text\/javascript\">lang: en_US<\/script><script type=\"IN\/Share\" data-url=\"https:\/\/www.caritasne2.org.br\/site\/portffolio-caritas-brasileira-regional-nordeste-2\/\" data-counter=\"right\"><\/script><\/li><\/ul>","protected":false},"author":4,"featured_media":9108,"comment_status":"open","ping_status":"open","sticky":false,"template":"","format":"standard","meta":[],"categories":[21,20],"tags":[],"_links":{"self":[{"href":"https:\/\/www.caritasne2.org.br\/site\/wp-json\/wp\/v2\/posts\/9107"}],"collection":[{"href":"https:\/\/www.caritasne2.org.br\/site\/wp-json\/wp\/v2\/posts"}],"about":[{"href":"https:\/\/www.caritasne2.org.br\/site\/wp-json\/wp\/v2\/types\/post"}],"author":[{"embeddable":true,"href":"https:\/\/www.caritasne2.org.br\/site\/wp-json\/wp\/v2\/users\/4"}],"replies":[{"embeddable":true,"href":"https:\/\/www.caritasne2.org.br\/site\/wp-json\/wp\/v2\/comments?post=9107"}],"version-history":[{"count":0,"href":"https:\/\/www.caritasne2.org.br\/site\/wp-json\/wp\/v2\/posts\/9107\/revisions"}],"wp:featuredmedia":[{"embeddable":true,"href":"https:\/\/www.caritasne2.org.br\/site\/wp-json\/wp\/v2\/media\/9108"}],"wp:attachment":[{"href":"https:\/\/www.caritasne2.org.br\/site\/wp-json\/wp\/v2\/media?parent=9107"}],"wp:term":[{"taxonomy":"category","embeddable":true,"href":"https:\/\/www.caritasne2.org.br\/site\/wp-json\/wp\/v2\/categories?post=9107"},{"taxonomy":"post_tag","embeddable":true,"href":"https:\/\/www.caritasne2.org.br\/site\/wp-json\/wp\/v2\/tags?post=9107"}],"curies":[{"name":"wp","href":"https:\/\/api.w.org\/{rel}","templated":true}]}}