{"id":9086,"date":"2022-03-02T11:38:22","date_gmt":"2022-03-02T14:38:22","guid":{"rendered":"http:\/\/www.caritasne2.org.br\/?p=9086"},"modified":"2022-03-02T11:52:11","modified_gmt":"2022-03-02T14:52:11","slug":"familias-do-espaco-agroecologico-dona-mira-em-garanhuns-recebem-formacao-sobre-desperdicio-hidrico-a-partir-do-uso-do-bioagua","status":"publish","type":"post","link":"https:\/\/www.caritasne2.org.br\/site\/familias-do-espaco-agroecologico-dona-mira-em-garanhuns-recebem-formacao-sobre-desperdicio-hidrico-a-partir-do-uso-do-bioagua\/","title":{"rendered":"Fam\u00edlias do Espa\u00e7o Agroecol\u00f3gico Dona Mira, em Garanhuns, recebem forma\u00e7\u00e3o sobre desperd\u00edcio h\u00eddrico a partir do uso de Bio\u00c1gua"},"content":{"rendered":"<p style=\"text-align: center;\"><em>Durante o momento, houve a realiza\u00e7\u00e3o de um cadastro\u00a0 com\u00a0\u00a0as fam\u00edlias acompanhadas pela c\u00e1ritas NE2\u00a0 partir do Espa\u00e7o Agroecol\u00f3gico Dona Mira\u00a0<\/em><\/p>\n<p>Com o intuito de fortalecer as a\u00e7\u00f5es junto aos povos e comunidades tradicionais, e ministrar uma forma\u00e7\u00e3o sobre o uso da tecnologia social do Bio\u00e1gua, no \u00faltimo dia 25 de fevereiro, agentes C\u00e1ritas do Regional NE2 realizaram uma apresenta\u00e7\u00e3o a fam\u00edlias que comp\u00f5em o espa\u00e7o Mandala e do Biodigestor, inseridos no Espa\u00e7o Agroecol\u00f3gico Dona Mira, que fica localizado na Comunidade Quilombola Sitio Estivas, em Garanhuns \u2013PE.<\/p>\n<p>O momento reuniu diversas pessoas, entre elas, Aparecida Nascimento, Presidente da Caritas Diocesana de Garanhuns,\u00a0Michelli Romeira, presidente\u00a0da associa\u00e7\u00e3o Quilombola do S\u00edtio Estivas\u00a0e v\u00e1rias fam\u00edlias que comp\u00f5e o espa\u00e7o Agroecol\u00f3gico. Durante a programa\u00e7\u00e3o, houve um momento de apresenta\u00e7\u00e3o de cada participante usando a din\u00e2mica de sonhos e expectativas atrav\u00e9s de desenhos que os representavam.<\/p>\n<p>Ap\u00f3s a apresenta\u00e7\u00e3o, aconteceu a forma\u00e7\u00e3o sobre o Bio\u00c1gua para as fam\u00edlias, com aux\u00edlio de slides e v\u00eddeos, para que todos se familiarizassem com o processo de constru\u00e7\u00e3o do sistema, demostrando o quanto \u00e9 importante o reuso das \u00e1guas cinzas evitando assim o desperd\u00edcio de \u00e1gua em seus quintais. O encontro foi finalizado em um momento com as fam\u00edlias, onde elas se cadastraram em uma ficha, que vai servir para acompanhamento\u00a0 e controle\u00a0 de todas pessoas que est\u00e3o dentro do espa\u00e7o Agroecol\u00f3gico Dona Mira.<\/p>\n<p>&nbsp;<\/p>\n<p><a href=\"http:\/\/www.caritasne2.org.br\/familias-do-espaco-agroecologico-dona-mira-em-garanhuns-recebem-formacao-sobre-desperdicio-hidrico-a-partir-do-uso-do-bioagua\/whatsapp-image-2022-02-25-at-16-57-43\/\" rel=\"attachment wp-att-9088\"><img decoding=\"async\" loading=\"lazy\" class=\"aligncenter wp-image-9088\" src=\"http:\/\/www.caritasne2.org.br\/wp-content\/uploads\/2022\/03\/WhatsApp-Image-2022-02-25-at-16.57.43.jpeg\" alt=\"\" width=\"696\" height=\"523\" srcset=\"https:\/\/www.caritasne2.org.br\/site\/wp-content\/uploads\/2022\/03\/WhatsApp-Image-2022-02-25-at-16.57.43.jpeg 1600w, https:\/\/www.caritasne2.org.br\/site\/wp-content\/uploads\/2022\/03\/WhatsApp-Image-2022-02-25-at-16.57.43-300x225.jpeg 300w, https:\/\/www.caritasne2.org.br\/site\/wp-content\/uploads\/2022\/03\/WhatsApp-Image-2022-02-25-at-16.57.43-768x576.jpeg 768w, https:\/\/www.caritasne2.org.br\/site\/wp-content\/uploads\/2022\/03\/WhatsApp-Image-2022-02-25-at-16.57.43-1024x768.jpeg 1024w\" sizes=\"(max-width: 696px) 100vw, 696px\" \/><\/a><\/p>\n<p><a href=\"http:\/\/www.caritasne2.org.br\/familias-do-espaco-agroecologico-dona-mira-em-garanhuns-recebem-formacao-sobre-desperdicio-hidrico-a-partir-do-uso-do-bioagua\/whatsapp-image-2022-02-28-at-10-08-07-1\/\" rel=\"attachment wp-att-9089\"><img decoding=\"async\" loading=\"lazy\" class=\"aligncenter wp-image-9089\" src=\"http:\/\/www.caritasne2.org.br\/wp-content\/uploads\/2022\/03\/WhatsApp-Image-2022-02-28-at-10.08.07-1.jpeg\" alt=\"\" width=\"702\" height=\"395\" srcset=\"https:\/\/www.caritasne2.org.br\/site\/wp-content\/uploads\/2022\/03\/WhatsApp-Image-2022-02-28-at-10.08.07-1.jpeg 1600w, https:\/\/www.caritasne2.org.br\/site\/wp-content\/uploads\/2022\/03\/WhatsApp-Image-2022-02-28-at-10.08.07-1-300x169.jpeg 300w, https:\/\/www.caritasne2.org.br\/site\/wp-content\/uploads\/2022\/03\/WhatsApp-Image-2022-02-28-at-10.08.07-1-768x432.jpeg 768w, https:\/\/www.caritasne2.org.br\/site\/wp-content\/uploads\/2022\/03\/WhatsApp-Image-2022-02-28-at-10.08.07-1-1024x576.jpeg 1024w, https:\/\/www.caritasne2.org.br\/site\/wp-content\/uploads\/2022\/03\/WhatsApp-Image-2022-02-28-at-10.08.07-1-588x330.jpeg 588w\" sizes=\"(max-width: 702px) 100vw, 702px\" \/><\/a><\/p>\n<p><a href=\"http:\/\/www.caritasne2.org.br\/familias-do-espaco-agroecologico-dona-mira-em-garanhuns-recebem-formacao-sobre-desperdicio-hidrico-a-partir-do-uso-do-bioagua\/whatsapp-image-2022-02-28-at-10-08-06\/\" rel=\"attachment wp-att-9090\"><img decoding=\"async\" loading=\"lazy\" class=\"aligncenter wp-image-9090\" src=\"http:\/\/www.caritasne2.org.br\/wp-content\/uploads\/2022\/03\/WhatsApp-Image-2022-02-28-at-10.08.06.jpeg\" alt=\"\" width=\"703\" height=\"396\" srcset=\"https:\/\/www.caritasne2.org.br\/site\/wp-content\/uploads\/2022\/03\/WhatsApp-Image-2022-02-28-at-10.08.06.jpeg 1600w, https:\/\/www.caritasne2.org.br\/site\/wp-content\/uploads\/2022\/03\/WhatsApp-Image-2022-02-28-at-10.08.06-300x169.jpeg 300w, https:\/\/www.caritasne2.org.br\/site\/wp-content\/uploads\/2022\/03\/WhatsApp-Image-2022-02-28-at-10.08.06-768x432.jpeg 768w, https:\/\/www.caritasne2.org.br\/site\/wp-content\/uploads\/2022\/03\/WhatsApp-Image-2022-02-28-at-10.08.06-1024x576.jpeg 1024w, https:\/\/www.caritasne2.org.br\/site\/wp-content\/uploads\/2022\/03\/WhatsApp-Image-2022-02-28-at-10.08.06-588x330.jpeg 588w\" sizes=\"(max-width: 703px) 100vw, 703px\" \/><\/a><\/p>\n<ul class=\"ssb_list_wrapper\"><li class=\"fb2\" style=\"width:135px\"><iframe src=\"\/\/www.facebook.com\/plugins\/like.php?href=https%3A%2F%2Fwww.caritasne2.org.br%2Fsite%2Ffamilias-do-espaco-agroecologico-dona-mira-em-garanhuns-recebem-formacao-sobre-desperdicio-hidrico-a-partir-do-uso-do-bioagua%2F&amp;layout=button_count&amp;action=like&amp;show_faces=false&amp;share=true&amp;width=135&amp;height=21&amp;appId=307091639398582\" scrolling=\"no\" frameborder=\"0\" style=\"border:none; overflow:hidden;  width:150px; height:21px;\" allowTransparency=\"true\"><\/iframe><\/li><li class=\"twtr\" style=\"width:90px\"><a href=\"https:\/\/twitter.com\/share\" class=\"twitter-share-button\" data-url=\"https:\/\/www.caritasne2.org.br\/site\/familias-do-espaco-agroecologico-dona-mira-em-garanhuns-recebem-formacao-sobre-desperdicio-hidrico-a-partir-do-uso-do-bioagua\/\">&nbsp;<\/a><script>!function(d,s,id){var js,fjs=d.getElementsByTagName(s)[0],p=\/^http:\/.test(d.location)?'http':'https';if(!d.getElementById(id)){js=d.createElement(s);js.id=id;js.src=p+':\/\/platform.twitter.com\/widgets.js';fjs.parentNode.insertBefore(js,fjs);}}(document, 'script', 'twitter-wjs');<\/script><\/li><li class=\"gplus\" style=\"width:68px\"><div class=\"g-plusone\" data-size=\"medium\" data-href=\"https:\/\/www.caritasne2.org.br\/site\/familias-do-espaco-agroecologico-dona-mira-em-garanhuns-recebem-formacao-sobre-desperdicio-hidrico-a-partir-do-uso-do-bioagua\/\"><\/div><\/li><li class=\"ssb_linkedin\" style=\"width:64px\"><script src=\"\/\/platform.linkedin.com\/in.js\" type=\"text\/javascript\">lang: en_US<\/script><script type=\"IN\/Share\" data-url=\"https:\/\/www.caritasne2.org.br\/site\/familias-do-espaco-agroecologico-dona-mira-em-garanhuns-recebem-formacao-sobre-desperdicio-hidrico-a-partir-do-uso-do-bioagua\/\" data-counter=\"right\"><\/script><\/li><\/ul>","protected":false},"excerpt":{"rendered":"<p>Durante o momento, houve a realiza\u00e7\u00e3o de um cadastro\u00a0 com\u00a0\u00a0as fam\u00edlias acompanhadas pela c\u00e1ritas NE2\u00a0 partir do Espa\u00e7o Agroecol\u00f3gico Dona Mira\u00a0 Com o intuito de fortalecer as a\u00e7\u00f5es junto aos povos e comunidades tradicionais, e ministrar uma forma\u00e7\u00e3o sobre o uso da tecnologia social do Bio\u00e1gua, no \u00faltimo dia 25 de fevereiro, agentes C\u00e1ritas do Regional NE2 realizaram uma apresenta\u00e7\u00e3o a fam\u00edlias que comp\u00f5em o [&hellip;]<\/p>\n<ul class=\"ssb_list_wrapper\"><li class=\"fb2\" style=\"width:135px\"><iframe src=\"\/\/www.facebook.com\/plugins\/like.php?href=https%3A%2F%2Fwww.caritasne2.org.br%2Fsite%2Ffamilias-do-espaco-agroecologico-dona-mira-em-garanhuns-recebem-formacao-sobre-desperdicio-hidrico-a-partir-do-uso-do-bioagua%2F&amp;layout=button_count&amp;action=like&amp;show_faces=false&amp;share=true&amp;width=135&amp;height=21&amp;appId=307091639398582\" scrolling=\"no\" frameborder=\"0\" style=\"border:none; overflow:hidden;  width:150px; height:21px;\" allowTransparency=\"true\"><\/iframe><\/li><li class=\"twtr\" style=\"width:90px\"><a href=\"https:\/\/twitter.com\/share\" class=\"twitter-share-button\" data-url=\"https:\/\/www.caritasne2.org.br\/site\/familias-do-espaco-agroecologico-dona-mira-em-garanhuns-recebem-formacao-sobre-desperdicio-hidrico-a-partir-do-uso-do-bioagua\/\">&nbsp;<\/a><script>!function(d,s,id){var js,fjs=d.getElementsByTagName(s)[0],p=\/^http:\/.test(d.location)?'http':'https';if(!d.getElementById(id)){js=d.createElement(s);js.id=id;js.src=p+':\/\/platform.twitter.com\/widgets.js';fjs.parentNode.insertBefore(js,fjs);}}(document, 'script', 'twitter-wjs');<\/script><\/li><li class=\"gplus\" style=\"width:68px\"><div class=\"g-plusone\" data-size=\"medium\" data-href=\"https:\/\/www.caritasne2.org.br\/site\/familias-do-espaco-agroecologico-dona-mira-em-garanhuns-recebem-formacao-sobre-desperdicio-hidrico-a-partir-do-uso-do-bioagua\/\"><\/div><\/li><li class=\"ssb_linkedin\" style=\"width:64px\"><script src=\"\/\/platform.linkedin.com\/in.js\" type=\"text\/javascript\">lang: en_US<\/script><script type=\"IN\/Share\" data-url=\"https:\/\/www.caritasne2.org.br\/site\/familias-do-espaco-agroecologico-dona-mira-em-garanhuns-recebem-formacao-sobre-desperdicio-hidrico-a-partir-do-uso-do-bioagua\/\" data-counter=\"right\"><\/script><\/li><\/ul>","protected":false},"author":4,"featured_media":9087,"comment_status":"open","ping_status":"open","sticky":false,"template":"","format":"standard","meta":[],"categories":[21,20],"tags":[],"_links":{"self":[{"href":"https:\/\/www.caritasne2.org.br\/site\/wp-json\/wp\/v2\/posts\/9086"}],"collection":[{"href":"https:\/\/www.caritasne2.org.br\/site\/wp-json\/wp\/v2\/posts"}],"about":[{"href":"https:\/\/www.caritasne2.org.br\/site\/wp-json\/wp\/v2\/types\/post"}],"author":[{"embeddable":true,"href":"https:\/\/www.caritasne2.org.br\/site\/wp-json\/wp\/v2\/users\/4"}],"replies":[{"embeddable":true,"href":"https:\/\/www.caritasne2.org.br\/site\/wp-json\/wp\/v2\/comments?post=9086"}],"version-history":[{"count":0,"href":"https:\/\/www.caritasne2.org.br\/site\/wp-json\/wp\/v2\/posts\/9086\/revisions"}],"wp:featuredmedia":[{"embeddable":true,"href":"https:\/\/www.caritasne2.org.br\/site\/wp-json\/wp\/v2\/media\/9087"}],"wp:attachment":[{"href":"https:\/\/www.caritasne2.org.br\/site\/wp-json\/wp\/v2\/media?parent=9086"}],"wp:term":[{"taxonomy":"category","embeddable":true,"href":"https:\/\/www.caritasne2.org.br\/site\/wp-json\/wp\/v2\/categories?post=9086"},{"taxonomy":"post_tag","embeddable":true,"href":"https:\/\/www.caritasne2.org.br\/site\/wp-json\/wp\/v2\/tags?post=9086"}],"curies":[{"name":"wp","href":"https:\/\/api.w.org\/{rel}","templated":true}]}}