{"id":9063,"date":"2022-02-25T16:13:30","date_gmt":"2022-02-25T19:13:30","guid":{"rendered":"http:\/\/www.caritasne2.org.br\/?p=9063"},"modified":"2022-02-28T16:35:37","modified_gmt":"2022-02-28T19:35:37","slug":"jovens-de-comunidades-rurais-realizam-primeiro-intercambio-de-praticas-agroecologicas","status":"publish","type":"post","link":"https:\/\/www.caritasne2.org.br\/site\/jovens-de-comunidades-rurais-realizam-primeiro-intercambio-de-praticas-agroecologicas\/","title":{"rendered":"Jovens de comunidades rurais realizam primeiro interc\u00e2mbio de pr\u00e1ticas agroecol\u00f3gicas"},"content":{"rendered":"<p style=\"text-align: justify;\">Visando promover a\u00e7\u00f5es formativas do Projeto Fortalecimento Econ\u00f4mico de Jovens Rurais do Semi\u00e1rido, uma realiza\u00e7\u00e3o da C\u00e1ritas Brasileira Nordeste 2, em parceria com a organiza\u00e7\u00e3o internacional Manos Unidas, no \u00faltimo dia 12 ocorreu o primeiro interc\u00e2mbio entre jovens produtores agr\u00edcolas no S\u00edtio Cruz,\u00a0 munic\u00edpio de Garanhuns.<\/p>\n<p style=\"text-align: justify;\">O objetivo do interc\u00e2mbio foi proporcionar aos participantes conhecimentos a partir das viv\u00eancias de forma sustent\u00e1vel e com base agroecol\u00f3gica, como forma de ampliar e agregar experi\u00eancias em sistemas e tecnologias sociais, que envolvam os diversos elos da cadeia produtiva org\u00e2nica. O local onde foi realizado a forma\u00e7\u00e3o, o Recanto Sustent\u00e1vel, \u00e9 um espa\u00e7o de refer\u00eancia no desenvolvimento de manejos agroecol\u00f3gicos.<\/p>\n<p style=\"text-align: justify;\">Ao todo, 33 (trinta e tr\u00eas) jovens rurais, de quatro comunidades quilombolas e tradicionais de Bom Conselho participaram do interc\u00e2mbio, sendo elas: Comunidade Quilombola Amargoso, Comunidade Quilombola das Flores, Comunidade Quilombola em Angicos e Rural Barra do Brejo.<\/p>\n<p style=\"text-align: justify;\">Durante o interc\u00e2mbio os jovens puderam experimentar tr\u00eas momentos, primeiro uma apresenta\u00e7\u00e3o sobre a hist\u00f3ria da propriedade; em seguida, apresenta\u00e7\u00e3o das pr\u00e1ticas nos espa\u00e7os de interven\u00e7\u00f5es, e por fim uma avalia\u00e7\u00e3o e sistematiza\u00e7\u00e3o de tudo que foi visto durante a troca de experi\u00eancia.<\/p>\n<p style=\"text-align: justify;\">Os jovens parabenizaram\u00a0o propriet\u00e1rio do espa\u00e7o pela experi\u00eancia desenvolvida no local, e contaram que se \u00a0sentiram motivados (as \u00e0 produzir e implantar algumas ideais em sua localidade.<\/p>\n<p style=\"text-align: justify;\"><a href=\"http:\/\/www.caritasne2.org.br\/jovens-de-comunidades-rurais-realizam-primeiro-intercambio-de-praticas-agroecologicas\/4-11\/\" rel=\"attachment wp-att-9068\"><img decoding=\"async\" loading=\"lazy\" class=\"aligncenter wp-image-9068\" src=\"http:\/\/www.caritasne2.org.br\/wp-content\/uploads\/2022\/02\/4.jpg\" alt=\"\" width=\"548\" height=\"411\" srcset=\"https:\/\/www.caritasne2.org.br\/site\/wp-content\/uploads\/2022\/02\/4.jpg 1600w, https:\/\/www.caritasne2.org.br\/site\/wp-content\/uploads\/2022\/02\/4-300x225.jpg 300w, https:\/\/www.caritasne2.org.br\/site\/wp-content\/uploads\/2022\/02\/4-768x576.jpg 768w, https:\/\/www.caritasne2.org.br\/site\/wp-content\/uploads\/2022\/02\/4-1024x768.jpg 1024w\" sizes=\"(max-width: 548px) 100vw, 548px\" \/><\/a><\/p>\n<p style=\"text-align: justify;\"><a href=\"http:\/\/www.caritasne2.org.br\/jovens-de-comunidades-rurais-realizam-primeiro-intercambio-de-praticas-agroecologicas\/3-15\/\" rel=\"attachment wp-att-9067\"><img decoding=\"async\" loading=\"lazy\" class=\"aligncenter wp-image-9067\" src=\"http:\/\/www.caritasne2.org.br\/wp-content\/uploads\/2022\/02\/3.jpg\" alt=\"\" width=\"555\" height=\"312\" srcset=\"https:\/\/www.caritasne2.org.br\/site\/wp-content\/uploads\/2022\/02\/3.jpg 1032w, https:\/\/www.caritasne2.org.br\/site\/wp-content\/uploads\/2022\/02\/3-300x169.jpg 300w, https:\/\/www.caritasne2.org.br\/site\/wp-content\/uploads\/2022\/02\/3-768x432.jpg 768w, https:\/\/www.caritasne2.org.br\/site\/wp-content\/uploads\/2022\/02\/3-1024x576.jpg 1024w, https:\/\/www.caritasne2.org.br\/site\/wp-content\/uploads\/2022\/02\/3-588x330.jpg 588w\" sizes=\"(max-width: 555px) 100vw, 555px\" \/><\/a><\/p>\n<p style=\"text-align: justify;\"><a href=\"http:\/\/www.caritasne2.org.br\/jovens-de-comunidades-rurais-realizam-primeiro-intercambio-de-praticas-agroecologicas\/1-25\/\" rel=\"attachment wp-att-9065\"><img decoding=\"async\" loading=\"lazy\" class=\"aligncenter wp-image-9065\" src=\"http:\/\/www.caritasne2.org.br\/wp-content\/uploads\/2022\/02\/1.jpg\" alt=\"\" width=\"567\" height=\"426\" srcset=\"https:\/\/www.caritasne2.org.br\/site\/wp-content\/uploads\/2022\/02\/1.jpg 1600w, https:\/\/www.caritasne2.org.br\/site\/wp-content\/uploads\/2022\/02\/1-300x225.jpg 300w, https:\/\/www.caritasne2.org.br\/site\/wp-content\/uploads\/2022\/02\/1-768x576.jpg 768w, https:\/\/www.caritasne2.org.br\/site\/wp-content\/uploads\/2022\/02\/1-1024x768.jpg 1024w\" sizes=\"(max-width: 567px) 100vw, 567px\" \/><\/a><\/p>\n<p style=\"text-align: justify;\"><a href=\"http:\/\/www.caritasne2.org.br\/jovens-de-comunidades-rurais-realizam-primeiro-intercambio-de-praticas-agroecologicas\/9-5\/\" rel=\"attachment wp-att-9073\"><img decoding=\"async\" loading=\"lazy\" class=\"aligncenter wp-image-9073\" src=\"http:\/\/www.caritasne2.org.br\/wp-content\/uploads\/2022\/02\/9.jpg\" alt=\"\" width=\"581\" height=\"436\" srcset=\"https:\/\/www.caritasne2.org.br\/site\/wp-content\/uploads\/2022\/02\/9.jpg 1600w, https:\/\/www.caritasne2.org.br\/site\/wp-content\/uploads\/2022\/02\/9-300x225.jpg 300w, https:\/\/www.caritasne2.org.br\/site\/wp-content\/uploads\/2022\/02\/9-768x576.jpg 768w, https:\/\/www.caritasne2.org.br\/site\/wp-content\/uploads\/2022\/02\/9-1024x768.jpg 1024w\" sizes=\"(max-width: 581px) 100vw, 581px\" \/><\/a><\/p>\n<ul class=\"ssb_list_wrapper\"><li class=\"fb2\" style=\"width:135px\"><iframe src=\"\/\/www.facebook.com\/plugins\/like.php?href=https%3A%2F%2Fwww.caritasne2.org.br%2Fsite%2Fjovens-de-comunidades-rurais-realizam-primeiro-intercambio-de-praticas-agroecologicas%2F&amp;layout=button_count&amp;action=like&amp;show_faces=false&amp;share=true&amp;width=135&amp;height=21&amp;appId=307091639398582\" scrolling=\"no\" frameborder=\"0\" style=\"border:none; overflow:hidden;  width:150px; height:21px;\" allowTransparency=\"true\"><\/iframe><\/li><li class=\"twtr\" style=\"width:90px\"><a href=\"https:\/\/twitter.com\/share\" class=\"twitter-share-button\" data-url=\"https:\/\/www.caritasne2.org.br\/site\/jovens-de-comunidades-rurais-realizam-primeiro-intercambio-de-praticas-agroecologicas\/\">&nbsp;<\/a><script>!function(d,s,id){var js,fjs=d.getElementsByTagName(s)[0],p=\/^http:\/.test(d.location)?'http':'https';if(!d.getElementById(id)){js=d.createElement(s);js.id=id;js.src=p+':\/\/platform.twitter.com\/widgets.js';fjs.parentNode.insertBefore(js,fjs);}}(document, 'script', 'twitter-wjs');<\/script><\/li><li class=\"gplus\" style=\"width:68px\"><div class=\"g-plusone\" data-size=\"medium\" data-href=\"https:\/\/www.caritasne2.org.br\/site\/jovens-de-comunidades-rurais-realizam-primeiro-intercambio-de-praticas-agroecologicas\/\"><\/div><\/li><li class=\"ssb_linkedin\" style=\"width:64px\"><script src=\"\/\/platform.linkedin.com\/in.js\" type=\"text\/javascript\">lang: en_US<\/script><script type=\"IN\/Share\" data-url=\"https:\/\/www.caritasne2.org.br\/site\/jovens-de-comunidades-rurais-realizam-primeiro-intercambio-de-praticas-agroecologicas\/\" data-counter=\"right\"><\/script><\/li><\/ul>","protected":false},"excerpt":{"rendered":"<p>Visando promover a\u00e7\u00f5es formativas do Projeto Fortalecimento Econ\u00f4mico de Jovens Rurais do Semi\u00e1rido, uma realiza\u00e7\u00e3o da C\u00e1ritas Brasileira Nordeste 2, em parceria com a organiza\u00e7\u00e3o internacional Manos Unidas, no \u00faltimo dia 12 ocorreu o primeiro interc\u00e2mbio entre jovens produtores agr\u00edcolas no S\u00edtio Cruz,\u00a0 munic\u00edpio de Garanhuns. O objetivo do interc\u00e2mbio foi proporcionar aos participantes conhecimentos a partir das viv\u00eancias de forma sustent\u00e1vel e com base [&hellip;]<\/p>\n<ul class=\"ssb_list_wrapper\"><li class=\"fb2\" style=\"width:135px\"><iframe src=\"\/\/www.facebook.com\/plugins\/like.php?href=https%3A%2F%2Fwww.caritasne2.org.br%2Fsite%2Fjovens-de-comunidades-rurais-realizam-primeiro-intercambio-de-praticas-agroecologicas%2F&amp;layout=button_count&amp;action=like&amp;show_faces=false&amp;share=true&amp;width=135&amp;height=21&amp;appId=307091639398582\" scrolling=\"no\" frameborder=\"0\" style=\"border:none; overflow:hidden;  width:150px; height:21px;\" allowTransparency=\"true\"><\/iframe><\/li><li class=\"twtr\" style=\"width:90px\"><a href=\"https:\/\/twitter.com\/share\" class=\"twitter-share-button\" data-url=\"https:\/\/www.caritasne2.org.br\/site\/jovens-de-comunidades-rurais-realizam-primeiro-intercambio-de-praticas-agroecologicas\/\">&nbsp;<\/a><script>!function(d,s,id){var js,fjs=d.getElementsByTagName(s)[0],p=\/^http:\/.test(d.location)?'http':'https';if(!d.getElementById(id)){js=d.createElement(s);js.id=id;js.src=p+':\/\/platform.twitter.com\/widgets.js';fjs.parentNode.insertBefore(js,fjs);}}(document, 'script', 'twitter-wjs');<\/script><\/li><li class=\"gplus\" style=\"width:68px\"><div class=\"g-plusone\" data-size=\"medium\" data-href=\"https:\/\/www.caritasne2.org.br\/site\/jovens-de-comunidades-rurais-realizam-primeiro-intercambio-de-praticas-agroecologicas\/\"><\/div><\/li><li class=\"ssb_linkedin\" style=\"width:64px\"><script src=\"\/\/platform.linkedin.com\/in.js\" type=\"text\/javascript\">lang: en_US<\/script><script type=\"IN\/Share\" data-url=\"https:\/\/www.caritasne2.org.br\/site\/jovens-de-comunidades-rurais-realizam-primeiro-intercambio-de-praticas-agroecologicas\/\" data-counter=\"right\"><\/script><\/li><\/ul>","protected":false},"author":4,"featured_media":9066,"comment_status":"open","ping_status":"open","sticky":false,"template":"","format":"standard","meta":[],"categories":[21,20],"tags":[],"_links":{"self":[{"href":"https:\/\/www.caritasne2.org.br\/site\/wp-json\/wp\/v2\/posts\/9063"}],"collection":[{"href":"https:\/\/www.caritasne2.org.br\/site\/wp-json\/wp\/v2\/posts"}],"about":[{"href":"https:\/\/www.caritasne2.org.br\/site\/wp-json\/wp\/v2\/types\/post"}],"author":[{"embeddable":true,"href":"https:\/\/www.caritasne2.org.br\/site\/wp-json\/wp\/v2\/users\/4"}],"replies":[{"embeddable":true,"href":"https:\/\/www.caritasne2.org.br\/site\/wp-json\/wp\/v2\/comments?post=9063"}],"version-history":[{"count":0,"href":"https:\/\/www.caritasne2.org.br\/site\/wp-json\/wp\/v2\/posts\/9063\/revisions"}],"wp:featuredmedia":[{"embeddable":true,"href":"https:\/\/www.caritasne2.org.br\/site\/wp-json\/wp\/v2\/media\/9066"}],"wp:attachment":[{"href":"https:\/\/www.caritasne2.org.br\/site\/wp-json\/wp\/v2\/media?parent=9063"}],"wp:term":[{"taxonomy":"category","embeddable":true,"href":"https:\/\/www.caritasne2.org.br\/site\/wp-json\/wp\/v2\/categories?post=9063"},{"taxonomy":"post_tag","embeddable":true,"href":"https:\/\/www.caritasne2.org.br\/site\/wp-json\/wp\/v2\/tags?post=9063"}],"curies":[{"name":"wp","href":"https:\/\/api.w.org\/{rel}","templated":true}]}}