{"id":9044,"date":"2022-02-24T10:59:06","date_gmt":"2022-02-24T13:59:06","guid":{"rendered":"http:\/\/www.caritasne2.org.br\/?p=9044"},"modified":"2022-02-24T10:59:07","modified_gmt":"2022-02-24T13:59:07","slug":"lancamento-da-campanha-internacional-da-caritas-ne2-e-misereor-sobre-impactos-da-implantacao-de-parques-eolicos-em-estados-do-nordeste-sensibiliza-sociedade-e-organizacoes","status":"publish","type":"post","link":"https:\/\/www.caritasne2.org.br\/site\/lancamento-da-campanha-internacional-da-caritas-ne2-e-misereor-sobre-impactos-da-implantacao-de-parques-eolicos-em-estados-do-nordeste-sensibiliza-sociedade-e-organizacoes\/","title":{"rendered":"Lan\u00e7amento da  campanha internacional da C\u00e1ritas NE2 e Misereor sobre impactos da implanta\u00e7\u00e3o de parques e\u00f3licos em estados do Nordeste sensibiliza sociedade e organiza\u00e7\u00f5es"},"content":{"rendered":"<blockquote>\n<p align=\"center\"><i>A campanha foi lan\u00e7ada nesta ter\u00e7a-feira, 22, atrav\u00e9s do canal do YouTube da CBNE2 e far\u00e1 ecoar as vozes das comunidades afetadas, atrav\u00e9s de uma webs\u00e9rie documental, debates em\u00a0espa\u00e7os virtuais e exposi\u00e7\u00f5es fotogr\u00e1ficas<\/i><\/p>\n<\/blockquote>\n<p align=\"center\"><i>\u00a0<\/i><\/p>\n<p style=\"text-align: justify;\">Nesta ter\u00e7a-feira, 22, A C\u00e1ritas do Regional Nordeste 2, organismo da Confer\u00eancia Nacional dos Bispos do Brasil (CNBB), lan\u00e7ou atrav\u00e9s de uma live em seu canal do Youtube a campanha internacional sobre impactos dos parques de energia e\u00f3lica nos territ\u00f3rios nordestinos de Alagoas, Para\u00edba, Pernambuco e Rio Grande do Norte, estados de atua\u00e7\u00e3o da institui\u00e7\u00e3o. A iniciativa acontece atrav\u00e9s do projeto \u201cPromo\u00e7\u00e3o e Defesa de Direitos na Perspectiva da Constru\u00e7\u00e3o de Sociedades do Bem Viver\u201d, parceria da CBNE2 com a institui\u00e7\u00e3o cat\u00f3lica alem\u00e3 Misereor.<\/p>\n<p style=\"text-align: justify;\">\u00a0O momento foi marcado com a presen\u00e7a da sociedade civil, imprensa e organiza\u00e7\u00f5es da sociedade civil de v\u00e1rios estados brasileiros, al\u00e9m de Madeleine Brock, representando a institui\u00e7\u00e3o cat\u00f3lica alem\u00e3, Misereor, parte da equipe de grava\u00e7\u00e3o da webs\u00e9rie, pesquisadores , professores ligados ao tema das e\u00f3licas,\u00a0 e agentes da C\u00e1ritas Brasileira. Durante o lan\u00e7amento, v\u00e1rias falas tiveram destaque, como a de Adriano Martins, coordenador de Programas do Centro Assessorias e apoio a iniciativas sociais (CAIS), que refor\u00e7ou a forma sorrateira de implementa\u00e7\u00e3o desses megaprojetos. \u201cTivemos o desafio de dar visibilidade aos impactos negativos da implementa\u00e7\u00e3o desses megaprojeto e\u00f3licos, \u00e9 uma ideia muito boa a energia renov\u00e1vel, mas quando ela chega e se implementa nos munic\u00edpios ela mostra uma l\u00f3gica na linha de explora\u00e7\u00e3o e coloniza\u00e7\u00e3o, sem informa\u00e7\u00e3o qualificada\u00a0 beneficiando os pr\u00f3prios empreiteiros de forma abusiva\u201d, declarou.<\/p>\n<p style=\"text-align: justify;\">\u00a0A campanha em linha geral, busca alertar e trazer \u00e0 tona o sofrimento das comunidades tradicionais, rurais e ribeirinhas atingidas pelos impactos socioecon\u00f4micos, ambientais e de sa\u00fade causados pelo atual modelo de implementa\u00e7\u00e3o dos megaprojetos de energia e\u00f3lica, al\u00e9m de ampliar o debate sobre a import\u00e2ncia de repensar novas formas de gera\u00e7\u00e3o da energia limpa\u00a0e descentralizada, que respeitem as comunidades e promovam o Bem Viver das fam\u00edlias dessas localidades.<\/p>\n<p style=\"text-align: justify;\">\u00a0Para Moema Hofstaetter, pesquisadora e integrante do N\u00facleo do F\u00f3rum de Mudan\u00e7as Clim\u00e1ticas e Justi\u00e7as Socioambientais no Rio Grande do Norte, \u201c \u00e9 urgente descarbonizarmos a economia e pararmos de produzir CO2, mas precisamos diversificar nossa matriz energ\u00e9tica, e debatermos sobre consumo, e a pergunta inicial: energia para qu\u00ea? E para quem? Retrata bem esse debate que merece ser feito, mais importante que produzir energia limpa \u00e9 a manuten\u00e7\u00e3o do nosso ecossistema e do modo de vida das nossas popula\u00e7\u00f5es que est\u00e3o tendo sua cultura e meios de vidas afetados e extintos nesse processo abusivo de implanta\u00e7\u00e3o\u201d, finaliza.<\/p>\n<p style=\"text-align: justify;\">\u00a0<b>Pr\u00f3ximos passos<\/b><\/p>\n<p style=\"text-align: justify;\">\u00a0Corroborando ainda com o objetivo geral, a campanha contar\u00e1 com outros produtos de conscientiza\u00e7\u00e3o e sensibiliza\u00e7\u00e3o\u00a0 desenvolvidos para al\u00e9m dos 6 epis\u00f3dios da webs\u00e9rie, como um cat\u00e1logo virtual destacando os impactos das torres nesses estados ; uma exposi\u00e7\u00e3o fotogr\u00e1fica itinerante que tamb\u00e9m ser\u00e1 apresentada nos estados, e por fim uma carta aberta que ser\u00e1 assinada pelas pessoas atingidas pelos parques e\u00f3licos,\u00a0pesquisadores, organiza\u00e7\u00f5es\u00a0e representantes de movimentos\u00a0sociais para que esse debate chegue at\u00e9 o poder p\u00fablico para que\u00a0 medidas\u00a0 urgentes sejam tomadas.<\/p>\n<p><a href=\"http:\/\/www.caritasne2.org.br\/lancamento-da-campanha-internacional-da-caritas-ne2-e-misereor-sobre-impactos-da-implantacao-de-parques-eolicos-em-estados-do-nordeste-sensibiliza-sociedade-e-organizacoes\/whatsapp-image-2022-02-22-at-18-27-06\/\" rel=\"attachment wp-att-9050\"><img decoding=\"async\" loading=\"lazy\" class=\"aligncenter  wp-image-9050\" src=\"http:\/\/www.caritasne2.org.br\/wp-content\/uploads\/2022\/02\/WhatsApp-Image-2022-02-22-at-18.27.06.jpeg\" alt=\"\" width=\"619\" height=\"348\" srcset=\"https:\/\/www.caritasne2.org.br\/site\/wp-content\/uploads\/2022\/02\/WhatsApp-Image-2022-02-22-at-18.27.06.jpeg 1280w, https:\/\/www.caritasne2.org.br\/site\/wp-content\/uploads\/2022\/02\/WhatsApp-Image-2022-02-22-at-18.27.06-300x169.jpeg 300w, https:\/\/www.caritasne2.org.br\/site\/wp-content\/uploads\/2022\/02\/WhatsApp-Image-2022-02-22-at-18.27.06-768x431.jpeg 768w, https:\/\/www.caritasne2.org.br\/site\/wp-content\/uploads\/2022\/02\/WhatsApp-Image-2022-02-22-at-18.27.06-1024x575.jpeg 1024w, https:\/\/www.caritasne2.org.br\/site\/wp-content\/uploads\/2022\/02\/WhatsApp-Image-2022-02-22-at-18.27.06-588x330.jpeg 588w\" sizes=\"(max-width: 619px) 100vw, 619px\" \/><\/a><\/p>\n<p><a href=\"http:\/\/www.caritasne2.org.br\/lancamento-da-campanha-internacional-da-caritas-ne2-e-misereor-sobre-impactos-da-implantacao-de-parques-eolicos-em-estados-do-nordeste-sensibiliza-sociedade-e-organizacoes\/whatsapp-image-2022-02-22-at-18-26-19\/\" rel=\"attachment wp-att-9046\"><img decoding=\"async\" loading=\"lazy\" class=\"aligncenter  wp-image-9046\" src=\"http:\/\/www.caritasne2.org.br\/wp-content\/uploads\/2022\/02\/WhatsApp-Image-2022-02-22-at-18.26.19.jpeg\" alt=\"\" width=\"587\" height=\"331\" srcset=\"https:\/\/www.caritasne2.org.br\/site\/wp-content\/uploads\/2022\/02\/WhatsApp-Image-2022-02-22-at-18.26.19.jpeg 1280w, https:\/\/www.caritasne2.org.br\/site\/wp-content\/uploads\/2022\/02\/WhatsApp-Image-2022-02-22-at-18.26.19-300x169.jpeg 300w, https:\/\/www.caritasne2.org.br\/site\/wp-content\/uploads\/2022\/02\/WhatsApp-Image-2022-02-22-at-18.26.19-768x432.jpeg 768w, https:\/\/www.caritasne2.org.br\/site\/wp-content\/uploads\/2022\/02\/WhatsApp-Image-2022-02-22-at-18.26.19-1024x576.jpeg 1024w\" sizes=\"(max-width: 587px) 100vw, 587px\" \/><\/a><\/p>\n<p><a href=\"http:\/\/www.caritasne2.org.br\/lancamento-da-campanha-internacional-da-caritas-ne2-e-misereor-sobre-impactos-da-implantacao-de-parques-eolicos-em-estados-do-nordeste-sensibiliza-sociedade-e-organizacoes\/whatsapp-image-2022-02-22-at-18-26-20\/\" rel=\"attachment wp-att-9047\"><img decoding=\"async\" loading=\"lazy\" class=\"aligncenter  wp-image-9047\" src=\"http:\/\/www.caritasne2.org.br\/wp-content\/uploads\/2022\/02\/WhatsApp-Image-2022-02-22-at-18.26.20.jpeg\" alt=\"\" width=\"634\" height=\"356\" srcset=\"https:\/\/www.caritasne2.org.br\/site\/wp-content\/uploads\/2022\/02\/WhatsApp-Image-2022-02-22-at-18.26.20.jpeg 1280w, https:\/\/www.caritasne2.org.br\/site\/wp-content\/uploads\/2022\/02\/WhatsApp-Image-2022-02-22-at-18.26.20-300x169.jpeg 300w, https:\/\/www.caritasne2.org.br\/site\/wp-content\/uploads\/2022\/02\/WhatsApp-Image-2022-02-22-at-18.26.20-768x432.jpeg 768w, https:\/\/www.caritasne2.org.br\/site\/wp-content\/uploads\/2022\/02\/WhatsApp-Image-2022-02-22-at-18.26.20-1024x576.jpeg 1024w, https:\/\/www.caritasne2.org.br\/site\/wp-content\/uploads\/2022\/02\/WhatsApp-Image-2022-02-22-at-18.26.20-588x330.jpeg 588w\" sizes=\"(max-width: 634px) 100vw, 634px\" \/><\/a><\/p>\n<ul class=\"ssb_list_wrapper\"><li class=\"fb2\" style=\"width:135px\"><iframe src=\"\/\/www.facebook.com\/plugins\/like.php?href=https%3A%2F%2Fwww.caritasne2.org.br%2Fsite%2Flancamento-da-campanha-internacional-da-caritas-ne2-e-misereor-sobre-impactos-da-implantacao-de-parques-eolicos-em-estados-do-nordeste-sensibiliza-sociedade-e-organizacoes%2F&amp;layout=button_count&amp;action=like&amp;show_faces=false&amp;share=true&amp;width=135&amp;height=21&amp;appId=307091639398582\" scrolling=\"no\" frameborder=\"0\" style=\"border:none; overflow:hidden;  width:150px; height:21px;\" allowTransparency=\"true\"><\/iframe><\/li><li class=\"twtr\" style=\"width:90px\"><a href=\"https:\/\/twitter.com\/share\" class=\"twitter-share-button\" data-url=\"https:\/\/www.caritasne2.org.br\/site\/lancamento-da-campanha-internacional-da-caritas-ne2-e-misereor-sobre-impactos-da-implantacao-de-parques-eolicos-em-estados-do-nordeste-sensibiliza-sociedade-e-organizacoes\/\">&nbsp;<\/a><script>!function(d,s,id){var js,fjs=d.getElementsByTagName(s)[0],p=\/^http:\/.test(d.location)?'http':'https';if(!d.getElementById(id)){js=d.createElement(s);js.id=id;js.src=p+':\/\/platform.twitter.com\/widgets.js';fjs.parentNode.insertBefore(js,fjs);}}(document, 'script', 'twitter-wjs');<\/script><\/li><li class=\"gplus\" style=\"width:68px\"><div class=\"g-plusone\" data-size=\"medium\" data-href=\"https:\/\/www.caritasne2.org.br\/site\/lancamento-da-campanha-internacional-da-caritas-ne2-e-misereor-sobre-impactos-da-implantacao-de-parques-eolicos-em-estados-do-nordeste-sensibiliza-sociedade-e-organizacoes\/\"><\/div><\/li><li class=\"ssb_linkedin\" style=\"width:64px\"><script src=\"\/\/platform.linkedin.com\/in.js\" type=\"text\/javascript\">lang: en_US<\/script><script type=\"IN\/Share\" data-url=\"https:\/\/www.caritasne2.org.br\/site\/lancamento-da-campanha-internacional-da-caritas-ne2-e-misereor-sobre-impactos-da-implantacao-de-parques-eolicos-em-estados-do-nordeste-sensibiliza-sociedade-e-organizacoes\/\" data-counter=\"right\"><\/script><\/li><\/ul>","protected":false},"excerpt":{"rendered":"<p>A campanha foi lan\u00e7ada nesta ter\u00e7a-feira, 22, atrav\u00e9s do canal do YouTube da CBNE2 e far\u00e1 ecoar as vozes das comunidades afetadas, atrav\u00e9s de uma webs\u00e9rie documental, debates em\u00a0espa\u00e7os virtuais e exposi\u00e7\u00f5es fotogr\u00e1ficas \u00a0 Nesta ter\u00e7a-feira, 22, A C\u00e1ritas do Regional Nordeste 2, organismo da Confer\u00eancia Nacional dos Bispos do Brasil (CNBB), lan\u00e7ou atrav\u00e9s de uma live em seu canal do Youtube a campanha internacional [&hellip;]<\/p>\n<ul class=\"ssb_list_wrapper\"><li class=\"fb2\" style=\"width:135px\"><iframe src=\"\/\/www.facebook.com\/plugins\/like.php?href=https%3A%2F%2Fwww.caritasne2.org.br%2Fsite%2Flancamento-da-campanha-internacional-da-caritas-ne2-e-misereor-sobre-impactos-da-implantacao-de-parques-eolicos-em-estados-do-nordeste-sensibiliza-sociedade-e-organizacoes%2F&amp;layout=button_count&amp;action=like&amp;show_faces=false&amp;share=true&amp;width=135&amp;height=21&amp;appId=307091639398582\" scrolling=\"no\" frameborder=\"0\" style=\"border:none; overflow:hidden;  width:150px; height:21px;\" allowTransparency=\"true\"><\/iframe><\/li><li class=\"twtr\" style=\"width:90px\"><a href=\"https:\/\/twitter.com\/share\" class=\"twitter-share-button\" data-url=\"https:\/\/www.caritasne2.org.br\/site\/lancamento-da-campanha-internacional-da-caritas-ne2-e-misereor-sobre-impactos-da-implantacao-de-parques-eolicos-em-estados-do-nordeste-sensibiliza-sociedade-e-organizacoes\/\">&nbsp;<\/a><script>!function(d,s,id){var js,fjs=d.getElementsByTagName(s)[0],p=\/^http:\/.test(d.location)?'http':'https';if(!d.getElementById(id)){js=d.createElement(s);js.id=id;js.src=p+':\/\/platform.twitter.com\/widgets.js';fjs.parentNode.insertBefore(js,fjs);}}(document, 'script', 'twitter-wjs');<\/script><\/li><li class=\"gplus\" style=\"width:68px\"><div class=\"g-plusone\" data-size=\"medium\" data-href=\"https:\/\/www.caritasne2.org.br\/site\/lancamento-da-campanha-internacional-da-caritas-ne2-e-misereor-sobre-impactos-da-implantacao-de-parques-eolicos-em-estados-do-nordeste-sensibiliza-sociedade-e-organizacoes\/\"><\/div><\/li><li class=\"ssb_linkedin\" style=\"width:64px\"><script src=\"\/\/platform.linkedin.com\/in.js\" type=\"text\/javascript\">lang: en_US<\/script><script type=\"IN\/Share\" data-url=\"https:\/\/www.caritasne2.org.br\/site\/lancamento-da-campanha-internacional-da-caritas-ne2-e-misereor-sobre-impactos-da-implantacao-de-parques-eolicos-em-estados-do-nordeste-sensibiliza-sociedade-e-organizacoes\/\" data-counter=\"right\"><\/script><\/li><\/ul>","protected":false},"author":4,"featured_media":9048,"comment_status":"open","ping_status":"open","sticky":false,"template":"","format":"standard","meta":[],"categories":[21,20],"tags":[],"_links":{"self":[{"href":"https:\/\/www.caritasne2.org.br\/site\/wp-json\/wp\/v2\/posts\/9044"}],"collection":[{"href":"https:\/\/www.caritasne2.org.br\/site\/wp-json\/wp\/v2\/posts"}],"about":[{"href":"https:\/\/www.caritasne2.org.br\/site\/wp-json\/wp\/v2\/types\/post"}],"author":[{"embeddable":true,"href":"https:\/\/www.caritasne2.org.br\/site\/wp-json\/wp\/v2\/users\/4"}],"replies":[{"embeddable":true,"href":"https:\/\/www.caritasne2.org.br\/site\/wp-json\/wp\/v2\/comments?post=9044"}],"version-history":[{"count":0,"href":"https:\/\/www.caritasne2.org.br\/site\/wp-json\/wp\/v2\/posts\/9044\/revisions"}],"wp:featuredmedia":[{"embeddable":true,"href":"https:\/\/www.caritasne2.org.br\/site\/wp-json\/wp\/v2\/media\/9048"}],"wp:attachment":[{"href":"https:\/\/www.caritasne2.org.br\/site\/wp-json\/wp\/v2\/media?parent=9044"}],"wp:term":[{"taxonomy":"category","embeddable":true,"href":"https:\/\/www.caritasne2.org.br\/site\/wp-json\/wp\/v2\/categories?post=9044"},{"taxonomy":"post_tag","embeddable":true,"href":"https:\/\/www.caritasne2.org.br\/site\/wp-json\/wp\/v2\/tags?post=9044"}],"curies":[{"name":"wp","href":"https:\/\/api.w.org\/{rel}","templated":true}]}}