{"id":9039,"date":"2022-02-23T19:22:45","date_gmt":"2022-02-23T22:22:45","guid":{"rendered":"http:\/\/www.caritasne2.org.br\/?p=9039"},"modified":"2022-02-23T19:22:45","modified_gmt":"2022-02-23T22:22:45","slug":"plataforma-integrar-ne2-encerra-mais-um-curso-profissionalizante-de-empreendedorismo-vendas-on-line","status":"publish","type":"post","link":"https:\/\/www.caritasne2.org.br\/site\/plataforma-integrar-ne2-encerra-mais-um-curso-profissionalizante-de-empreendedorismo-vendas-on-line\/","title":{"rendered":"Plataforma Integrar NE2 encerra mais um curso profissionalizante  de empreendedorismo, vendas on line"},"content":{"rendered":"<p style=\"font-weight: 400; text-align: justify;\">O empreendedorismo nunca foi t\u00e3o abordado quanto nos \u00faltimos tempos. Seja pelas facilidades de abrir um novo neg\u00f3cio, pela realiza\u00e7\u00e3o de um sonho ou simplesmente pela necessidade financeira. O fato \u00e9 que cada vez mais as pessoas est\u00e3o buscando criar seus pr\u00f3prios neg\u00f3cios.\u00a0No entanto, o que muitos n\u00e3o sabem \u00e9 que para empreender com sucesso n\u00e3o basta apenas uma boa ideia. \u00c9 preciso se preparar buscando qualifica\u00e7\u00e3o profissional que dar\u00e1 embasamento para tirar uma ideia do papel e coloc\u00e1-la em pr\u00e1tica.<\/p>\n<p style=\"font-weight: 400; text-align: justify;\">Neste sentido, e com o objetivo de ofertar capacita\u00e7\u00e3o adequada como diferencial aos empreendedores e interessados em se qualificar profissionalmente, a C\u00e1ritas Regional NE2 juntamente com a Funda\u00e7\u00e3o Interamericana (IAF) lan\u00e7aram uma plataforma totalmente gratuita de cursos \u00e0 dist\u00e2ncia, com\u00a0videoaulas, conte\u00fados formativos, materiais did\u00e1ticos,\u00a0f\u00f3runs de debate entre os cursistas e tutores, e emiss\u00e3o de certifica\u00e7\u00e3o ao final de cada curso, \u00e9 o Integrar NE2 (<a href=\"http:\/\/www.integrarne2.caritas.org.br\/\" data-saferedirecturl=\"https:\/\/www.google.com\/url?q=http:\/\/www.integrarne2.caritas.org.br&amp;source=gmail&amp;ust=1645732581751000&amp;usg=AOvVaw3XzAtdz8eh2ISMic5nG7Hd\">www.integrarne2.caritas.org.br<\/a>).<\/p>\n<p style=\"font-weight: 400; text-align: justify;\">Os cursos de marketing digital e elabora\u00e7\u00e3o de plano de neg\u00f3cios para migrantes foram alguns dos j\u00e1 oferecidos pela plataforma. Na \u00faltima segunda,21, encerrou mais um curso, o de Vendas On line, que tinha como objetivo\u00a0a qualifica\u00e7\u00e3o profissional e o destaque em modelo de neg\u00f3cio para o p\u00fablico empreendedor .<\/p>\n<p style=\"font-weight: 400; text-align: justify;\">Para\u00a0Elizabeth Medeiros, facilitadora do curso, ele foi muito proveitoso, pois conseguimos disponibilizar um conte\u00fado bastante abrangente e ao mesmo tempo otimizado. \u201cSobre as possibilidades que a internet tem a oferecer para a comercializa\u00e7\u00e3o de produtos e servi\u00e7os. A plataforma da C\u00e1ritas foi de suma import\u00e2ncia, pois facilitou bastante a organiza\u00e7\u00e3o do material que foi disponibilizado, a intera\u00e7\u00e3o com os alunos e tamb\u00e9m o monitoramento da turma &#8220;, comenta.<\/p>\n<p style=\"font-weight: 400; text-align: justify;\">Rosicleide Silva, estudante, conta que \u00a0foi um curso que surpreendeu\u00a0 bastante pelo conte\u00fado repassado. \u00a0\u201c Aprendi a estrutura do b\u00e1sico, nicho, p\u00fablico alvo, criar e mexer nas redes sociais coisa que eu j\u00e1 sabia mas n\u00e3o com essa vis\u00e3o de empreendedor. Teve conte\u00fado que eu ne, sabia que exista e aprendi no curso como Google meu Neg\u00f3cio, marketing place, entre outras coisas do digital que aprendi no curso.Gratid\u00e3o e estou com gostinho de quero mais\u201d, finaliza.<\/p>\n<p style=\"font-weight: 400; text-align: justify;\">\n<ul class=\"ssb_list_wrapper\"><li class=\"fb2\" style=\"width:135px\"><iframe src=\"\/\/www.facebook.com\/plugins\/like.php?href=https%3A%2F%2Fwww.caritasne2.org.br%2Fsite%2Fplataforma-integrar-ne2-encerra-mais-um-curso-profissionalizante-de-empreendedorismo-vendas-on-line%2F&amp;layout=button_count&amp;action=like&amp;show_faces=false&amp;share=true&amp;width=135&amp;height=21&amp;appId=307091639398582\" scrolling=\"no\" frameborder=\"0\" style=\"border:none; overflow:hidden;  width:150px; height:21px;\" allowTransparency=\"true\"><\/iframe><\/li><li class=\"twtr\" style=\"width:90px\"><a href=\"https:\/\/twitter.com\/share\" class=\"twitter-share-button\" data-url=\"https:\/\/www.caritasne2.org.br\/site\/plataforma-integrar-ne2-encerra-mais-um-curso-profissionalizante-de-empreendedorismo-vendas-on-line\/\">&nbsp;<\/a><script>!function(d,s,id){var js,fjs=d.getElementsByTagName(s)[0],p=\/^http:\/.test(d.location)?'http':'https';if(!d.getElementById(id)){js=d.createElement(s);js.id=id;js.src=p+':\/\/platform.twitter.com\/widgets.js';fjs.parentNode.insertBefore(js,fjs);}}(document, 'script', 'twitter-wjs');<\/script><\/li><li class=\"gplus\" style=\"width:68px\"><div class=\"g-plusone\" data-size=\"medium\" data-href=\"https:\/\/www.caritasne2.org.br\/site\/plataforma-integrar-ne2-encerra-mais-um-curso-profissionalizante-de-empreendedorismo-vendas-on-line\/\"><\/div><\/li><li class=\"ssb_linkedin\" style=\"width:64px\"><script src=\"\/\/platform.linkedin.com\/in.js\" type=\"text\/javascript\">lang: en_US<\/script><script type=\"IN\/Share\" data-url=\"https:\/\/www.caritasne2.org.br\/site\/plataforma-integrar-ne2-encerra-mais-um-curso-profissionalizante-de-empreendedorismo-vendas-on-line\/\" data-counter=\"right\"><\/script><\/li><\/ul>","protected":false},"excerpt":{"rendered":"<p>O empreendedorismo nunca foi t\u00e3o abordado quanto nos \u00faltimos tempos. Seja pelas facilidades de abrir um novo neg\u00f3cio, pela realiza\u00e7\u00e3o de um sonho ou simplesmente pela necessidade financeira. O fato \u00e9 que cada vez mais as pessoas est\u00e3o buscando criar seus pr\u00f3prios neg\u00f3cios.\u00a0No entanto, o que muitos n\u00e3o sabem \u00e9 que para empreender com sucesso n\u00e3o basta apenas uma boa ideia. \u00c9 preciso se preparar [&hellip;]<\/p>\n<ul class=\"ssb_list_wrapper\"><li class=\"fb2\" style=\"width:135px\"><iframe src=\"\/\/www.facebook.com\/plugins\/like.php?href=https%3A%2F%2Fwww.caritasne2.org.br%2Fsite%2Fplataforma-integrar-ne2-encerra-mais-um-curso-profissionalizante-de-empreendedorismo-vendas-on-line%2F&amp;layout=button_count&amp;action=like&amp;show_faces=false&amp;share=true&amp;width=135&amp;height=21&amp;appId=307091639398582\" scrolling=\"no\" frameborder=\"0\" style=\"border:none; overflow:hidden;  width:150px; height:21px;\" allowTransparency=\"true\"><\/iframe><\/li><li class=\"twtr\" style=\"width:90px\"><a href=\"https:\/\/twitter.com\/share\" class=\"twitter-share-button\" data-url=\"https:\/\/www.caritasne2.org.br\/site\/plataforma-integrar-ne2-encerra-mais-um-curso-profissionalizante-de-empreendedorismo-vendas-on-line\/\">&nbsp;<\/a><script>!function(d,s,id){var js,fjs=d.getElementsByTagName(s)[0],p=\/^http:\/.test(d.location)?'http':'https';if(!d.getElementById(id)){js=d.createElement(s);js.id=id;js.src=p+':\/\/platform.twitter.com\/widgets.js';fjs.parentNode.insertBefore(js,fjs);}}(document, 'script', 'twitter-wjs');<\/script><\/li><li class=\"gplus\" style=\"width:68px\"><div class=\"g-plusone\" data-size=\"medium\" data-href=\"https:\/\/www.caritasne2.org.br\/site\/plataforma-integrar-ne2-encerra-mais-um-curso-profissionalizante-de-empreendedorismo-vendas-on-line\/\"><\/div><\/li><li class=\"ssb_linkedin\" style=\"width:64px\"><script src=\"\/\/platform.linkedin.com\/in.js\" type=\"text\/javascript\">lang: en_US<\/script><script type=\"IN\/Share\" data-url=\"https:\/\/www.caritasne2.org.br\/site\/plataforma-integrar-ne2-encerra-mais-um-curso-profissionalizante-de-empreendedorismo-vendas-on-line\/\" data-counter=\"right\"><\/script><\/li><\/ul>","protected":false},"author":4,"featured_media":9040,"comment_status":"open","ping_status":"open","sticky":false,"template":"","format":"standard","meta":[],"categories":[21,20],"tags":[],"_links":{"self":[{"href":"https:\/\/www.caritasne2.org.br\/site\/wp-json\/wp\/v2\/posts\/9039"}],"collection":[{"href":"https:\/\/www.caritasne2.org.br\/site\/wp-json\/wp\/v2\/posts"}],"about":[{"href":"https:\/\/www.caritasne2.org.br\/site\/wp-json\/wp\/v2\/types\/post"}],"author":[{"embeddable":true,"href":"https:\/\/www.caritasne2.org.br\/site\/wp-json\/wp\/v2\/users\/4"}],"replies":[{"embeddable":true,"href":"https:\/\/www.caritasne2.org.br\/site\/wp-json\/wp\/v2\/comments?post=9039"}],"version-history":[{"count":0,"href":"https:\/\/www.caritasne2.org.br\/site\/wp-json\/wp\/v2\/posts\/9039\/revisions"}],"wp:featuredmedia":[{"embeddable":true,"href":"https:\/\/www.caritasne2.org.br\/site\/wp-json\/wp\/v2\/media\/9040"}],"wp:attachment":[{"href":"https:\/\/www.caritasne2.org.br\/site\/wp-json\/wp\/v2\/media?parent=9039"}],"wp:term":[{"taxonomy":"category","embeddable":true,"href":"https:\/\/www.caritasne2.org.br\/site\/wp-json\/wp\/v2\/categories?post=9039"},{"taxonomy":"post_tag","embeddable":true,"href":"https:\/\/www.caritasne2.org.br\/site\/wp-json\/wp\/v2\/tags?post=9039"}],"curies":[{"name":"wp","href":"https:\/\/api.w.org\/{rel}","templated":true}]}}