{"id":9013,"date":"2022-02-18T12:11:46","date_gmt":"2022-02-18T15:11:46","guid":{"rendered":"http:\/\/www.caritasne2.org.br\/?p=9013"},"modified":"2022-02-18T15:26:11","modified_gmt":"2022-02-18T18:26:11","slug":"quintais-ecoprodutivos-caritas-brasileira-ne2-inicia-mobilizacoes-para-criacao-de-comites-municipais","status":"publish","type":"post","link":"https:\/\/www.caritasne2.org.br\/site\/quintais-ecoprodutivos-caritas-brasileira-ne2-inicia-mobilizacoes-para-criacao-de-comites-municipais\/","title":{"rendered":"Quintais Ecoprodutivos: C\u00e1ritas Brasileira NE2 inicia mobiliza\u00e7\u00f5es para cria\u00e7\u00e3o de Comiss\u00f5es Municipais"},"content":{"rendered":"<p style=\"font-weight: 400; text-align: center;\"><em>O projeto tem execu\u00e7\u00e3o da C\u00e1ritas Brasiliera \u00a0NE2, \u00a0realiza\u00e7\u00e3o do \u00a0Complexo Portu\u00e1rio Industrial de Suape,\u00a0 e\u00a0 visa implementar 300\u00a0quintais\u00a0ecoprodutivos para fam\u00edlias em oito munic\u00edpios<\/em><\/p>\n<p style=\"font-weight: 400; text-align: justify;\">No in\u00edcio do m\u00eas de fevereiro \u00a0a C\u00e1ritas Brasileira NE2 visando o estabelecimento de parceria com as prefeituras e secretarias municipais de Escada, Ipojuca, Sirinha\u00e9m e Cabo de Santo Agostinho, parte dos oito munic\u00edpios contemplados pelo Projeto\u00a0Quintais\u00a0Ecoprodutivos, na pessoa da secret\u00e1ria executiva regional, Neilda Pereira, juntamente com membros da colegiada regional e equipe t\u00e9cnica se reuniram com prefeitas e prefeitos, \u00a0representantes das secretarias municipais e representantes de Suape, a fim de encaminharem proposi\u00e7\u00f5es para a cria\u00e7\u00e3o das comiss\u00f5es municipais.<\/p>\n<p style=\"font-weight: 400; text-align: justify;\">As comiss\u00f5es s\u00e3o espa\u00e7os onde diversas\u00a0<span style=\"font-weight: 400;\">representa\u00e7\u00f5es da sociedade civil e do poder p\u00fablico municipal se <\/span><span style=\"font-weight: 400;\">re\u00fanem<\/span>\u00a0para debater os interesses e necessidades das fam\u00edlias, com o objetivo\u00a0<span style=\"font-weight: 400;\">de garantir a transpar\u00eancia e uma adequada distribui\u00e7\u00e3o dos quintais ecoprodutivos\u00a0<\/span><span style=\"font-weight: 400;\">respeitando os crit\u00e9rios estabelecidos na sele\u00e7\u00e3o das fam\u00edlias junto ao projeto.<\/span><\/p>\n<p style=\"font-weight: 400; text-align: justify;\">Durante os encontros, houve \u00a0apresenta\u00e7\u00e3o da C\u00e1ritas, abordando sua miss\u00e3o, hist\u00f3ria e \u00e1reas de atua\u00e7\u00e3o e explana\u00e7\u00e3o dos objetivos, fases e metas do projeto nestes munic\u00edpios.<\/p>\n<p style=\"font-weight: 400; text-align: justify;\">As pr\u00f3ximas fases ser\u00e3o de forma\u00e7\u00e3o das comiss\u00f5es municipais e defini\u00e7\u00e3o dos locais em que ser\u00e3o realizados os diagn\u00f3sticos comunit\u00e1rios. As Comiss\u00f5es Municipais\u00a0ser\u00e3o formadas nos oito munic\u00edpios contemplados com o projeto\u00a0Quintais\u00a0Ecoprodutivos <span style=\"font-weight: 400;\">iniciando por Cabo, Ipojuca, Escada e Sirinha\u00e9m<\/span>.\u00a0 J\u00e1 ocorreram reuni\u00f5es de forma\u00e7\u00e3o nos munic\u00edpios de Sirinha\u00e9m e \u00a0Cabo de Santo Agostinho, que definiram os locais em que ser\u00e3o realizados os diagn\u00f3sticos comunit\u00e1rios. Podem participar dessas reuni\u00f5es representantes da sociedade civil, das Igrejas e do poder p\u00fablico.<\/p>\n<p style=\"font-weight: 400; text-align: justify;\"><a href=\"http:\/\/www.caritasne2.org.br\/quintais-ecoprodutivos-caritas-brasileira-ne2-inicia-mobilizacoes-para-criacao-de-comites-municipais\/whatsapp-image-2022-02-10-at-07-58-08-1\/\" rel=\"attachment wp-att-9017\"><img decoding=\"async\" loading=\"lazy\" class=\"aligncenter wp-image-9017\" src=\"http:\/\/www.caritasne2.org.br\/wp-content\/uploads\/2022\/02\/WhatsApp-Image-2022-02-10-at-07.58.08-1.jpeg\" alt=\"\" width=\"648\" height=\"486\" srcset=\"https:\/\/www.caritasne2.org.br\/site\/wp-content\/uploads\/2022\/02\/WhatsApp-Image-2022-02-10-at-07.58.08-1.jpeg 1600w, https:\/\/www.caritasne2.org.br\/site\/wp-content\/uploads\/2022\/02\/WhatsApp-Image-2022-02-10-at-07.58.08-1-300x225.jpeg 300w, https:\/\/www.caritasne2.org.br\/site\/wp-content\/uploads\/2022\/02\/WhatsApp-Image-2022-02-10-at-07.58.08-1-768x576.jpeg 768w, https:\/\/www.caritasne2.org.br\/site\/wp-content\/uploads\/2022\/02\/WhatsApp-Image-2022-02-10-at-07.58.08-1-1024x768.jpeg 1024w\" sizes=\"(max-width: 648px) 100vw, 648px\" \/><\/a><\/p>\n<p style=\"font-weight: 400; text-align: justify;\"><a href=\"http:\/\/www.caritasne2.org.br\/quintais-ecoprodutivos-caritas-brasileira-ne2-inicia-mobilizacoes-para-criacao-de-comites-municipais\/whatsapp-image-2022-02-15-at-11-41-45\/\" rel=\"attachment wp-att-9018\"><img decoding=\"async\" loading=\"lazy\" class=\"aligncenter wp-image-9018\" src=\"http:\/\/www.caritasne2.org.br\/wp-content\/uploads\/2022\/02\/WhatsApp-Image-2022-02-15-at-11.41.45.jpeg\" alt=\"\" width=\"654\" height=\"490\" srcset=\"https:\/\/www.caritasne2.org.br\/site\/wp-content\/uploads\/2022\/02\/WhatsApp-Image-2022-02-15-at-11.41.45.jpeg 1024w, https:\/\/www.caritasne2.org.br\/site\/wp-content\/uploads\/2022\/02\/WhatsApp-Image-2022-02-15-at-11.41.45-300x225.jpeg 300w, https:\/\/www.caritasne2.org.br\/site\/wp-content\/uploads\/2022\/02\/WhatsApp-Image-2022-02-15-at-11.41.45-768x576.jpeg 768w\" sizes=\"(max-width: 654px) 100vw, 654px\" \/><\/a><\/p>\n<p style=\"font-weight: 400; text-align: justify;\"><u>\u00a0<strong>O projeto<\/strong><\/u><\/p>\n<p style=\"font-weight: 400; text-align: justify;\">Com dura\u00e7\u00e3o de 12 meses, o objetivo do projeto \u00e9\u00a0contribuir com a redu\u00e7\u00e3o da inseguran\u00e7a alimentar e nutricional, das\u00a0<span style=\"font-weight: 400;\">desigualdades sociais<\/span> e promover a sustentabilidade ambiental, oferecendo qualidade de vida para as fam\u00edlias de comunidades de baixa renda no territ\u00f3rio de SUAPE, num total de oito munic\u00edpios: Cabo de Santo Agostinho, Ipojuca, Escada, Moreno, Rio Formoso, Sirinha\u00e9m e Ribeir\u00e3o.<\/p>\n<p style=\"text-align: justify;\">A iniciativa visa a sensibiliza\u00e7\u00e3o para a ado\u00e7\u00e3o de pr\u00e1ticas agroecol\u00f3gicas de\u00a0produ\u00e7\u00e3o, ampliando a capacidade e fortalecendo os arranjos familiares produtivos voltados ao alto consumo, estimulando\u00a0a comercializa\u00e7\u00e3o solid\u00e1ria do excedente produzido. O projeto ser\u00e1 realizado em etapas como; identifica\u00e7\u00e3o, contato e sensibiliza\u00e7\u00e3o das fam\u00edlias; planejamento das a\u00e7\u00f5es , oficinas de capacita\u00e7\u00e3o t\u00e9cnica para a implanta\u00e7\u00e3o dos\u00a0quintais\u00a0produtivos; e implanta\u00e7\u00e3o dos 300\u00a0quintais\u00a0produtivos, o acompanhamento , e assist\u00eancia t\u00e9cnica aos arranjos familiares produtivos.<\/p>\n<p style=\"text-align: justify;\">Confira mais registros:<\/p>\n<p style=\"text-align: justify;\"><a href=\"http:\/\/www.caritasne2.org.br\/quintais-ecoprodutivos-caritas-brasileira-ne2-inicia-mobilizacoes-para-criacao-de-comites-municipais\/whatsapp-image-2022-02-10-at-07-58-08-2\/\" rel=\"attachment wp-att-9019\"><img decoding=\"async\" loading=\"lazy\" class=\"aligncenter wp-image-9019\" src=\"http:\/\/www.caritasne2.org.br\/wp-content\/uploads\/2022\/02\/WhatsApp-Image-2022-02-10-at-07.58.08-2.jpeg\" alt=\"\" width=\"687\" height=\"516\" srcset=\"https:\/\/www.caritasne2.org.br\/site\/wp-content\/uploads\/2022\/02\/WhatsApp-Image-2022-02-10-at-07.58.08-2.jpeg 1600w, https:\/\/www.caritasne2.org.br\/site\/wp-content\/uploads\/2022\/02\/WhatsApp-Image-2022-02-10-at-07.58.08-2-300x225.jpeg 300w, https:\/\/www.caritasne2.org.br\/site\/wp-content\/uploads\/2022\/02\/WhatsApp-Image-2022-02-10-at-07.58.08-2-768x576.jpeg 768w, https:\/\/www.caritasne2.org.br\/site\/wp-content\/uploads\/2022\/02\/WhatsApp-Image-2022-02-10-at-07.58.08-2-1024x768.jpeg 1024w\" sizes=\"(max-width: 687px) 100vw, 687px\" \/><\/a><\/p>\n<p style=\"text-align: justify;\"><a href=\"http:\/\/www.caritasne2.org.br\/quintais-ecoprodutivos-caritas-brasileira-ne2-inicia-mobilizacoes-para-criacao-de-comites-municipais\/whatsapp-image-2022-02-11-at-15-57-45-1\/\" rel=\"attachment wp-att-9020\"><img decoding=\"async\" loading=\"lazy\" class=\"aligncenter wp-image-9020\" src=\"http:\/\/www.caritasne2.org.br\/wp-content\/uploads\/2022\/02\/WhatsApp-Image-2022-02-11-at-15.57.45-1.jpeg\" alt=\"\" width=\"685\" height=\"514\" srcset=\"https:\/\/www.caritasne2.org.br\/site\/wp-content\/uploads\/2022\/02\/WhatsApp-Image-2022-02-11-at-15.57.45-1.jpeg 1600w, https:\/\/www.caritasne2.org.br\/site\/wp-content\/uploads\/2022\/02\/WhatsApp-Image-2022-02-11-at-15.57.45-1-300x225.jpeg 300w, https:\/\/www.caritasne2.org.br\/site\/wp-content\/uploads\/2022\/02\/WhatsApp-Image-2022-02-11-at-15.57.45-1-768x576.jpeg 768w, https:\/\/www.caritasne2.org.br\/site\/wp-content\/uploads\/2022\/02\/WhatsApp-Image-2022-02-11-at-15.57.45-1-1024x768.jpeg 1024w\" sizes=\"(max-width: 685px) 100vw, 685px\" \/><\/a><\/p>\n<p style=\"text-align: justify;\">\n<ul class=\"ssb_list_wrapper\"><li class=\"fb2\" style=\"width:135px\"><iframe src=\"\/\/www.facebook.com\/plugins\/like.php?href=https%3A%2F%2Fwww.caritasne2.org.br%2Fsite%2Fquintais-ecoprodutivos-caritas-brasileira-ne2-inicia-mobilizacoes-para-criacao-de-comites-municipais%2F&amp;layout=button_count&amp;action=like&amp;show_faces=false&amp;share=true&amp;width=135&amp;height=21&amp;appId=307091639398582\" scrolling=\"no\" frameborder=\"0\" style=\"border:none; overflow:hidden;  width:150px; height:21px;\" allowTransparency=\"true\"><\/iframe><\/li><li class=\"twtr\" style=\"width:90px\"><a href=\"https:\/\/twitter.com\/share\" class=\"twitter-share-button\" data-url=\"https:\/\/www.caritasne2.org.br\/site\/quintais-ecoprodutivos-caritas-brasileira-ne2-inicia-mobilizacoes-para-criacao-de-comites-municipais\/\">&nbsp;<\/a><script>!function(d,s,id){var js,fjs=d.getElementsByTagName(s)[0],p=\/^http:\/.test(d.location)?'http':'https';if(!d.getElementById(id)){js=d.createElement(s);js.id=id;js.src=p+':\/\/platform.twitter.com\/widgets.js';fjs.parentNode.insertBefore(js,fjs);}}(document, 'script', 'twitter-wjs');<\/script><\/li><li class=\"gplus\" style=\"width:68px\"><div class=\"g-plusone\" data-size=\"medium\" data-href=\"https:\/\/www.caritasne2.org.br\/site\/quintais-ecoprodutivos-caritas-brasileira-ne2-inicia-mobilizacoes-para-criacao-de-comites-municipais\/\"><\/div><\/li><li class=\"ssb_linkedin\" style=\"width:64px\"><script src=\"\/\/platform.linkedin.com\/in.js\" type=\"text\/javascript\">lang: en_US<\/script><script type=\"IN\/Share\" data-url=\"https:\/\/www.caritasne2.org.br\/site\/quintais-ecoprodutivos-caritas-brasileira-ne2-inicia-mobilizacoes-para-criacao-de-comites-municipais\/\" data-counter=\"right\"><\/script><\/li><\/ul>","protected":false},"excerpt":{"rendered":"<p>O projeto tem execu\u00e7\u00e3o da C\u00e1ritas Brasiliera \u00a0NE2, \u00a0realiza\u00e7\u00e3o do \u00a0Complexo Portu\u00e1rio Industrial de Suape,\u00a0 e\u00a0 visa implementar 300\u00a0quintais\u00a0ecoprodutivos para fam\u00edlias em oito munic\u00edpios No in\u00edcio do m\u00eas de fevereiro \u00a0a C\u00e1ritas Brasileira NE2 visando o estabelecimento de parceria com as prefeituras e secretarias municipais de Escada, Ipojuca, Sirinha\u00e9m e Cabo de Santo Agostinho, parte dos oito munic\u00edpios contemplados pelo Projeto\u00a0Quintais\u00a0Ecoprodutivos, na pessoa da secret\u00e1ria [&hellip;]<\/p>\n<ul class=\"ssb_list_wrapper\"><li class=\"fb2\" style=\"width:135px\"><iframe src=\"\/\/www.facebook.com\/plugins\/like.php?href=https%3A%2F%2Fwww.caritasne2.org.br%2Fsite%2Fquintais-ecoprodutivos-caritas-brasileira-ne2-inicia-mobilizacoes-para-criacao-de-comites-municipais%2F&amp;layout=button_count&amp;action=like&amp;show_faces=false&amp;share=true&amp;width=135&amp;height=21&amp;appId=307091639398582\" scrolling=\"no\" frameborder=\"0\" style=\"border:none; overflow:hidden;  width:150px; height:21px;\" allowTransparency=\"true\"><\/iframe><\/li><li class=\"twtr\" style=\"width:90px\"><a href=\"https:\/\/twitter.com\/share\" class=\"twitter-share-button\" data-url=\"https:\/\/www.caritasne2.org.br\/site\/quintais-ecoprodutivos-caritas-brasileira-ne2-inicia-mobilizacoes-para-criacao-de-comites-municipais\/\">&nbsp;<\/a><script>!function(d,s,id){var js,fjs=d.getElementsByTagName(s)[0],p=\/^http:\/.test(d.location)?'http':'https';if(!d.getElementById(id)){js=d.createElement(s);js.id=id;js.src=p+':\/\/platform.twitter.com\/widgets.js';fjs.parentNode.insertBefore(js,fjs);}}(document, 'script', 'twitter-wjs');<\/script><\/li><li class=\"gplus\" style=\"width:68px\"><div class=\"g-plusone\" data-size=\"medium\" data-href=\"https:\/\/www.caritasne2.org.br\/site\/quintais-ecoprodutivos-caritas-brasileira-ne2-inicia-mobilizacoes-para-criacao-de-comites-municipais\/\"><\/div><\/li><li class=\"ssb_linkedin\" style=\"width:64px\"><script src=\"\/\/platform.linkedin.com\/in.js\" type=\"text\/javascript\">lang: en_US<\/script><script type=\"IN\/Share\" data-url=\"https:\/\/www.caritasne2.org.br\/site\/quintais-ecoprodutivos-caritas-brasileira-ne2-inicia-mobilizacoes-para-criacao-de-comites-municipais\/\" data-counter=\"right\"><\/script><\/li><\/ul>","protected":false},"author":4,"featured_media":9021,"comment_status":"open","ping_status":"open","sticky":false,"template":"","format":"standard","meta":[],"categories":[21,20],"tags":[],"_links":{"self":[{"href":"https:\/\/www.caritasne2.org.br\/site\/wp-json\/wp\/v2\/posts\/9013"}],"collection":[{"href":"https:\/\/www.caritasne2.org.br\/site\/wp-json\/wp\/v2\/posts"}],"about":[{"href":"https:\/\/www.caritasne2.org.br\/site\/wp-json\/wp\/v2\/types\/post"}],"author":[{"embeddable":true,"href":"https:\/\/www.caritasne2.org.br\/site\/wp-json\/wp\/v2\/users\/4"}],"replies":[{"embeddable":true,"href":"https:\/\/www.caritasne2.org.br\/site\/wp-json\/wp\/v2\/comments?post=9013"}],"version-history":[{"count":0,"href":"https:\/\/www.caritasne2.org.br\/site\/wp-json\/wp\/v2\/posts\/9013\/revisions"}],"wp:featuredmedia":[{"embeddable":true,"href":"https:\/\/www.caritasne2.org.br\/site\/wp-json\/wp\/v2\/media\/9021"}],"wp:attachment":[{"href":"https:\/\/www.caritasne2.org.br\/site\/wp-json\/wp\/v2\/media?parent=9013"}],"wp:term":[{"taxonomy":"category","embeddable":true,"href":"https:\/\/www.caritasne2.org.br\/site\/wp-json\/wp\/v2\/categories?post=9013"},{"taxonomy":"post_tag","embeddable":true,"href":"https:\/\/www.caritasne2.org.br\/site\/wp-json\/wp\/v2\/tags?post=9013"}],"curies":[{"name":"wp","href":"https:\/\/api.w.org\/{rel}","templated":true}]}}