{"id":8999,"date":"2022-02-12T12:29:56","date_gmt":"2022-02-12T15:29:56","guid":{"rendered":"http:\/\/www.caritasne2.org.br\/?p=8999"},"modified":"2022-02-12T12:35:41","modified_gmt":"2022-02-12T15:35:41","slug":"caritas-regional-ne2-realiza-integracao-de-agentes-de-desenvolvimento-local-para-execucao-de-projeto-em-parceria-com-misereor","status":"publish","type":"post","link":"https:\/\/www.caritasne2.org.br\/site\/caritas-regional-ne2-realiza-integracao-de-agentes-de-desenvolvimento-local-para-execucao-de-projeto-em-parceria-com-misereor\/","title":{"rendered":"C\u00e1ritas Regional NE2 realiza integra\u00e7\u00e3o de Agentes de Desenvolvimento Local para execu\u00e7\u00e3o de projeto em parceria com Misereor"},"content":{"rendered":"<p style=\"text-align: center;\"><em>Os oito agentes atuar\u00e3o no territ\u00f3rio assessorado pela CBNE2 (Pernambuco, Para\u00edba, Rio Grande do Norte e Alagoas), acompanhando o trabalho de monitoria das Unidades Demonstrativas Territoriais \u2013 UDTs<\/em><\/p>\n<p style=\"text-align: justify;\">Visando a retomada do acompanhamento de forma segura e qualificada das Unidades Demonstrativas Territoriais \u2013 UDTs, em seu territ\u00f3rio de abrang\u00eancia, Pernambuco, Para\u00edba, Alagoas e Rio Grande do Norte, a C\u00e1ritas Regional NE2 em parceria com a Institui\u00e7\u00e3o cat\u00f3lica alem\u00e3, Misereor, realizaram a integra\u00e7\u00e3o de sete agentes de desenvolvimento local (ADL), e um assessor t\u00e9cnico no per\u00edodo de 09 a 11 de fevereiro, em Aldeia, Camaragibe.<\/p>\n<p style=\"text-align: justify;\">O objetivo do momento foi receber a nova equipe, a fim de apresentar a miss\u00e3o, princ\u00edpios e valores da institui\u00e7\u00e3o, o perfil do Agente C\u00e1ritas e as normativas e pol\u00edticas da institui\u00e7\u00e3o, assim como, realizar forma\u00e7\u00f5es na \u00e1rea de comunica\u00e7\u00e3o, e administrativa e financeira, que ir\u00e3o auxiliar no dia a dia de trabalho e fluxo de demandas.<\/p>\n<p style=\"text-align: justify;\">Os agentes seguem para atividade em campo, onde far\u00e3o de forma presencial, com os devidos cuidados e prote\u00e7\u00e3o contra a pandemia da Covid19, o acompanhamento das fam\u00edlias beneficiadas com as tecnologias sociais (UDTs).<\/p>\n<p style=\"text-align: justify;\">A integra\u00e7\u00e3o contou com a presen\u00e7a dos articuladores pedag\u00f3gicos estaduais, Ev\u00e2nia Rodrigues (RN), Jos\u00e9 Wellington (PB) e Maria Aparecida Mafra (AL); da representante da comiss\u00e3o colegiada e coordena\u00e7\u00e3o do projeto, Bruna Suianne; do gerente do setor administrativo e financeiro, Eduardo Pacheco, e da assessora de comunica\u00e7\u00e3o, Isabel Nascimento.<\/p>\n<p style=\"text-align: justify;\"><a href=\"http:\/\/www.caritasne2.org.br\/caritas-regional-ne2-realiza-integracao-de-agentes-de-desenvolvimento-local-para-execucao-de-projeto-em-parceria-com-misereor\/whatsapp-image-2022-02-11-at-10-26-27\/\" rel=\"attachment wp-att-9001\"><img decoding=\"async\" loading=\"lazy\" class=\"aligncenter wp-image-9001\" src=\"http:\/\/www.caritasne2.org.br\/wp-content\/uploads\/2022\/02\/WhatsApp-Image-2022-02-11-at-10.26.27.jpeg\" alt=\"\" width=\"668\" height=\"502\" srcset=\"https:\/\/www.caritasne2.org.br\/site\/wp-content\/uploads\/2022\/02\/WhatsApp-Image-2022-02-11-at-10.26.27.jpeg 1024w, https:\/\/www.caritasne2.org.br\/site\/wp-content\/uploads\/2022\/02\/WhatsApp-Image-2022-02-11-at-10.26.27-300x225.jpeg 300w, https:\/\/www.caritasne2.org.br\/site\/wp-content\/uploads\/2022\/02\/WhatsApp-Image-2022-02-11-at-10.26.27-768x576.jpeg 768w\" sizes=\"(max-width: 668px) 100vw, 668px\" \/><\/a><\/p>\n<p style=\"text-align: justify;\"><a href=\"http:\/\/www.caritasne2.org.br\/caritas-regional-ne2-realiza-integracao-de-agentes-de-desenvolvimento-local-para-execucao-de-projeto-em-parceria-com-misereor\/whatsapp-image-2022-02-11-at-10-23-20-1\/\" rel=\"attachment wp-att-9002\"><img decoding=\"async\" loading=\"lazy\" class=\"aligncenter wp-image-9002\" src=\"http:\/\/www.caritasne2.org.br\/wp-content\/uploads\/2022\/02\/WhatsApp-Image-2022-02-11-at-10.23.20-1.jpeg\" alt=\"\" width=\"674\" height=\"504\" srcset=\"https:\/\/www.caritasne2.org.br\/site\/wp-content\/uploads\/2022\/02\/WhatsApp-Image-2022-02-11-at-10.23.20-1.jpeg 1280w, https:\/\/www.caritasne2.org.br\/site\/wp-content\/uploads\/2022\/02\/WhatsApp-Image-2022-02-11-at-10.23.20-1-300x225.jpeg 300w, https:\/\/www.caritasne2.org.br\/site\/wp-content\/uploads\/2022\/02\/WhatsApp-Image-2022-02-11-at-10.23.20-1-768x575.jpeg 768w, https:\/\/www.caritasne2.org.br\/site\/wp-content\/uploads\/2022\/02\/WhatsApp-Image-2022-02-11-at-10.23.20-1-1024x766.jpeg 1024w\" sizes=\"(max-width: 674px) 100vw, 674px\" \/><\/a><\/p>\n<p style=\"text-align: justify;\"><strong>O projeto<\/strong><\/p>\n<p style=\"text-align: justify;\">O Projeto Promo\u00e7\u00e3o e Defesa de Direitos na perspectiva da constru\u00e7\u00e3o de sociedades do Bem Viver tem executado, nos estados de Alagoas, Para\u00edba, Pernambuco e Rio Grande do Norte, a\u00e7\u00f5es ligadas ao desenvolvimento de m\u00e9todos agr\u00edcolas sustent\u00e1veis, atrav\u00e9s da implementa\u00e7\u00e3o das Unidades Demonstrativas Territoriais (UDTs). Essas unidades t\u00eam como objetivo o fortalecimento das experi\u00eancias comunit\u00e1rias em torno da produ\u00e7\u00e3o agroecol\u00f3gica, da conviv\u00eancia com o semi\u00e1rido e da seguran\u00e7a alimentar e nutricional, constando em sua implementa\u00e7\u00e3o de tr\u00eas tecnologias sociais: um biodigestor familiar, um canteiro econ\u00f4mico e um de casal de animas de pequeno porte.<\/p>\n<p style=\"text-align: justify;\">Confira mais alguns registros:<\/p>\n<p style=\"text-align: justify;\"><a href=\"http:\/\/www.caritasne2.org.br\/caritas-regional-ne2-realiza-integracao-de-agentes-de-desenvolvimento-local-para-execucao-de-projeto-em-parceria-com-misereor\/whatsapp-image-2022-02-11-at-10-23-20-3\/\" rel=\"attachment wp-att-9004\"><img decoding=\"async\" loading=\"lazy\" class=\"aligncenter wp-image-9004\" src=\"http:\/\/www.caritasne2.org.br\/wp-content\/uploads\/2022\/02\/WhatsApp-Image-2022-02-11-at-10.23.20-3.jpeg\" alt=\"\" width=\"660\" height=\"494\" srcset=\"https:\/\/www.caritasne2.org.br\/site\/wp-content\/uploads\/2022\/02\/WhatsApp-Image-2022-02-11-at-10.23.20-3.jpeg 1280w, https:\/\/www.caritasne2.org.br\/site\/wp-content\/uploads\/2022\/02\/WhatsApp-Image-2022-02-11-at-10.23.20-3-300x225.jpeg 300w, https:\/\/www.caritasne2.org.br\/site\/wp-content\/uploads\/2022\/02\/WhatsApp-Image-2022-02-11-at-10.23.20-3-768x575.jpeg 768w, https:\/\/www.caritasne2.org.br\/site\/wp-content\/uploads\/2022\/02\/WhatsApp-Image-2022-02-11-at-10.23.20-3-1024x766.jpeg 1024w\" sizes=\"(max-width: 660px) 100vw, 660px\" \/><\/a><\/p>\n<p style=\"text-align: justify;\"><a href=\"http:\/\/www.caritasne2.org.br\/caritas-regional-ne2-realiza-integracao-de-agentes-de-desenvolvimento-local-para-execucao-de-projeto-em-parceria-com-misereor\/whatsapp-image-2022-02-11-at-10-23-19-1\/\" rel=\"attachment wp-att-9005\"><img decoding=\"async\" loading=\"lazy\" class=\"aligncenter wp-image-9005\" src=\"http:\/\/www.caritasne2.org.br\/wp-content\/uploads\/2022\/02\/WhatsApp-Image-2022-02-11-at-10.23.19-1.jpeg\" alt=\"\" width=\"661\" height=\"495\" srcset=\"https:\/\/www.caritasne2.org.br\/site\/wp-content\/uploads\/2022\/02\/WhatsApp-Image-2022-02-11-at-10.23.19-1.jpeg 1280w, https:\/\/www.caritasne2.org.br\/site\/wp-content\/uploads\/2022\/02\/WhatsApp-Image-2022-02-11-at-10.23.19-1-300x225.jpeg 300w, https:\/\/www.caritasne2.org.br\/site\/wp-content\/uploads\/2022\/02\/WhatsApp-Image-2022-02-11-at-10.23.19-1-768x575.jpeg 768w, https:\/\/www.caritasne2.org.br\/site\/wp-content\/uploads\/2022\/02\/WhatsApp-Image-2022-02-11-at-10.23.19-1-1024x766.jpeg 1024w\" sizes=\"(max-width: 661px) 100vw, 661px\" \/><\/a><\/p>\n<ul class=\"ssb_list_wrapper\"><li class=\"fb2\" style=\"width:135px\"><iframe src=\"\/\/www.facebook.com\/plugins\/like.php?href=https%3A%2F%2Fwww.caritasne2.org.br%2Fsite%2Fcaritas-regional-ne2-realiza-integracao-de-agentes-de-desenvolvimento-local-para-execucao-de-projeto-em-parceria-com-misereor%2F&amp;layout=button_count&amp;action=like&amp;show_faces=false&amp;share=true&amp;width=135&amp;height=21&amp;appId=307091639398582\" scrolling=\"no\" frameborder=\"0\" style=\"border:none; overflow:hidden;  width:150px; height:21px;\" allowTransparency=\"true\"><\/iframe><\/li><li class=\"twtr\" style=\"width:90px\"><a href=\"https:\/\/twitter.com\/share\" class=\"twitter-share-button\" data-url=\"https:\/\/www.caritasne2.org.br\/site\/caritas-regional-ne2-realiza-integracao-de-agentes-de-desenvolvimento-local-para-execucao-de-projeto-em-parceria-com-misereor\/\">&nbsp;<\/a><script>!function(d,s,id){var js,fjs=d.getElementsByTagName(s)[0],p=\/^http:\/.test(d.location)?'http':'https';if(!d.getElementById(id)){js=d.createElement(s);js.id=id;js.src=p+':\/\/platform.twitter.com\/widgets.js';fjs.parentNode.insertBefore(js,fjs);}}(document, 'script', 'twitter-wjs');<\/script><\/li><li class=\"gplus\" style=\"width:68px\"><div class=\"g-plusone\" data-size=\"medium\" data-href=\"https:\/\/www.caritasne2.org.br\/site\/caritas-regional-ne2-realiza-integracao-de-agentes-de-desenvolvimento-local-para-execucao-de-projeto-em-parceria-com-misereor\/\"><\/div><\/li><li class=\"ssb_linkedin\" style=\"width:64px\"><script src=\"\/\/platform.linkedin.com\/in.js\" type=\"text\/javascript\">lang: en_US<\/script><script type=\"IN\/Share\" data-url=\"https:\/\/www.caritasne2.org.br\/site\/caritas-regional-ne2-realiza-integracao-de-agentes-de-desenvolvimento-local-para-execucao-de-projeto-em-parceria-com-misereor\/\" data-counter=\"right\"><\/script><\/li><\/ul>","protected":false},"excerpt":{"rendered":"<p>Os oito agentes atuar\u00e3o no territ\u00f3rio assessorado pela CBNE2 (Pernambuco, Para\u00edba, Rio Grande do Norte e Alagoas), acompanhando o trabalho de monitoria das Unidades Demonstrativas Territoriais \u2013 UDTs Visando a retomada do acompanhamento de forma segura e qualificada das Unidades Demonstrativas Territoriais \u2013 UDTs, em seu territ\u00f3rio de abrang\u00eancia, Pernambuco, Para\u00edba, Alagoas e Rio Grande do Norte, a C\u00e1ritas Regional NE2 em parceria com a [&hellip;]<\/p>\n<ul class=\"ssb_list_wrapper\"><li class=\"fb2\" style=\"width:135px\"><iframe src=\"\/\/www.facebook.com\/plugins\/like.php?href=https%3A%2F%2Fwww.caritasne2.org.br%2Fsite%2Fcaritas-regional-ne2-realiza-integracao-de-agentes-de-desenvolvimento-local-para-execucao-de-projeto-em-parceria-com-misereor%2F&amp;layout=button_count&amp;action=like&amp;show_faces=false&amp;share=true&amp;width=135&amp;height=21&amp;appId=307091639398582\" scrolling=\"no\" frameborder=\"0\" style=\"border:none; overflow:hidden;  width:150px; height:21px;\" allowTransparency=\"true\"><\/iframe><\/li><li class=\"twtr\" style=\"width:90px\"><a href=\"https:\/\/twitter.com\/share\" class=\"twitter-share-button\" data-url=\"https:\/\/www.caritasne2.org.br\/site\/caritas-regional-ne2-realiza-integracao-de-agentes-de-desenvolvimento-local-para-execucao-de-projeto-em-parceria-com-misereor\/\">&nbsp;<\/a><script>!function(d,s,id){var js,fjs=d.getElementsByTagName(s)[0],p=\/^http:\/.test(d.location)?'http':'https';if(!d.getElementById(id)){js=d.createElement(s);js.id=id;js.src=p+':\/\/platform.twitter.com\/widgets.js';fjs.parentNode.insertBefore(js,fjs);}}(document, 'script', 'twitter-wjs');<\/script><\/li><li class=\"gplus\" style=\"width:68px\"><div class=\"g-plusone\" data-size=\"medium\" data-href=\"https:\/\/www.caritasne2.org.br\/site\/caritas-regional-ne2-realiza-integracao-de-agentes-de-desenvolvimento-local-para-execucao-de-projeto-em-parceria-com-misereor\/\"><\/div><\/li><li class=\"ssb_linkedin\" style=\"width:64px\"><script src=\"\/\/platform.linkedin.com\/in.js\" type=\"text\/javascript\">lang: en_US<\/script><script type=\"IN\/Share\" data-url=\"https:\/\/www.caritasne2.org.br\/site\/caritas-regional-ne2-realiza-integracao-de-agentes-de-desenvolvimento-local-para-execucao-de-projeto-em-parceria-com-misereor\/\" data-counter=\"right\"><\/script><\/li><\/ul>","protected":false},"author":4,"featured_media":9000,"comment_status":"open","ping_status":"open","sticky":false,"template":"","format":"standard","meta":[],"categories":[21,20],"tags":[],"_links":{"self":[{"href":"https:\/\/www.caritasne2.org.br\/site\/wp-json\/wp\/v2\/posts\/8999"}],"collection":[{"href":"https:\/\/www.caritasne2.org.br\/site\/wp-json\/wp\/v2\/posts"}],"about":[{"href":"https:\/\/www.caritasne2.org.br\/site\/wp-json\/wp\/v2\/types\/post"}],"author":[{"embeddable":true,"href":"https:\/\/www.caritasne2.org.br\/site\/wp-json\/wp\/v2\/users\/4"}],"replies":[{"embeddable":true,"href":"https:\/\/www.caritasne2.org.br\/site\/wp-json\/wp\/v2\/comments?post=8999"}],"version-history":[{"count":0,"href":"https:\/\/www.caritasne2.org.br\/site\/wp-json\/wp\/v2\/posts\/8999\/revisions"}],"wp:featuredmedia":[{"embeddable":true,"href":"https:\/\/www.caritasne2.org.br\/site\/wp-json\/wp\/v2\/media\/9000"}],"wp:attachment":[{"href":"https:\/\/www.caritasne2.org.br\/site\/wp-json\/wp\/v2\/media?parent=8999"}],"wp:term":[{"taxonomy":"category","embeddable":true,"href":"https:\/\/www.caritasne2.org.br\/site\/wp-json\/wp\/v2\/categories?post=8999"},{"taxonomy":"post_tag","embeddable":true,"href":"https:\/\/www.caritasne2.org.br\/site\/wp-json\/wp\/v2\/tags?post=8999"}],"curies":[{"name":"wp","href":"https:\/\/api.w.org\/{rel}","templated":true}]}}