{"id":8981,"date":"2022-02-09T10:50:31","date_gmt":"2022-02-09T13:50:31","guid":{"rendered":"http:\/\/www.caritasne2.org.br\/?p=8981"},"modified":"2022-02-09T12:09:33","modified_gmt":"2022-02-09T15:09:33","slug":"caritas-arquidiocesana-de-maceio-promove-formacoes-para-constituicao-da-primeira-caritas-paroquial","status":"publish","type":"post","link":"https:\/\/www.caritasne2.org.br\/site\/caritas-arquidiocesana-de-maceio-promove-formacoes-para-constituicao-da-primeira-caritas-paroquial\/","title":{"rendered":"C\u00e1ritas Arquidiocesana de Macei\u00f3 promove forma\u00e7\u00f5es para constitui\u00e7\u00e3o da primeira C\u00e1ritas Paroquial"},"content":{"rendered":"<p style=\"text-align: center;\">A mobiliza\u00e7\u00e3o vem acontecendo desde 2020 com o advento da pandemia, e tem mobilizado a comunidade cat\u00f3lica da Par\u00f3quia S\u00e3o Jo\u00e3o Batista, no bairro de Santa Isabel<\/p>\n<p style=\"text-align: justify;\">A C\u00e1ritas Paroquial \u00e9 um instrumento de pastoral social da comunidade eclesial para articular e animar a pr\u00e1tica da partilha e da solidariedade dos crist\u00e3os. Com o longo per\u00edodo de enfrentamento da pandemia do novo Coronav\u00edrus, a solidariedade torna-se cada vez mais presente.<\/p>\n<p style=\"text-align: justify;\">Em 2020, a C\u00e1ritas Arquidiocesana de Macei\u00f3 promoveu diversas iniciativas junto ao clero e volunt\u00e1rios (as) com o objetivo de proporcionar assist\u00eancia \u00e0s fam\u00edlias e pessoas em situa\u00e7\u00e3o de vulnerabilidade social.<\/p>\n<p style=\"text-align: justify;\">Dentre as a\u00e7\u00f5es , a Par\u00f3quia S\u00e3o Jo\u00e3o Batista e Santa Isabel, do bairro de Ch\u00e3 da Jaqueira, em parceria com o p\u00e1roco Jean Carlos e demais volunt\u00e1rios(as), como Ros\u00e1rio de F\u00e1tima, come\u00e7aram uma conversa sobre a poss\u00edvel implementa\u00e7\u00e3o de uma C\u00e1ritas Paroquial principalmente pelas a\u00e7\u00f5es promovidas com a assessoria da C\u00e1ritas Regional NE2 e parceiros, em que a par\u00f3quia abra\u00e7ou durante o per\u00edodo pand\u00eamico como a A\u00e7\u00e3o Emergencial em parceria com Adveniat; a a\u00e7\u00e3o em parceria com o Programa Mundial de Alimentos (PMA), entre outros.<\/p>\n<p><a href=\"http:\/\/www.caritasne2.org.br\/caritas-arquidiocesana-de-maceio-promove-formacoes-para-constituicao-da-primeira-caritas-paroquial\/whatsapp-image-2022-02-08-at-17-03-47\/\" rel=\"attachment wp-att-8983\"><img decoding=\"async\" loading=\"lazy\" class=\"aligncenter wp-image-8983\" src=\"http:\/\/www.caritasne2.org.br\/wp-content\/uploads\/2022\/02\/WhatsApp-Image-2022-02-08-at-17.03.47.jpeg\" alt=\"\" width=\"684\" height=\"913\" srcset=\"https:\/\/www.caritasne2.org.br\/site\/wp-content\/uploads\/2022\/02\/WhatsApp-Image-2022-02-08-at-17.03.47.jpeg 1200w, https:\/\/www.caritasne2.org.br\/site\/wp-content\/uploads\/2022\/02\/WhatsApp-Image-2022-02-08-at-17.03.47-225x300.jpeg 225w, https:\/\/www.caritasne2.org.br\/site\/wp-content\/uploads\/2022\/02\/WhatsApp-Image-2022-02-08-at-17.03.47-768x1024.jpeg 768w\" sizes=\"(max-width: 684px) 100vw, 684px\" \/><\/a><\/p>\n<p><a href=\"http:\/\/www.caritasne2.org.br\/caritas-arquidiocesana-de-maceio-promove-formacoes-para-constituicao-da-primeira-caritas-paroquial\/whatsapp-image-2022-02-08-at-17-03-46\/\" rel=\"attachment wp-att-8984\"><img decoding=\"async\" loading=\"lazy\" class=\"aligncenter wp-image-8984\" src=\"http:\/\/www.caritasne2.org.br\/wp-content\/uploads\/2022\/02\/WhatsApp-Image-2022-02-08-at-17.03.46.jpeg\" alt=\"\" width=\"684\" height=\"514\" srcset=\"https:\/\/www.caritasne2.org.br\/site\/wp-content\/uploads\/2022\/02\/WhatsApp-Image-2022-02-08-at-17.03.46.jpeg 1280w, https:\/\/www.caritasne2.org.br\/site\/wp-content\/uploads\/2022\/02\/WhatsApp-Image-2022-02-08-at-17.03.46-300x225.jpeg 300w, https:\/\/www.caritasne2.org.br\/site\/wp-content\/uploads\/2022\/02\/WhatsApp-Image-2022-02-08-at-17.03.46-768x576.jpeg 768w, https:\/\/www.caritasne2.org.br\/site\/wp-content\/uploads\/2022\/02\/WhatsApp-Image-2022-02-08-at-17.03.46-1024x768.jpeg 1024w\" sizes=\"(max-width: 684px) 100vw, 684px\" \/><\/a><\/p>\n<p><strong>Forma\u00e7\u00e3o institucional<\/strong><\/p>\n<p style=\"text-align: justify;\">Motivados com este sentimento e inspirados pelo fundador e patrono da C\u00e1ritas, Dom H\u00e9lder Camara , a primeira forma\u00e7\u00e3o de C\u00e1ritas Paroquial aconteceu neste domingo, 06, em que foi apresentado a hist\u00f3ria da C\u00e1ritas, sua Miss\u00e3o, princ\u00edpios e valores. Os momentos formativos continuar\u00e3o por dois meses, at\u00e9 que a par\u00f3quia e comunidade eclesial possam definir sua miss\u00e3o e a\u00e7\u00f5es como C\u00e1ritas Paroquial.<\/p>\n<p><a href=\"http:\/\/www.caritasne2.org.br\/caritas-arquidiocesana-de-maceio-promove-formacoes-para-constituicao-da-primeira-caritas-paroquial\/whatsapp-image-2022-02-08-at-17-03-45\/\" rel=\"attachment wp-att-8986\"><img decoding=\"async\" loading=\"lazy\" class=\"aligncenter wp-image-8986\" src=\"http:\/\/www.caritasne2.org.br\/wp-content\/uploads\/2022\/02\/WhatsApp-Image-2022-02-08-at-17.03.45.jpeg\" alt=\"\" width=\"683\" height=\"513\" srcset=\"https:\/\/www.caritasne2.org.br\/site\/wp-content\/uploads\/2022\/02\/WhatsApp-Image-2022-02-08-at-17.03.45.jpeg 1280w, https:\/\/www.caritasne2.org.br\/site\/wp-content\/uploads\/2022\/02\/WhatsApp-Image-2022-02-08-at-17.03.45-300x225.jpeg 300w, https:\/\/www.caritasne2.org.br\/site\/wp-content\/uploads\/2022\/02\/WhatsApp-Image-2022-02-08-at-17.03.45-768x576.jpeg 768w, https:\/\/www.caritasne2.org.br\/site\/wp-content\/uploads\/2022\/02\/WhatsApp-Image-2022-02-08-at-17.03.45-1024x768.jpeg 1024w\" sizes=\"(max-width: 683px) 100vw, 683px\" \/><\/a><\/p>\n<ul class=\"ssb_list_wrapper\"><li class=\"fb2\" style=\"width:135px\"><iframe src=\"\/\/www.facebook.com\/plugins\/like.php?href=https%3A%2F%2Fwww.caritasne2.org.br%2Fsite%2Fcaritas-arquidiocesana-de-maceio-promove-formacoes-para-constituicao-da-primeira-caritas-paroquial%2F&amp;layout=button_count&amp;action=like&amp;show_faces=false&amp;share=true&amp;width=135&amp;height=21&amp;appId=307091639398582\" scrolling=\"no\" frameborder=\"0\" style=\"border:none; overflow:hidden;  width:150px; height:21px;\" allowTransparency=\"true\"><\/iframe><\/li><li class=\"twtr\" style=\"width:90px\"><a href=\"https:\/\/twitter.com\/share\" class=\"twitter-share-button\" data-url=\"https:\/\/www.caritasne2.org.br\/site\/caritas-arquidiocesana-de-maceio-promove-formacoes-para-constituicao-da-primeira-caritas-paroquial\/\">&nbsp;<\/a><script>!function(d,s,id){var js,fjs=d.getElementsByTagName(s)[0],p=\/^http:\/.test(d.location)?'http':'https';if(!d.getElementById(id)){js=d.createElement(s);js.id=id;js.src=p+':\/\/platform.twitter.com\/widgets.js';fjs.parentNode.insertBefore(js,fjs);}}(document, 'script', 'twitter-wjs');<\/script><\/li><li class=\"gplus\" style=\"width:68px\"><div class=\"g-plusone\" data-size=\"medium\" data-href=\"https:\/\/www.caritasne2.org.br\/site\/caritas-arquidiocesana-de-maceio-promove-formacoes-para-constituicao-da-primeira-caritas-paroquial\/\"><\/div><\/li><li class=\"ssb_linkedin\" style=\"width:64px\"><script src=\"\/\/platform.linkedin.com\/in.js\" type=\"text\/javascript\">lang: en_US<\/script><script type=\"IN\/Share\" data-url=\"https:\/\/www.caritasne2.org.br\/site\/caritas-arquidiocesana-de-maceio-promove-formacoes-para-constituicao-da-primeira-caritas-paroquial\/\" data-counter=\"right\"><\/script><\/li><\/ul>","protected":false},"excerpt":{"rendered":"<p>A mobiliza\u00e7\u00e3o vem acontecendo desde 2020 com o advento da pandemia, e tem mobilizado a comunidade cat\u00f3lica da Par\u00f3quia S\u00e3o Jo\u00e3o Batista, no bairro de Santa Isabel A C\u00e1ritas Paroquial \u00e9 um instrumento de pastoral social da comunidade eclesial para articular e animar a pr\u00e1tica da partilha e da solidariedade dos crist\u00e3os. Com o longo per\u00edodo de enfrentamento da pandemia do novo Coronav\u00edrus, a solidariedade [&hellip;]<\/p>\n<ul class=\"ssb_list_wrapper\"><li class=\"fb2\" style=\"width:135px\"><iframe src=\"\/\/www.facebook.com\/plugins\/like.php?href=https%3A%2F%2Fwww.caritasne2.org.br%2Fsite%2Fcaritas-arquidiocesana-de-maceio-promove-formacoes-para-constituicao-da-primeira-caritas-paroquial%2F&amp;layout=button_count&amp;action=like&amp;show_faces=false&amp;share=true&amp;width=135&amp;height=21&amp;appId=307091639398582\" scrolling=\"no\" frameborder=\"0\" style=\"border:none; overflow:hidden;  width:150px; height:21px;\" allowTransparency=\"true\"><\/iframe><\/li><li class=\"twtr\" style=\"width:90px\"><a href=\"https:\/\/twitter.com\/share\" class=\"twitter-share-button\" data-url=\"https:\/\/www.caritasne2.org.br\/site\/caritas-arquidiocesana-de-maceio-promove-formacoes-para-constituicao-da-primeira-caritas-paroquial\/\">&nbsp;<\/a><script>!function(d,s,id){var js,fjs=d.getElementsByTagName(s)[0],p=\/^http:\/.test(d.location)?'http':'https';if(!d.getElementById(id)){js=d.createElement(s);js.id=id;js.src=p+':\/\/platform.twitter.com\/widgets.js';fjs.parentNode.insertBefore(js,fjs);}}(document, 'script', 'twitter-wjs');<\/script><\/li><li class=\"gplus\" style=\"width:68px\"><div class=\"g-plusone\" data-size=\"medium\" data-href=\"https:\/\/www.caritasne2.org.br\/site\/caritas-arquidiocesana-de-maceio-promove-formacoes-para-constituicao-da-primeira-caritas-paroquial\/\"><\/div><\/li><li class=\"ssb_linkedin\" style=\"width:64px\"><script src=\"\/\/platform.linkedin.com\/in.js\" type=\"text\/javascript\">lang: en_US<\/script><script type=\"IN\/Share\" data-url=\"https:\/\/www.caritasne2.org.br\/site\/caritas-arquidiocesana-de-maceio-promove-formacoes-para-constituicao-da-primeira-caritas-paroquial\/\" data-counter=\"right\"><\/script><\/li><\/ul>","protected":false},"author":4,"featured_media":8982,"comment_status":"open","ping_status":"open","sticky":false,"template":"","format":"standard","meta":[],"categories":[21,20],"tags":[],"_links":{"self":[{"href":"https:\/\/www.caritasne2.org.br\/site\/wp-json\/wp\/v2\/posts\/8981"}],"collection":[{"href":"https:\/\/www.caritasne2.org.br\/site\/wp-json\/wp\/v2\/posts"}],"about":[{"href":"https:\/\/www.caritasne2.org.br\/site\/wp-json\/wp\/v2\/types\/post"}],"author":[{"embeddable":true,"href":"https:\/\/www.caritasne2.org.br\/site\/wp-json\/wp\/v2\/users\/4"}],"replies":[{"embeddable":true,"href":"https:\/\/www.caritasne2.org.br\/site\/wp-json\/wp\/v2\/comments?post=8981"}],"version-history":[{"count":0,"href":"https:\/\/www.caritasne2.org.br\/site\/wp-json\/wp\/v2\/posts\/8981\/revisions"}],"wp:featuredmedia":[{"embeddable":true,"href":"https:\/\/www.caritasne2.org.br\/site\/wp-json\/wp\/v2\/media\/8982"}],"wp:attachment":[{"href":"https:\/\/www.caritasne2.org.br\/site\/wp-json\/wp\/v2\/media?parent=8981"}],"wp:term":[{"taxonomy":"category","embeddable":true,"href":"https:\/\/www.caritasne2.org.br\/site\/wp-json\/wp\/v2\/categories?post=8981"},{"taxonomy":"post_tag","embeddable":true,"href":"https:\/\/www.caritasne2.org.br\/site\/wp-json\/wp\/v2\/tags?post=8981"}],"curies":[{"name":"wp","href":"https:\/\/api.w.org\/{rel}","templated":true}]}}