{"id":8969,"date":"2022-02-03T17:24:10","date_gmt":"2022-02-03T20:24:10","guid":{"rendered":"http:\/\/www.caritasne2.org.br\/?p=8969"},"modified":"2022-02-03T17:24:12","modified_gmt":"2022-02-03T20:24:12","slug":"25-migrantes-venezuelanos-participam-de-oficina-gratuita-de-confeitaria-e-massas","status":"publish","type":"post","link":"https:\/\/www.caritasne2.org.br\/site\/25-migrantes-venezuelanos-participam-de-oficina-gratuita-de-confeitaria-e-massas\/","title":{"rendered":"25 migrantes venezuelanos participam de oficina gratuita de confeitaria e massas"},"content":{"rendered":"<p style=\"text-align: justify;\">Com o objetivo de oferecer acolhimento e contribuir na inser\u00e7\u00e3o de refugiados venezuelanos no mercado de trabalho \u00a0a C\u00e1ritas Brasileira Nordeste 2, em parceria com o Minist\u00e9rio da Justi\u00e7a e Seguran\u00e7a P\u00fablica, e a Consultoria LZ\u00a0 promove de 22 de janeiro a 19 de fevereiro, a Oficina Profissonalizante do Curso e Gastronomia, Confeitaria e Massas.<\/p>\n<p style=\"text-align: justify;\">Com 25 alunos esta \u00e9 a primeira turma da oficina profissionalizante. Os encontros ocorrem aos s\u00e1bados no espa\u00e7o Padre Dehon, cedido pela Par\u00f3quia Nossa Senhora da Concei\u00e7\u00e3o, localizada no bairro da Iputinga.<\/p>\n<p style=\"text-align: justify;\">Facilitada pela professora Miriam Camelo, acompanhada pelo consultor \u00a0Zacarias,\u00a0 com assessoria dos\u00a0 agentes C\u00e1ritas do Programa de\u00a0 Migra\u00e7\u00e3o e Ref\u00fagio, Gledson Souza e Rosana Andrade o primeiro encontro iniciou com um momento de apresenta\u00e7\u00e3o, em seguida os migrantes tiveram aulas te\u00f3ricas, \u00a0e dicas de higieniza\u00e7\u00e3o dos alimentos e do ambiente.<\/p>\n<p style=\"text-align: justify;\">\u201cEu agrade\u00e7o a Deus primeiramente e a C\u00e1ritas pela oportunidade que estava agurdando. Confesso que o curso \u00e9 melhor, e mais completo do que esperava. Obrigada aos instrutores e espero que Deus me ajude a culminar com sucesso\u201d, comentou \u00a0a venezuelana, \u00a0Soraya Carolina.<\/p>\n<p style=\"text-align: justify;\">\u201c Conte\u00fado muito importante, muito interessante. Boa\u00a0 metodologia, bem explicada e f\u00e1cil de entender. E os mediadores com muita experi\u00eancia. \u00a0A C\u00e1ritas \u00e9 muito prestativa em todo momento. \u00d3timo!\u201d, finalizou o venezuelano, Jos\u00e9 Oz\u00f3rio.<\/p>\n<p style=\"text-align: justify;\"><a href=\"http:\/\/www.caritasne2.org.br\/25-migrantes-venezuelanos-participam-de-oficina-gratuita-de-confeitaria-e-massas\/whatsapp-image-2022-02-02-at-13-27-18\/\" rel=\"attachment wp-att-8973\"><img decoding=\"async\" loading=\"lazy\" class=\"aligncenter wp-image-8973\" src=\"http:\/\/www.caritasne2.org.br\/wp-content\/uploads\/2022\/02\/WhatsApp-Image-2022-02-02-at-13.27.18.jpeg\" alt=\"\" width=\"627\" height=\"352\" srcset=\"https:\/\/www.caritasne2.org.br\/site\/wp-content\/uploads\/2022\/02\/WhatsApp-Image-2022-02-02-at-13.27.18.jpeg 1599w, https:\/\/www.caritasne2.org.br\/site\/wp-content\/uploads\/2022\/02\/WhatsApp-Image-2022-02-02-at-13.27.18-300x169.jpeg 300w, https:\/\/www.caritasne2.org.br\/site\/wp-content\/uploads\/2022\/02\/WhatsApp-Image-2022-02-02-at-13.27.18-768x432.jpeg 768w, https:\/\/www.caritasne2.org.br\/site\/wp-content\/uploads\/2022\/02\/WhatsApp-Image-2022-02-02-at-13.27.18-1024x576.jpeg 1024w, https:\/\/www.caritasne2.org.br\/site\/wp-content\/uploads\/2022\/02\/WhatsApp-Image-2022-02-02-at-13.27.18-588x330.jpeg 588w\" sizes=\"(max-width: 627px) 100vw, 627px\" \/><\/a><\/p>\n<p style=\"text-align: justify;\"><a href=\"http:\/\/www.caritasne2.org.br\/25-migrantes-venezuelanos-participam-de-oficina-gratuita-de-confeitaria-e-massas\/whatsapp-image-2022-02-02-at-13-33-09\/\" rel=\"attachment wp-att-8972\"><img decoding=\"async\" loading=\"lazy\" class=\"aligncenter wp-image-8972\" src=\"http:\/\/www.caritasne2.org.br\/wp-content\/uploads\/2022\/02\/WhatsApp-Image-2022-02-02-at-13.33.09.jpeg\" alt=\"\" width=\"646\" height=\"1148\" srcset=\"https:\/\/www.caritasne2.org.br\/site\/wp-content\/uploads\/2022\/02\/WhatsApp-Image-2022-02-02-at-13.33.09.jpeg 900w, https:\/\/www.caritasne2.org.br\/site\/wp-content\/uploads\/2022\/02\/WhatsApp-Image-2022-02-02-at-13.33.09-169x300.jpeg 169w, https:\/\/www.caritasne2.org.br\/site\/wp-content\/uploads\/2022\/02\/WhatsApp-Image-2022-02-02-at-13.33.09-768x1365.jpeg 768w, https:\/\/www.caritasne2.org.br\/site\/wp-content\/uploads\/2022\/02\/WhatsApp-Image-2022-02-02-at-13.33.09-576x1024.jpeg 576w\" sizes=\"(max-width: 646px) 100vw, 646px\" \/><\/a><\/p>\n<p style=\"text-align: justify;\"><a href=\"http:\/\/www.caritasne2.org.br\/25-migrantes-venezuelanos-participam-de-oficina-gratuita-de-confeitaria-e-massas\/whatsapp-image-2022-02-02-at-13-33-08\/\" rel=\"attachment wp-att-8971\"><img decoding=\"async\" loading=\"lazy\" class=\"aligncenter wp-image-8971\" src=\"http:\/\/www.caritasne2.org.br\/wp-content\/uploads\/2022\/02\/WhatsApp-Image-2022-02-02-at-13.33.08.jpeg\" alt=\"\" width=\"640\" height=\"1138\" srcset=\"https:\/\/www.caritasne2.org.br\/site\/wp-content\/uploads\/2022\/02\/WhatsApp-Image-2022-02-02-at-13.33.08.jpeg 900w, https:\/\/www.caritasne2.org.br\/site\/wp-content\/uploads\/2022\/02\/WhatsApp-Image-2022-02-02-at-13.33.08-169x300.jpeg 169w, https:\/\/www.caritasne2.org.br\/site\/wp-content\/uploads\/2022\/02\/WhatsApp-Image-2022-02-02-at-13.33.08-768x1365.jpeg 768w, https:\/\/www.caritasne2.org.br\/site\/wp-content\/uploads\/2022\/02\/WhatsApp-Image-2022-02-02-at-13.33.08-576x1024.jpeg 576w\" sizes=\"(max-width: 640px) 100vw, 640px\" \/><\/a><\/p>\n<ul class=\"ssb_list_wrapper\"><li class=\"fb2\" style=\"width:135px\"><iframe src=\"\/\/www.facebook.com\/plugins\/like.php?href=https%3A%2F%2Fwww.caritasne2.org.br%2Fsite%2F25-migrantes-venezuelanos-participam-de-oficina-gratuita-de-confeitaria-e-massas%2F&amp;layout=button_count&amp;action=like&amp;show_faces=false&amp;share=true&amp;width=135&amp;height=21&amp;appId=307091639398582\" scrolling=\"no\" frameborder=\"0\" style=\"border:none; overflow:hidden;  width:150px; height:21px;\" allowTransparency=\"true\"><\/iframe><\/li><li class=\"twtr\" style=\"width:90px\"><a href=\"https:\/\/twitter.com\/share\" class=\"twitter-share-button\" data-url=\"https:\/\/www.caritasne2.org.br\/site\/25-migrantes-venezuelanos-participam-de-oficina-gratuita-de-confeitaria-e-massas\/\">&nbsp;<\/a><script>!function(d,s,id){var js,fjs=d.getElementsByTagName(s)[0],p=\/^http:\/.test(d.location)?'http':'https';if(!d.getElementById(id)){js=d.createElement(s);js.id=id;js.src=p+':\/\/platform.twitter.com\/widgets.js';fjs.parentNode.insertBefore(js,fjs);}}(document, 'script', 'twitter-wjs');<\/script><\/li><li class=\"gplus\" style=\"width:68px\"><div class=\"g-plusone\" data-size=\"medium\" data-href=\"https:\/\/www.caritasne2.org.br\/site\/25-migrantes-venezuelanos-participam-de-oficina-gratuita-de-confeitaria-e-massas\/\"><\/div><\/li><li class=\"ssb_linkedin\" style=\"width:64px\"><script src=\"\/\/platform.linkedin.com\/in.js\" type=\"text\/javascript\">lang: en_US<\/script><script type=\"IN\/Share\" data-url=\"https:\/\/www.caritasne2.org.br\/site\/25-migrantes-venezuelanos-participam-de-oficina-gratuita-de-confeitaria-e-massas\/\" data-counter=\"right\"><\/script><\/li><\/ul>","protected":false},"excerpt":{"rendered":"<p>Com o objetivo de oferecer acolhimento e contribuir na inser\u00e7\u00e3o de refugiados venezuelanos no mercado de trabalho \u00a0a C\u00e1ritas Brasileira Nordeste 2, em parceria com o Minist\u00e9rio da Justi\u00e7a e Seguran\u00e7a P\u00fablica, e a Consultoria LZ\u00a0 promove de 22 de janeiro a 19 de fevereiro, a Oficina Profissonalizante do Curso e Gastronomia, Confeitaria e Massas. Com 25 alunos esta \u00e9 a primeira turma da oficina [&hellip;]<\/p>\n<ul class=\"ssb_list_wrapper\"><li class=\"fb2\" style=\"width:135px\"><iframe src=\"\/\/www.facebook.com\/plugins\/like.php?href=https%3A%2F%2Fwww.caritasne2.org.br%2Fsite%2F25-migrantes-venezuelanos-participam-de-oficina-gratuita-de-confeitaria-e-massas%2F&amp;layout=button_count&amp;action=like&amp;show_faces=false&amp;share=true&amp;width=135&amp;height=21&amp;appId=307091639398582\" scrolling=\"no\" frameborder=\"0\" style=\"border:none; overflow:hidden;  width:150px; height:21px;\" allowTransparency=\"true\"><\/iframe><\/li><li class=\"twtr\" style=\"width:90px\"><a href=\"https:\/\/twitter.com\/share\" class=\"twitter-share-button\" data-url=\"https:\/\/www.caritasne2.org.br\/site\/25-migrantes-venezuelanos-participam-de-oficina-gratuita-de-confeitaria-e-massas\/\">&nbsp;<\/a><script>!function(d,s,id){var js,fjs=d.getElementsByTagName(s)[0],p=\/^http:\/.test(d.location)?'http':'https';if(!d.getElementById(id)){js=d.createElement(s);js.id=id;js.src=p+':\/\/platform.twitter.com\/widgets.js';fjs.parentNode.insertBefore(js,fjs);}}(document, 'script', 'twitter-wjs');<\/script><\/li><li class=\"gplus\" style=\"width:68px\"><div class=\"g-plusone\" data-size=\"medium\" data-href=\"https:\/\/www.caritasne2.org.br\/site\/25-migrantes-venezuelanos-participam-de-oficina-gratuita-de-confeitaria-e-massas\/\"><\/div><\/li><li class=\"ssb_linkedin\" style=\"width:64px\"><script src=\"\/\/platform.linkedin.com\/in.js\" type=\"text\/javascript\">lang: en_US<\/script><script type=\"IN\/Share\" data-url=\"https:\/\/www.caritasne2.org.br\/site\/25-migrantes-venezuelanos-participam-de-oficina-gratuita-de-confeitaria-e-massas\/\" data-counter=\"right\"><\/script><\/li><\/ul>","protected":false},"author":4,"featured_media":8970,"comment_status":"open","ping_status":"open","sticky":false,"template":"","format":"standard","meta":[],"categories":[21,20],"tags":[],"_links":{"self":[{"href":"https:\/\/www.caritasne2.org.br\/site\/wp-json\/wp\/v2\/posts\/8969"}],"collection":[{"href":"https:\/\/www.caritasne2.org.br\/site\/wp-json\/wp\/v2\/posts"}],"about":[{"href":"https:\/\/www.caritasne2.org.br\/site\/wp-json\/wp\/v2\/types\/post"}],"author":[{"embeddable":true,"href":"https:\/\/www.caritasne2.org.br\/site\/wp-json\/wp\/v2\/users\/4"}],"replies":[{"embeddable":true,"href":"https:\/\/www.caritasne2.org.br\/site\/wp-json\/wp\/v2\/comments?post=8969"}],"version-history":[{"count":0,"href":"https:\/\/www.caritasne2.org.br\/site\/wp-json\/wp\/v2\/posts\/8969\/revisions"}],"wp:featuredmedia":[{"embeddable":true,"href":"https:\/\/www.caritasne2.org.br\/site\/wp-json\/wp\/v2\/media\/8970"}],"wp:attachment":[{"href":"https:\/\/www.caritasne2.org.br\/site\/wp-json\/wp\/v2\/media?parent=8969"}],"wp:term":[{"taxonomy":"category","embeddable":true,"href":"https:\/\/www.caritasne2.org.br\/site\/wp-json\/wp\/v2\/categories?post=8969"},{"taxonomy":"post_tag","embeddable":true,"href":"https:\/\/www.caritasne2.org.br\/site\/wp-json\/wp\/v2\/tags?post=8969"}],"curies":[{"name":"wp","href":"https:\/\/api.w.org\/{rel}","templated":true}]}}