{"id":8964,"date":"2022-02-03T08:34:13","date_gmt":"2022-02-03T11:34:13","guid":{"rendered":"http:\/\/www.caritasne2.org.br\/?p=8964"},"modified":"2022-02-03T08:34:13","modified_gmt":"2022-02-03T11:34:13","slug":"nota-por-justica-pelo-assassinato-do-congoles-no-rio-de-janeiro","status":"publish","type":"post","link":"https:\/\/www.caritasne2.org.br\/site\/nota-por-justica-pelo-assassinato-do-congoles-no-rio-de-janeiro\/","title":{"rendered":"Nota por justi\u00e7a pelo assassinato do congol\u00eas no Rio de Janeiro"},"content":{"rendered":"<div class=\"kvgmc6g5 cxmmr5t8 oygrvhab hcukyx3x c1et5uql ii04i59q\">\n<div dir=\"auto\" style=\"text-align: justify;\">Na \u00faltima semana, a not\u00edcia do brutal e cruel assassinado do congol\u00eas Mo\u00efse Kabagambe, de 24 anos, no Rio de Janeiro foi recebida com uma profunda e dilacerante dor por familiares, amigos e por toda a comunidade.<\/div>\n<div dir=\"auto\" style=\"text-align: justify;\"><\/div>\n<\/div>\n<div class=\"cxmmr5t8 oygrvhab hcukyx3x c1et5uql o9v6fnle ii04i59q\" style=\"text-align: justify;\">\n<div dir=\"auto\">A C\u00e1ritas Brasileira, junto a outras entidades e organiza\u00e7\u00f5es de todos Brasil se unem a Rede CLAMOR Brasil, a Rede Solid\u00e1ria para Migrantes e Refugiados (RedeMiR) e a Comiss\u00e3o Episcopal Pastoral para a A\u00e7\u00e3o Sociotransformadora, da Confer\u00eancia Nacional dos Bispos do Brasil (CNBB) em uma Nota por justi\u00e7a, conclamando responsabiliza\u00e7\u00e3o pelo assassinato do jovem.<\/div>\n<div dir=\"auto\"><\/div>\n<\/div>\n<div dir=\"auto\" style=\"text-align: justify;\">Confira a nota na \u00edntegra, <a href=\"http:\/\/www.caritasne2.org.br\/wp-content\/uploads\/2022\/02\/NOTA-POR-JUSTI\u00c7A-O-assassinato-de-Mo\u00efse-Kabagambe.pdf\">aqui.<\/a><\/div>\n<ul class=\"ssb_list_wrapper\"><li class=\"fb2\" style=\"width:135px\"><iframe src=\"\/\/www.facebook.com\/plugins\/like.php?href=https%3A%2F%2Fwww.caritasne2.org.br%2Fsite%2Fnota-por-justica-pelo-assassinato-do-congoles-no-rio-de-janeiro%2F&amp;layout=button_count&amp;action=like&amp;show_faces=false&amp;share=true&amp;width=135&amp;height=21&amp;appId=307091639398582\" scrolling=\"no\" frameborder=\"0\" style=\"border:none; overflow:hidden;  width:150px; height:21px;\" allowTransparency=\"true\"><\/iframe><\/li><li class=\"twtr\" style=\"width:90px\"><a href=\"https:\/\/twitter.com\/share\" class=\"twitter-share-button\" data-url=\"https:\/\/www.caritasne2.org.br\/site\/nota-por-justica-pelo-assassinato-do-congoles-no-rio-de-janeiro\/\">&nbsp;<\/a><script>!function(d,s,id){var js,fjs=d.getElementsByTagName(s)[0],p=\/^http:\/.test(d.location)?'http':'https';if(!d.getElementById(id)){js=d.createElement(s);js.id=id;js.src=p+':\/\/platform.twitter.com\/widgets.js';fjs.parentNode.insertBefore(js,fjs);}}(document, 'script', 'twitter-wjs');<\/script><\/li><li class=\"gplus\" style=\"width:68px\"><div class=\"g-plusone\" data-size=\"medium\" data-href=\"https:\/\/www.caritasne2.org.br\/site\/nota-por-justica-pelo-assassinato-do-congoles-no-rio-de-janeiro\/\"><\/div><\/li><li class=\"ssb_linkedin\" style=\"width:64px\"><script src=\"\/\/platform.linkedin.com\/in.js\" type=\"text\/javascript\">lang: en_US<\/script><script type=\"IN\/Share\" data-url=\"https:\/\/www.caritasne2.org.br\/site\/nota-por-justica-pelo-assassinato-do-congoles-no-rio-de-janeiro\/\" data-counter=\"right\"><\/script><\/li><\/ul>","protected":false},"excerpt":{"rendered":"<p>Na \u00faltima semana, a not\u00edcia do brutal e cruel assassinado do congol\u00eas Mo\u00efse Kabagambe, de 24 anos, no Rio de Janeiro foi recebida com uma profunda e dilacerante dor por familiares, amigos e por toda a comunidade. A C\u00e1ritas Brasileira, junto a outras entidades e organiza\u00e7\u00f5es de todos Brasil se unem a Rede CLAMOR Brasil, a Rede Solid\u00e1ria para Migrantes e Refugiados (RedeMiR) e a [&hellip;]<\/p>\n<ul class=\"ssb_list_wrapper\"><li class=\"fb2\" style=\"width:135px\"><iframe src=\"\/\/www.facebook.com\/plugins\/like.php?href=https%3A%2F%2Fwww.caritasne2.org.br%2Fsite%2Fnota-por-justica-pelo-assassinato-do-congoles-no-rio-de-janeiro%2F&amp;layout=button_count&amp;action=like&amp;show_faces=false&amp;share=true&amp;width=135&amp;height=21&amp;appId=307091639398582\" scrolling=\"no\" frameborder=\"0\" style=\"border:none; overflow:hidden;  width:150px; height:21px;\" allowTransparency=\"true\"><\/iframe><\/li><li class=\"twtr\" style=\"width:90px\"><a href=\"https:\/\/twitter.com\/share\" class=\"twitter-share-button\" data-url=\"https:\/\/www.caritasne2.org.br\/site\/nota-por-justica-pelo-assassinato-do-congoles-no-rio-de-janeiro\/\">&nbsp;<\/a><script>!function(d,s,id){var js,fjs=d.getElementsByTagName(s)[0],p=\/^http:\/.test(d.location)?'http':'https';if(!d.getElementById(id)){js=d.createElement(s);js.id=id;js.src=p+':\/\/platform.twitter.com\/widgets.js';fjs.parentNode.insertBefore(js,fjs);}}(document, 'script', 'twitter-wjs');<\/script><\/li><li class=\"gplus\" style=\"width:68px\"><div class=\"g-plusone\" data-size=\"medium\" data-href=\"https:\/\/www.caritasne2.org.br\/site\/nota-por-justica-pelo-assassinato-do-congoles-no-rio-de-janeiro\/\"><\/div><\/li><li class=\"ssb_linkedin\" style=\"width:64px\"><script src=\"\/\/platform.linkedin.com\/in.js\" type=\"text\/javascript\">lang: en_US<\/script><script type=\"IN\/Share\" data-url=\"https:\/\/www.caritasne2.org.br\/site\/nota-por-justica-pelo-assassinato-do-congoles-no-rio-de-janeiro\/\" data-counter=\"right\"><\/script><\/li><\/ul>","protected":false},"author":4,"featured_media":8966,"comment_status":"open","ping_status":"open","sticky":false,"template":"","format":"standard","meta":[],"categories":[21,20],"tags":[],"_links":{"self":[{"href":"https:\/\/www.caritasne2.org.br\/site\/wp-json\/wp\/v2\/posts\/8964"}],"collection":[{"href":"https:\/\/www.caritasne2.org.br\/site\/wp-json\/wp\/v2\/posts"}],"about":[{"href":"https:\/\/www.caritasne2.org.br\/site\/wp-json\/wp\/v2\/types\/post"}],"author":[{"embeddable":true,"href":"https:\/\/www.caritasne2.org.br\/site\/wp-json\/wp\/v2\/users\/4"}],"replies":[{"embeddable":true,"href":"https:\/\/www.caritasne2.org.br\/site\/wp-json\/wp\/v2\/comments?post=8964"}],"version-history":[{"count":0,"href":"https:\/\/www.caritasne2.org.br\/site\/wp-json\/wp\/v2\/posts\/8964\/revisions"}],"wp:featuredmedia":[{"embeddable":true,"href":"https:\/\/www.caritasne2.org.br\/site\/wp-json\/wp\/v2\/media\/8966"}],"wp:attachment":[{"href":"https:\/\/www.caritasne2.org.br\/site\/wp-json\/wp\/v2\/media?parent=8964"}],"wp:term":[{"taxonomy":"category","embeddable":true,"href":"https:\/\/www.caritasne2.org.br\/site\/wp-json\/wp\/v2\/categories?post=8964"},{"taxonomy":"post_tag","embeddable":true,"href":"https:\/\/www.caritasne2.org.br\/site\/wp-json\/wp\/v2\/tags?post=8964"}],"curies":[{"name":"wp","href":"https:\/\/api.w.org\/{rel}","templated":true}]}}