{"id":8945,"date":"2022-02-01T13:48:42","date_gmt":"2022-02-01T16:48:42","guid":{"rendered":"http:\/\/www.caritasne2.org.br\/?p=8945"},"modified":"2022-02-01T15:24:08","modified_gmt":"2022-02-01T18:24:08","slug":"jovens-ganhadores-de-edital-do-projeto-protagonismo-juvenil-da-caritas-regional-ne2-e-manos-unidas-finalizam-construcao-de-seus-micros-empreendimentos","status":"publish","type":"post","link":"https:\/\/www.caritasne2.org.br\/site\/jovens-ganhadores-de-edital-do-projeto-protagonismo-juvenil-da-caritas-regional-ne2-e-manos-unidas-finalizam-construcao-de-seus-micros-empreendimentos\/","title":{"rendered":"Jovens contemplados pelo edital do Projeto Protagonismo Juvenil finalizam constru\u00e7\u00e3o de seus micro empreendimentos"},"content":{"rendered":"<p style=\"text-align: center;\"><em>Nessa fase, 14 constru\u00e7\u00f5es na \u00e1rea de cultivo animal j\u00e1 se encontram em processo de finaliza\u00e7\u00e3o. O projeto \u00e9 uma parceria da C\u00e1ritas Regional NE2 e da Institui\u00e7\u00e3o espanhola, Manos Unidas\u00a0<\/em><\/p>\n<p>Dando continuidade \u00e0s fases de implementa\u00e7\u00e3o do Projeto Fortalecimento Econ\u00f4mico de Jovens Rurais do Semi\u00e1rido, uma parceria da C\u00e1ritas Regional Nordeste 2 com a institui\u00e7\u00e3o espanhola, Manos Unidas e apoio da C\u00e1ritas Diocesana de Garanhuns, os jovens contemplados pelo edital de sele\u00e7\u00e3o receberam dos dias 12 a 20 de janeiro, produtos ligados \u00e0 cria\u00e7\u00e3o de animais como: pocilgas, apriscos e galinheiros. Ao todo 14 constru\u00e7\u00f5es j\u00e1 est\u00e3o em finaliza\u00e7\u00e3o nas comunidades quilombolas de Angicos, Amargoso e Flores, no munic\u00edpio de Bom Conselho, Pernambuco.<\/p>\n<p>O objetivo da implementa\u00e7\u00e3o dos micro empreendimentos juvenis, e posteriormente o recebimento dos animais e a ra\u00e7\u00e3o a qual nessa primeira fase o projeto cobre, \u00e9 incentivar a juventude rural na Produ\u00e7\u00e3o Sustent\u00e1vel e na Comercializa\u00e7\u00e3o Justa e Solid\u00e1ria visando a independ\u00eancia financeira dos jovens selecionados e tamb\u00e9m a promo\u00e7\u00e3o da transforma\u00e7\u00e3o local.<\/p>\n<p><a href=\"http:\/\/www.caritasne2.org.br\/jovens-ganhadores-de-edital-do-projeto-protagonismo-juvenil-da-caritas-regional-ne2-e-manos-unidas-finalizam-construcao-de-seus-micros-empreendimentos\/whatsapp-image-2022-01-28-at-11-33-30\/\" rel=\"attachment wp-att-8946\"><img decoding=\"async\" loading=\"lazy\" class=\"aligncenter wp-image-8946\" src=\"http:\/\/www.caritasne2.org.br\/wp-content\/uploads\/2022\/02\/WhatsApp-Image-2022-01-28-at-11.33.30.jpeg\" alt=\"\" width=\"683\" height=\"512\" srcset=\"https:\/\/www.caritasne2.org.br\/site\/wp-content\/uploads\/2022\/02\/WhatsApp-Image-2022-01-28-at-11.33.30.jpeg 1600w, https:\/\/www.caritasne2.org.br\/site\/wp-content\/uploads\/2022\/02\/WhatsApp-Image-2022-01-28-at-11.33.30-300x225.jpeg 300w, https:\/\/www.caritasne2.org.br\/site\/wp-content\/uploads\/2022\/02\/WhatsApp-Image-2022-01-28-at-11.33.30-768x576.jpeg 768w, https:\/\/www.caritasne2.org.br\/site\/wp-content\/uploads\/2022\/02\/WhatsApp-Image-2022-01-28-at-11.33.30-1024x768.jpeg 1024w\" sizes=\"(max-width: 683px) 100vw, 683px\" \/><\/a><\/p>\n<p><strong>O Projeto<\/strong><\/p>\n<p>Para ter acesso aos materiais, os inscritos enviaram seus Planos de Neg\u00f3cios, que foram aprovados na primeira sele\u00e7\u00e3o da institui\u00e7\u00e3o. Com os produtos nas m\u00e3os, os integrantes da a\u00e7\u00e3o s\u00e3o incentivados a promoverem processos comunit\u00e1rios sustent\u00e1veis que integrem a transforma\u00e7\u00e3o local, por meio da participa\u00e7\u00e3o social, da produ\u00e7\u00e3o de base agroecol\u00f3gica e da comercializa\u00e7\u00e3o justa e solid\u00e1ria, atrav\u00e9s do protagonismo juvenil do local.<\/p>\n<p>Leia mais sobre <a href=\"http:\/\/www.caritasne2.org.br\/caritas-brasileira-regional-ne2-entrega-materiais-de-construcao-a-jovens-vencedores-do-edital-de-selecao-do-projeto-protagonismo-juvenil\/\">clicando aqui<\/a><\/p>\n<p>Confira mais fotos:<\/p>\n<p><a href=\"http:\/\/www.caritasne2.org.br\/jovens-ganhadores-de-edital-do-projeto-protagonismo-juvenil-da-caritas-regional-ne2-e-manos-unidas-finalizam-construcao-de-seus-micros-empreendimentos\/whatsapp-image-2022-01-28-at-10-14-33\/\" rel=\"attachment wp-att-8948\"><img decoding=\"async\" loading=\"lazy\" class=\"aligncenter wp-image-8948\" src=\"http:\/\/www.caritasne2.org.br\/wp-content\/uploads\/2022\/02\/WhatsApp-Image-2022-01-28-at-10.14.33.jpeg\" alt=\"\" width=\"697\" height=\"523\" srcset=\"https:\/\/www.caritasne2.org.br\/site\/wp-content\/uploads\/2022\/02\/WhatsApp-Image-2022-01-28-at-10.14.33.jpeg 1600w, https:\/\/www.caritasne2.org.br\/site\/wp-content\/uploads\/2022\/02\/WhatsApp-Image-2022-01-28-at-10.14.33-300x225.jpeg 300w, https:\/\/www.caritasne2.org.br\/site\/wp-content\/uploads\/2022\/02\/WhatsApp-Image-2022-01-28-at-10.14.33-768x576.jpeg 768w, https:\/\/www.caritasne2.org.br\/site\/wp-content\/uploads\/2022\/02\/WhatsApp-Image-2022-01-28-at-10.14.33-1024x768.jpeg 1024w\" sizes=\"(max-width: 697px) 100vw, 697px\" \/><\/a><\/p>\n<p><a href=\"http:\/\/www.caritasne2.org.br\/jovens-ganhadores-de-edital-do-projeto-protagonismo-juvenil-da-caritas-regional-ne2-e-manos-unidas-finalizam-construcao-de-seus-micros-empreendimentos\/whatsapp-image-2022-01-28-at-10-12-03-1\/\" rel=\"attachment wp-att-8951\"><img decoding=\"async\" loading=\"lazy\" class=\"aligncenter wp-image-8951\" src=\"http:\/\/www.caritasne2.org.br\/wp-content\/uploads\/2022\/02\/WhatsApp-Image-2022-01-28-at-10.12.03-1.jpeg\" alt=\"\" width=\"703\" height=\"527\" srcset=\"https:\/\/www.caritasne2.org.br\/site\/wp-content\/uploads\/2022\/02\/WhatsApp-Image-2022-01-28-at-10.12.03-1.jpeg 1040w, https:\/\/www.caritasne2.org.br\/site\/wp-content\/uploads\/2022\/02\/WhatsApp-Image-2022-01-28-at-10.12.03-1-300x225.jpeg 300w, https:\/\/www.caritasne2.org.br\/site\/wp-content\/uploads\/2022\/02\/WhatsApp-Image-2022-01-28-at-10.12.03-1-768x576.jpeg 768w, https:\/\/www.caritasne2.org.br\/site\/wp-content\/uploads\/2022\/02\/WhatsApp-Image-2022-01-28-at-10.12.03-1-1024x768.jpeg 1024w\" sizes=\"(max-width: 703px) 100vw, 703px\" \/><\/a><\/p>\n<p><a href=\"http:\/\/www.caritasne2.org.br\/jovens-ganhadores-de-edital-do-projeto-protagonismo-juvenil-da-caritas-regional-ne2-e-manos-unidas-finalizam-construcao-de-seus-micros-empreendimentos\/whatsapp-image-2022-01-28-at-11-33-31-1\/\" rel=\"attachment wp-att-8952\"><img decoding=\"async\" loading=\"lazy\" class=\"aligncenter wp-image-8952\" src=\"http:\/\/www.caritasne2.org.br\/wp-content\/uploads\/2022\/02\/WhatsApp-Image-2022-01-28-at-11.33.31-1.jpeg\" alt=\"\" width=\"699\" height=\"525\" srcset=\"https:\/\/www.caritasne2.org.br\/site\/wp-content\/uploads\/2022\/02\/WhatsApp-Image-2022-01-28-at-11.33.31-1.jpeg 1600w, https:\/\/www.caritasne2.org.br\/site\/wp-content\/uploads\/2022\/02\/WhatsApp-Image-2022-01-28-at-11.33.31-1-300x225.jpeg 300w, https:\/\/www.caritasne2.org.br\/site\/wp-content\/uploads\/2022\/02\/WhatsApp-Image-2022-01-28-at-11.33.31-1-768x576.jpeg 768w, https:\/\/www.caritasne2.org.br\/site\/wp-content\/uploads\/2022\/02\/WhatsApp-Image-2022-01-28-at-11.33.31-1-1024x768.jpeg 1024w\" sizes=\"(max-width: 699px) 100vw, 699px\" \/><\/a><\/p>\n<p>&nbsp;<\/p>\n<ul class=\"ssb_list_wrapper\"><li class=\"fb2\" style=\"width:135px\"><iframe src=\"\/\/www.facebook.com\/plugins\/like.php?href=https%3A%2F%2Fwww.caritasne2.org.br%2Fsite%2Fjovens-ganhadores-de-edital-do-projeto-protagonismo-juvenil-da-caritas-regional-ne2-e-manos-unidas-finalizam-construcao-de-seus-micros-empreendimentos%2F&amp;layout=button_count&amp;action=like&amp;show_faces=false&amp;share=true&amp;width=135&amp;height=21&amp;appId=307091639398582\" scrolling=\"no\" frameborder=\"0\" style=\"border:none; overflow:hidden;  width:150px; height:21px;\" allowTransparency=\"true\"><\/iframe><\/li><li class=\"twtr\" style=\"width:90px\"><a href=\"https:\/\/twitter.com\/share\" class=\"twitter-share-button\" data-url=\"https:\/\/www.caritasne2.org.br\/site\/jovens-ganhadores-de-edital-do-projeto-protagonismo-juvenil-da-caritas-regional-ne2-e-manos-unidas-finalizam-construcao-de-seus-micros-empreendimentos\/\">&nbsp;<\/a><script>!function(d,s,id){var js,fjs=d.getElementsByTagName(s)[0],p=\/^http:\/.test(d.location)?'http':'https';if(!d.getElementById(id)){js=d.createElement(s);js.id=id;js.src=p+':\/\/platform.twitter.com\/widgets.js';fjs.parentNode.insertBefore(js,fjs);}}(document, 'script', 'twitter-wjs');<\/script><\/li><li class=\"gplus\" style=\"width:68px\"><div class=\"g-plusone\" data-size=\"medium\" data-href=\"https:\/\/www.caritasne2.org.br\/site\/jovens-ganhadores-de-edital-do-projeto-protagonismo-juvenil-da-caritas-regional-ne2-e-manos-unidas-finalizam-construcao-de-seus-micros-empreendimentos\/\"><\/div><\/li><li class=\"ssb_linkedin\" style=\"width:64px\"><script src=\"\/\/platform.linkedin.com\/in.js\" type=\"text\/javascript\">lang: en_US<\/script><script type=\"IN\/Share\" data-url=\"https:\/\/www.caritasne2.org.br\/site\/jovens-ganhadores-de-edital-do-projeto-protagonismo-juvenil-da-caritas-regional-ne2-e-manos-unidas-finalizam-construcao-de-seus-micros-empreendimentos\/\" data-counter=\"right\"><\/script><\/li><\/ul>","protected":false},"excerpt":{"rendered":"<p>Nessa fase, 14 constru\u00e7\u00f5es na \u00e1rea de cultivo animal j\u00e1 se encontram em processo de finaliza\u00e7\u00e3o. O projeto \u00e9 uma parceria da C\u00e1ritas Regional NE2 e da Institui\u00e7\u00e3o espanhola, Manos Unidas\u00a0 Dando continuidade \u00e0s fases de implementa\u00e7\u00e3o do Projeto Fortalecimento Econ\u00f4mico de Jovens Rurais do Semi\u00e1rido, uma parceria da C\u00e1ritas Regional Nordeste 2 com a institui\u00e7\u00e3o espanhola, Manos Unidas e apoio da C\u00e1ritas Diocesana de [&hellip;]<\/p>\n<ul class=\"ssb_list_wrapper\"><li class=\"fb2\" style=\"width:135px\"><iframe src=\"\/\/www.facebook.com\/plugins\/like.php?href=https%3A%2F%2Fwww.caritasne2.org.br%2Fsite%2Fjovens-ganhadores-de-edital-do-projeto-protagonismo-juvenil-da-caritas-regional-ne2-e-manos-unidas-finalizam-construcao-de-seus-micros-empreendimentos%2F&amp;layout=button_count&amp;action=like&amp;show_faces=false&amp;share=true&amp;width=135&amp;height=21&amp;appId=307091639398582\" scrolling=\"no\" frameborder=\"0\" style=\"border:none; overflow:hidden;  width:150px; height:21px;\" allowTransparency=\"true\"><\/iframe><\/li><li class=\"twtr\" style=\"width:90px\"><a href=\"https:\/\/twitter.com\/share\" class=\"twitter-share-button\" data-url=\"https:\/\/www.caritasne2.org.br\/site\/jovens-ganhadores-de-edital-do-projeto-protagonismo-juvenil-da-caritas-regional-ne2-e-manos-unidas-finalizam-construcao-de-seus-micros-empreendimentos\/\">&nbsp;<\/a><script>!function(d,s,id){var js,fjs=d.getElementsByTagName(s)[0],p=\/^http:\/.test(d.location)?'http':'https';if(!d.getElementById(id)){js=d.createElement(s);js.id=id;js.src=p+':\/\/platform.twitter.com\/widgets.js';fjs.parentNode.insertBefore(js,fjs);}}(document, 'script', 'twitter-wjs');<\/script><\/li><li class=\"gplus\" style=\"width:68px\"><div class=\"g-plusone\" data-size=\"medium\" data-href=\"https:\/\/www.caritasne2.org.br\/site\/jovens-ganhadores-de-edital-do-projeto-protagonismo-juvenil-da-caritas-regional-ne2-e-manos-unidas-finalizam-construcao-de-seus-micros-empreendimentos\/\"><\/div><\/li><li class=\"ssb_linkedin\" style=\"width:64px\"><script src=\"\/\/platform.linkedin.com\/in.js\" type=\"text\/javascript\">lang: en_US<\/script><script type=\"IN\/Share\" data-url=\"https:\/\/www.caritasne2.org.br\/site\/jovens-ganhadores-de-edital-do-projeto-protagonismo-juvenil-da-caritas-regional-ne2-e-manos-unidas-finalizam-construcao-de-seus-micros-empreendimentos\/\" data-counter=\"right\"><\/script><\/li><\/ul>","protected":false},"author":4,"featured_media":8947,"comment_status":"open","ping_status":"open","sticky":false,"template":"","format":"standard","meta":[],"categories":[21,20],"tags":[],"_links":{"self":[{"href":"https:\/\/www.caritasne2.org.br\/site\/wp-json\/wp\/v2\/posts\/8945"}],"collection":[{"href":"https:\/\/www.caritasne2.org.br\/site\/wp-json\/wp\/v2\/posts"}],"about":[{"href":"https:\/\/www.caritasne2.org.br\/site\/wp-json\/wp\/v2\/types\/post"}],"author":[{"embeddable":true,"href":"https:\/\/www.caritasne2.org.br\/site\/wp-json\/wp\/v2\/users\/4"}],"replies":[{"embeddable":true,"href":"https:\/\/www.caritasne2.org.br\/site\/wp-json\/wp\/v2\/comments?post=8945"}],"version-history":[{"count":0,"href":"https:\/\/www.caritasne2.org.br\/site\/wp-json\/wp\/v2\/posts\/8945\/revisions"}],"wp:featuredmedia":[{"embeddable":true,"href":"https:\/\/www.caritasne2.org.br\/site\/wp-json\/wp\/v2\/media\/8947"}],"wp:attachment":[{"href":"https:\/\/www.caritasne2.org.br\/site\/wp-json\/wp\/v2\/media?parent=8945"}],"wp:term":[{"taxonomy":"category","embeddable":true,"href":"https:\/\/www.caritasne2.org.br\/site\/wp-json\/wp\/v2\/categories?post=8945"},{"taxonomy":"post_tag","embeddable":true,"href":"https:\/\/www.caritasne2.org.br\/site\/wp-json\/wp\/v2\/tags?post=8945"}],"curies":[{"name":"wp","href":"https:\/\/api.w.org\/{rel}","templated":true}]}}