{"id":8937,"date":"2022-01-24T14:00:29","date_gmt":"2022-01-24T17:00:29","guid":{"rendered":"http:\/\/www.caritasne2.org.br\/?p=8937"},"modified":"2022-01-24T14:11:05","modified_gmt":"2022-01-24T17:11:05","slug":"comunicado-sobre-resultado-final-do-processo-simplificado-de-selecao-de-edital-no-012022-para-vaga-de-assessor-a-tecnico-a","status":"publish","type":"post","link":"https:\/\/www.caritasne2.org.br\/site\/comunicado-sobre-resultado-final-do-processo-simplificado-de-selecao-de-edital-no-012022-para-vaga-de-assessor-a-tecnico-a\/","title":{"rendered":"Comunicado de resultado final do processo simplificado sele\u00e7\u00e3o de edital n\u00ba 01\/2022 para vaga de Assessor (a) T\u00e9cnico (a)"},"content":{"rendered":"<p>A C\u00e1ritas Brasileira Regional Nordeste 2, organismo da Confer\u00eancia Nacional dos Bispos do Brasil (CNBB), com atua\u00e7\u00e3o nos Estados de Alagoas, Para\u00edba, Pernambuco e Rio Grande do Norte, torna p\u00fablico o resultado final do processo seletivo simplificado \u2013 conforme edital N\u00ba 01\/2022 \u2013 Janeiro de 2022, para a vaga na \u00a0fun\u00e7\u00e3o de Assessor(a) T\u00e9cnico(a).<\/p>\n<ul>\n<li>Afonso Cavalcanti Fernandes<\/li>\n<\/ul>\n<p>Parab\u00e9ns\u00a0e boas vindas ao novo Agente C\u00e1ritas!<\/p>\n<p>Recife, 24 de Janeiro de 2022<\/p>\n<p>Comissa\u0303o de Selec\u0327a\u0303o<\/p>\n<p>Ca\u0301ritas Brasileira NE2<\/p>\n<ul class=\"ssb_list_wrapper\"><li class=\"fb2\" style=\"width:135px\"><iframe src=\"\/\/www.facebook.com\/plugins\/like.php?href=https%3A%2F%2Fwww.caritasne2.org.br%2Fsite%2Fcomunicado-sobre-resultado-final-do-processo-simplificado-de-selecao-de-edital-no-012022-para-vaga-de-assessor-a-tecnico-a%2F&amp;layout=button_count&amp;action=like&amp;show_faces=false&amp;share=true&amp;width=135&amp;height=21&amp;appId=307091639398582\" scrolling=\"no\" frameborder=\"0\" style=\"border:none; overflow:hidden;  width:150px; height:21px;\" allowTransparency=\"true\"><\/iframe><\/li><li class=\"twtr\" style=\"width:90px\"><a href=\"https:\/\/twitter.com\/share\" class=\"twitter-share-button\" data-url=\"https:\/\/www.caritasne2.org.br\/site\/comunicado-sobre-resultado-final-do-processo-simplificado-de-selecao-de-edital-no-012022-para-vaga-de-assessor-a-tecnico-a\/\">&nbsp;<\/a><script>!function(d,s,id){var js,fjs=d.getElementsByTagName(s)[0],p=\/^http:\/.test(d.location)?'http':'https';if(!d.getElementById(id)){js=d.createElement(s);js.id=id;js.src=p+':\/\/platform.twitter.com\/widgets.js';fjs.parentNode.insertBefore(js,fjs);}}(document, 'script', 'twitter-wjs');<\/script><\/li><li class=\"gplus\" style=\"width:68px\"><div class=\"g-plusone\" data-size=\"medium\" data-href=\"https:\/\/www.caritasne2.org.br\/site\/comunicado-sobre-resultado-final-do-processo-simplificado-de-selecao-de-edital-no-012022-para-vaga-de-assessor-a-tecnico-a\/\"><\/div><\/li><li class=\"ssb_linkedin\" style=\"width:64px\"><script src=\"\/\/platform.linkedin.com\/in.js\" type=\"text\/javascript\">lang: en_US<\/script><script type=\"IN\/Share\" data-url=\"https:\/\/www.caritasne2.org.br\/site\/comunicado-sobre-resultado-final-do-processo-simplificado-de-selecao-de-edital-no-012022-para-vaga-de-assessor-a-tecnico-a\/\" data-counter=\"right\"><\/script><\/li><\/ul>","protected":false},"excerpt":{"rendered":"<p>A C\u00e1ritas Brasileira Regional Nordeste 2, organismo da Confer\u00eancia Nacional dos Bispos do Brasil (CNBB), com atua\u00e7\u00e3o nos Estados de Alagoas, Para\u00edba, Pernambuco e Rio Grande do Norte, torna p\u00fablico o resultado final do processo seletivo simplificado \u2013 conforme edital N\u00ba 01\/2022 \u2013 Janeiro de 2022, para a vaga na \u00a0fun\u00e7\u00e3o de Assessor(a) T\u00e9cnico(a). Afonso Cavalcanti Fernandes Parab\u00e9ns\u00a0e boas vindas ao novo Agente C\u00e1ritas! Recife, [&hellip;]<\/p>\n<ul class=\"ssb_list_wrapper\"><li class=\"fb2\" style=\"width:135px\"><iframe src=\"\/\/www.facebook.com\/plugins\/like.php?href=https%3A%2F%2Fwww.caritasne2.org.br%2Fsite%2Fcomunicado-sobre-resultado-final-do-processo-simplificado-de-selecao-de-edital-no-012022-para-vaga-de-assessor-a-tecnico-a%2F&amp;layout=button_count&amp;action=like&amp;show_faces=false&amp;share=true&amp;width=135&amp;height=21&amp;appId=307091639398582\" scrolling=\"no\" frameborder=\"0\" style=\"border:none; overflow:hidden;  width:150px; height:21px;\" allowTransparency=\"true\"><\/iframe><\/li><li class=\"twtr\" style=\"width:90px\"><a href=\"https:\/\/twitter.com\/share\" class=\"twitter-share-button\" data-url=\"https:\/\/www.caritasne2.org.br\/site\/comunicado-sobre-resultado-final-do-processo-simplificado-de-selecao-de-edital-no-012022-para-vaga-de-assessor-a-tecnico-a\/\">&nbsp;<\/a><script>!function(d,s,id){var js,fjs=d.getElementsByTagName(s)[0],p=\/^http:\/.test(d.location)?'http':'https';if(!d.getElementById(id)){js=d.createElement(s);js.id=id;js.src=p+':\/\/platform.twitter.com\/widgets.js';fjs.parentNode.insertBefore(js,fjs);}}(document, 'script', 'twitter-wjs');<\/script><\/li><li class=\"gplus\" style=\"width:68px\"><div class=\"g-plusone\" data-size=\"medium\" data-href=\"https:\/\/www.caritasne2.org.br\/site\/comunicado-sobre-resultado-final-do-processo-simplificado-de-selecao-de-edital-no-012022-para-vaga-de-assessor-a-tecnico-a\/\"><\/div><\/li><li class=\"ssb_linkedin\" style=\"width:64px\"><script src=\"\/\/platform.linkedin.com\/in.js\" type=\"text\/javascript\">lang: en_US<\/script><script type=\"IN\/Share\" data-url=\"https:\/\/www.caritasne2.org.br\/site\/comunicado-sobre-resultado-final-do-processo-simplificado-de-selecao-de-edital-no-012022-para-vaga-de-assessor-a-tecnico-a\/\" data-counter=\"right\"><\/script><\/li><\/ul>","protected":false},"author":4,"featured_media":8938,"comment_status":"open","ping_status":"open","sticky":false,"template":"","format":"standard","meta":[],"categories":[21,20],"tags":[],"_links":{"self":[{"href":"https:\/\/www.caritasne2.org.br\/site\/wp-json\/wp\/v2\/posts\/8937"}],"collection":[{"href":"https:\/\/www.caritasne2.org.br\/site\/wp-json\/wp\/v2\/posts"}],"about":[{"href":"https:\/\/www.caritasne2.org.br\/site\/wp-json\/wp\/v2\/types\/post"}],"author":[{"embeddable":true,"href":"https:\/\/www.caritasne2.org.br\/site\/wp-json\/wp\/v2\/users\/4"}],"replies":[{"embeddable":true,"href":"https:\/\/www.caritasne2.org.br\/site\/wp-json\/wp\/v2\/comments?post=8937"}],"version-history":[{"count":0,"href":"https:\/\/www.caritasne2.org.br\/site\/wp-json\/wp\/v2\/posts\/8937\/revisions"}],"wp:featuredmedia":[{"embeddable":true,"href":"https:\/\/www.caritasne2.org.br\/site\/wp-json\/wp\/v2\/media\/8938"}],"wp:attachment":[{"href":"https:\/\/www.caritasne2.org.br\/site\/wp-json\/wp\/v2\/media?parent=8937"}],"wp:term":[{"taxonomy":"category","embeddable":true,"href":"https:\/\/www.caritasne2.org.br\/site\/wp-json\/wp\/v2\/categories?post=8937"},{"taxonomy":"post_tag","embeddable":true,"href":"https:\/\/www.caritasne2.org.br\/site\/wp-json\/wp\/v2\/tags?post=8937"}],"curies":[{"name":"wp","href":"https:\/\/api.w.org\/{rel}","templated":true}]}}