{"id":8903,"date":"2022-01-19T14:41:31","date_gmt":"2022-01-19T17:41:31","guid":{"rendered":"http:\/\/www.caritasne2.org.br\/?p=8903"},"modified":"2023-10-15T10:14:26","modified_gmt":"2023-10-15T13:14:26","slug":"relatorio-institucional-da-caritas-regional-ne2-2020","status":"publish","type":"post","link":"https:\/\/www.caritasne2.org.br\/site\/relatorio-institucional-da-caritas-regional-ne2-2020\/","title":{"rendered":"Confira o Relat\u00f3rio Institucional da C\u00e1ritas Brasileira NE2 2020"},"content":{"rendered":"<p style=\"text-align: justify;\">Queridos e queridas, amigos e amigas da Rede C\u00e1ritas, que a alegria da chegada deste novo ano em nossas vidas nos encha de esperan\u00e7a de um futuro melhor!<\/p>\n<p style=\"text-align: justify;\">Compartilhamos o\u00a0relat\u00f3rio\u00a0Anual das Atividades realizadas no ano de\u00a02020, para acessar <a href=\"https:\/\/www.caritasne2.org.br\/site\/wp-content\/uploads\/2022\/01\/Relat\u00f3rio-CBNE2-2020_compressed-1.pdf\">clique aqui.<\/a><\/p>\n<p style=\"text-align: justify;\">Boa leitura, e que a experi\u00eancia nos inspire a ser cada vez mais agentes da transforma\u00e7\u00e3o e promotores da sociedade do Bem Viver.<\/p>\n<p>&nbsp;<\/p>\n<ul class=\"ssb_list_wrapper\"><li class=\"fb2\" style=\"width:135px\"><iframe src=\"\/\/www.facebook.com\/plugins\/like.php?href=https%3A%2F%2Fwww.caritasne2.org.br%2Fsite%2Frelatorio-institucional-da-caritas-regional-ne2-2020%2F&amp;layout=button_count&amp;action=like&amp;show_faces=false&amp;share=true&amp;width=135&amp;height=21&amp;appId=307091639398582\" scrolling=\"no\" frameborder=\"0\" style=\"border:none; overflow:hidden;  width:150px; height:21px;\" allowTransparency=\"true\"><\/iframe><\/li><li class=\"twtr\" style=\"width:90px\"><a href=\"https:\/\/twitter.com\/share\" class=\"twitter-share-button\" data-url=\"https:\/\/www.caritasne2.org.br\/site\/relatorio-institucional-da-caritas-regional-ne2-2020\/\">&nbsp;<\/a><script>!function(d,s,id){var js,fjs=d.getElementsByTagName(s)[0],p=\/^http:\/.test(d.location)?'http':'https';if(!d.getElementById(id)){js=d.createElement(s);js.id=id;js.src=p+':\/\/platform.twitter.com\/widgets.js';fjs.parentNode.insertBefore(js,fjs);}}(document, 'script', 'twitter-wjs');<\/script><\/li><li class=\"gplus\" style=\"width:68px\"><div class=\"g-plusone\" data-size=\"medium\" data-href=\"https:\/\/www.caritasne2.org.br\/site\/relatorio-institucional-da-caritas-regional-ne2-2020\/\"><\/div><\/li><li class=\"ssb_linkedin\" style=\"width:64px\"><script src=\"\/\/platform.linkedin.com\/in.js\" type=\"text\/javascript\">lang: en_US<\/script><script type=\"IN\/Share\" data-url=\"https:\/\/www.caritasne2.org.br\/site\/relatorio-institucional-da-caritas-regional-ne2-2020\/\" data-counter=\"right\"><\/script><\/li><\/ul>","protected":false},"excerpt":{"rendered":"<p>Queridos e queridas, amigos e amigas da Rede C\u00e1ritas, que a alegria da chegada deste novo ano em nossas vidas nos encha de esperan\u00e7a de um futuro melhor! Compartilhamos o\u00a0relat\u00f3rio\u00a0Anual das Atividades realizadas no ano de\u00a02020, para acessar clique aqui. Boa leitura, e que a experi\u00eancia nos inspire a ser cada vez mais agentes da transforma\u00e7\u00e3o e promotores da sociedade do Bem Viver. &nbsp; &nbsp;<\/p>\n<ul class=\"ssb_list_wrapper\"><li class=\"fb2\" style=\"width:135px\"><iframe src=\"\/\/www.facebook.com\/plugins\/like.php?href=https%3A%2F%2Fwww.caritasne2.org.br%2Fsite%2Frelatorio-institucional-da-caritas-regional-ne2-2020%2F&amp;layout=button_count&amp;action=like&amp;show_faces=false&amp;share=true&amp;width=135&amp;height=21&amp;appId=307091639398582\" scrolling=\"no\" frameborder=\"0\" style=\"border:none; overflow:hidden;  width:150px; height:21px;\" allowTransparency=\"true\"><\/iframe><\/li><li class=\"twtr\" style=\"width:90px\"><a href=\"https:\/\/twitter.com\/share\" class=\"twitter-share-button\" data-url=\"https:\/\/www.caritasne2.org.br\/site\/relatorio-institucional-da-caritas-regional-ne2-2020\/\">&nbsp;<\/a><script>!function(d,s,id){var js,fjs=d.getElementsByTagName(s)[0],p=\/^http:\/.test(d.location)?'http':'https';if(!d.getElementById(id)){js=d.createElement(s);js.id=id;js.src=p+':\/\/platform.twitter.com\/widgets.js';fjs.parentNode.insertBefore(js,fjs);}}(document, 'script', 'twitter-wjs');<\/script><\/li><li class=\"gplus\" style=\"width:68px\"><div class=\"g-plusone\" data-size=\"medium\" data-href=\"https:\/\/www.caritasne2.org.br\/site\/relatorio-institucional-da-caritas-regional-ne2-2020\/\"><\/div><\/li><li class=\"ssb_linkedin\" style=\"width:64px\"><script src=\"\/\/platform.linkedin.com\/in.js\" type=\"text\/javascript\">lang: en_US<\/script><script type=\"IN\/Share\" data-url=\"https:\/\/www.caritasne2.org.br\/site\/relatorio-institucional-da-caritas-regional-ne2-2020\/\" data-counter=\"right\"><\/script><\/li><\/ul>","protected":false},"author":4,"featured_media":8904,"comment_status":"open","ping_status":"open","sticky":false,"template":"","format":"standard","meta":[],"categories":[20],"tags":[],"_links":{"self":[{"href":"https:\/\/www.caritasne2.org.br\/site\/wp-json\/wp\/v2\/posts\/8903"}],"collection":[{"href":"https:\/\/www.caritasne2.org.br\/site\/wp-json\/wp\/v2\/posts"}],"about":[{"href":"https:\/\/www.caritasne2.org.br\/site\/wp-json\/wp\/v2\/types\/post"}],"author":[{"embeddable":true,"href":"https:\/\/www.caritasne2.org.br\/site\/wp-json\/wp\/v2\/users\/4"}],"replies":[{"embeddable":true,"href":"https:\/\/www.caritasne2.org.br\/site\/wp-json\/wp\/v2\/comments?post=8903"}],"version-history":[{"count":1,"href":"https:\/\/www.caritasne2.org.br\/site\/wp-json\/wp\/v2\/posts\/8903\/revisions"}],"predecessor-version":[{"id":11477,"href":"https:\/\/www.caritasne2.org.br\/site\/wp-json\/wp\/v2\/posts\/8903\/revisions\/11477"}],"wp:featuredmedia":[{"embeddable":true,"href":"https:\/\/www.caritasne2.org.br\/site\/wp-json\/wp\/v2\/media\/8904"}],"wp:attachment":[{"href":"https:\/\/www.caritasne2.org.br\/site\/wp-json\/wp\/v2\/media?parent=8903"}],"wp:term":[{"taxonomy":"category","embeddable":true,"href":"https:\/\/www.caritasne2.org.br\/site\/wp-json\/wp\/v2\/categories?post=8903"},{"taxonomy":"post_tag","embeddable":true,"href":"https:\/\/www.caritasne2.org.br\/site\/wp-json\/wp\/v2\/tags?post=8903"}],"curies":[{"name":"wp","href":"https:\/\/api.w.org\/{rel}","templated":true}]}}