{"id":8876,"date":"2022-01-17T11:08:18","date_gmt":"2022-01-17T14:08:18","guid":{"rendered":"http:\/\/www.caritasne2.org.br\/?p=8876"},"modified":"2022-01-17T12:44:20","modified_gmt":"2022-01-17T15:44:20","slug":"comunicado-do-processo-simplificado-modalidade-selecao-de-curriculo-edital-n012022-para-vaga-de-assessor-tecnico","status":"publish","type":"post","link":"https:\/\/www.caritasne2.org.br\/site\/comunicado-do-processo-simplificado-modalidade-selecao-de-curriculo-edital-n012022-para-vaga-de-assessor-tecnico\/","title":{"rendered":"Comunicado do processo simplificado modalidade sele\u00e7\u00e3o de curr\u00edculo edital N\u00b001\/2022 para vaga de Assessor(a) T\u00e9cnico(a)"},"content":{"rendered":"<p>A C\u00e1ritas Brasileira Regional Nordeste 2, organismo da Confer\u00eancia Nacional dos Bispos do Brasil (CNBB), com atua\u00e7\u00e3o nos Estados de Alagoas, Para\u00edba, Pernambuco e Rio Grande do Norte, torna p\u00fablico o resultado do processo seletivo simplificado modalidade Sele\u00e7\u00e3o de Curr\u00edculos \u2013 conforme edital N\u00ba 01\/2022 \u2013 Janeiro de 2022, para a vaga na \u00a0fun\u00e7\u00e3o de Assessor(a) T\u00e9cnico(a).<\/p>\n<ul>\n<li>Afonso Cavalcanti<\/li>\n<li>Alvacir Jr<\/li>\n<li>Felipe Falc\u00e3o<\/li>\n<li>Henrique Marinho<\/li>\n<li>Vanessa Sousa<\/li>\n<\/ul>\n<p>Os selecionados devem aguardar contato para as datas das entrevistas.<\/p>\n<p>Recife,\u00a017 de Janeiro de 2022<\/p>\n<p>Comissa\u0303o de Selec\u0327a\u0303o<\/p>\n<p>Ca\u0301ritas Brasileira NE2<\/p>\n<ul class=\"ssb_list_wrapper\"><li class=\"fb2\" style=\"width:135px\"><iframe src=\"\/\/www.facebook.com\/plugins\/like.php?href=https%3A%2F%2Fwww.caritasne2.org.br%2Fsite%2Fcomunicado-do-processo-simplificado-modalidade-selecao-de-curriculo-edital-n012022-para-vaga-de-assessor-tecnico%2F&amp;layout=button_count&amp;action=like&amp;show_faces=false&amp;share=true&amp;width=135&amp;height=21&amp;appId=307091639398582\" scrolling=\"no\" frameborder=\"0\" style=\"border:none; overflow:hidden;  width:150px; height:21px;\" allowTransparency=\"true\"><\/iframe><\/li><li class=\"twtr\" style=\"width:90px\"><a href=\"https:\/\/twitter.com\/share\" class=\"twitter-share-button\" data-url=\"https:\/\/www.caritasne2.org.br\/site\/comunicado-do-processo-simplificado-modalidade-selecao-de-curriculo-edital-n012022-para-vaga-de-assessor-tecnico\/\">&nbsp;<\/a><script>!function(d,s,id){var js,fjs=d.getElementsByTagName(s)[0],p=\/^http:\/.test(d.location)?'http':'https';if(!d.getElementById(id)){js=d.createElement(s);js.id=id;js.src=p+':\/\/platform.twitter.com\/widgets.js';fjs.parentNode.insertBefore(js,fjs);}}(document, 'script', 'twitter-wjs');<\/script><\/li><li class=\"gplus\" style=\"width:68px\"><div class=\"g-plusone\" data-size=\"medium\" data-href=\"https:\/\/www.caritasne2.org.br\/site\/comunicado-do-processo-simplificado-modalidade-selecao-de-curriculo-edital-n012022-para-vaga-de-assessor-tecnico\/\"><\/div><\/li><li class=\"ssb_linkedin\" style=\"width:64px\"><script src=\"\/\/platform.linkedin.com\/in.js\" type=\"text\/javascript\">lang: en_US<\/script><script type=\"IN\/Share\" data-url=\"https:\/\/www.caritasne2.org.br\/site\/comunicado-do-processo-simplificado-modalidade-selecao-de-curriculo-edital-n012022-para-vaga-de-assessor-tecnico\/\" data-counter=\"right\"><\/script><\/li><\/ul>","protected":false},"excerpt":{"rendered":"<p>A C\u00e1ritas Brasileira Regional Nordeste 2, organismo da Confer\u00eancia Nacional dos Bispos do Brasil (CNBB), com atua\u00e7\u00e3o nos Estados de Alagoas, Para\u00edba, Pernambuco e Rio Grande do Norte, torna p\u00fablico o resultado do processo seletivo simplificado modalidade Sele\u00e7\u00e3o de Curr\u00edculos \u2013 conforme edital N\u00ba 01\/2022 \u2013 Janeiro de 2022, para a vaga na \u00a0fun\u00e7\u00e3o de Assessor(a) T\u00e9cnico(a). Afonso Cavalcanti Alvacir Jr Felipe Falc\u00e3o Henrique Marinho [&hellip;]<\/p>\n<ul class=\"ssb_list_wrapper\"><li class=\"fb2\" style=\"width:135px\"><iframe src=\"\/\/www.facebook.com\/plugins\/like.php?href=https%3A%2F%2Fwww.caritasne2.org.br%2Fsite%2Fcomunicado-do-processo-simplificado-modalidade-selecao-de-curriculo-edital-n012022-para-vaga-de-assessor-tecnico%2F&amp;layout=button_count&amp;action=like&amp;show_faces=false&amp;share=true&amp;width=135&amp;height=21&amp;appId=307091639398582\" scrolling=\"no\" frameborder=\"0\" style=\"border:none; overflow:hidden;  width:150px; height:21px;\" allowTransparency=\"true\"><\/iframe><\/li><li class=\"twtr\" style=\"width:90px\"><a href=\"https:\/\/twitter.com\/share\" class=\"twitter-share-button\" data-url=\"https:\/\/www.caritasne2.org.br\/site\/comunicado-do-processo-simplificado-modalidade-selecao-de-curriculo-edital-n012022-para-vaga-de-assessor-tecnico\/\">&nbsp;<\/a><script>!function(d,s,id){var js,fjs=d.getElementsByTagName(s)[0],p=\/^http:\/.test(d.location)?'http':'https';if(!d.getElementById(id)){js=d.createElement(s);js.id=id;js.src=p+':\/\/platform.twitter.com\/widgets.js';fjs.parentNode.insertBefore(js,fjs);}}(document, 'script', 'twitter-wjs');<\/script><\/li><li class=\"gplus\" style=\"width:68px\"><div class=\"g-plusone\" data-size=\"medium\" data-href=\"https:\/\/www.caritasne2.org.br\/site\/comunicado-do-processo-simplificado-modalidade-selecao-de-curriculo-edital-n012022-para-vaga-de-assessor-tecnico\/\"><\/div><\/li><li class=\"ssb_linkedin\" style=\"width:64px\"><script src=\"\/\/platform.linkedin.com\/in.js\" type=\"text\/javascript\">lang: en_US<\/script><script type=\"IN\/Share\" data-url=\"https:\/\/www.caritasne2.org.br\/site\/comunicado-do-processo-simplificado-modalidade-selecao-de-curriculo-edital-n012022-para-vaga-de-assessor-tecnico\/\" data-counter=\"right\"><\/script><\/li><\/ul>","protected":false},"author":4,"featured_media":8877,"comment_status":"open","ping_status":"open","sticky":false,"template":"","format":"standard","meta":[],"categories":[21,20],"tags":[],"_links":{"self":[{"href":"https:\/\/www.caritasne2.org.br\/site\/wp-json\/wp\/v2\/posts\/8876"}],"collection":[{"href":"https:\/\/www.caritasne2.org.br\/site\/wp-json\/wp\/v2\/posts"}],"about":[{"href":"https:\/\/www.caritasne2.org.br\/site\/wp-json\/wp\/v2\/types\/post"}],"author":[{"embeddable":true,"href":"https:\/\/www.caritasne2.org.br\/site\/wp-json\/wp\/v2\/users\/4"}],"replies":[{"embeddable":true,"href":"https:\/\/www.caritasne2.org.br\/site\/wp-json\/wp\/v2\/comments?post=8876"}],"version-history":[{"count":0,"href":"https:\/\/www.caritasne2.org.br\/site\/wp-json\/wp\/v2\/posts\/8876\/revisions"}],"wp:featuredmedia":[{"embeddable":true,"href":"https:\/\/www.caritasne2.org.br\/site\/wp-json\/wp\/v2\/media\/8877"}],"wp:attachment":[{"href":"https:\/\/www.caritasne2.org.br\/site\/wp-json\/wp\/v2\/media?parent=8876"}],"wp:term":[{"taxonomy":"category","embeddable":true,"href":"https:\/\/www.caritasne2.org.br\/site\/wp-json\/wp\/v2\/categories?post=8876"},{"taxonomy":"post_tag","embeddable":true,"href":"https:\/\/www.caritasne2.org.br\/site\/wp-json\/wp\/v2\/tags?post=8876"}],"curies":[{"name":"wp","href":"https:\/\/api.w.org\/{rel}","templated":true}]}}