{"id":8863,"date":"2022-01-12T17:47:15","date_gmt":"2022-01-12T20:47:15","guid":{"rendered":"http:\/\/www.caritasne2.org.br\/?p=8863"},"modified":"2022-01-12T18:02:40","modified_gmt":"2022-01-12T21:02:40","slug":"projeto-aguas-para-educar-executado-pela-caritas-regional-ne2-promove-implementacoes-de-cuidado-com-a-casa-comum-para-300-pessoas-no-rio-grande-do-norte","status":"publish","type":"post","link":"https:\/\/www.caritasne2.org.br\/site\/projeto-aguas-para-educar-executado-pela-caritas-regional-ne2-promove-implementacoes-de-cuidado-com-a-casa-comum-para-300-pessoas-no-rio-grande-do-norte\/","title":{"rendered":"Projeto \u00c1guas para Educar executado pela C\u00e1ritas Regional NE2 promove implementa\u00e7\u00f5es de cuidado com a Casa Comum para 300 pessoas no Rio Grande do Norte"},"content":{"rendered":"<p style=\"text-align: center;\"><em>A iniciativa foi uma parceria da CBNE2 com a Coca Cola e Banco Nacional de Desenvolvimento Econ\u00f4mico e Social e se encerrou no fim de 2021<\/em><\/p>\n<p style=\"text-align: justify;\">\u201cA realidade pode mudar, o homem pode mudar. Procurem ser voc\u00eas os primeiros a praticar o bem, a n\u00e3o se acostumarem com o mal e sim venc\u00ea-lo\u201d <strong>Papa Francisco<\/strong><\/p>\n<p style=\"text-align: justify;\">A solidariedade como ferramenta de mudan\u00e7a \u00e9 um mote muito importante para se trabalhar, ela est\u00e1 intr\u00ednseca nos princ\u00edpios defendidos pela C\u00e1ritas Regional NE2 quanto institui\u00e7\u00e3o e organismo da igreja cat\u00f3lica. E partindo desse pressuposto e da frase do Papa acima, a CBNE2 e financiadores atrav\u00e9s do Projeto \u00c1guas para Educar, uma parceria com a Coca Cola e o Banco Nacional de Desenvolvimento Econ\u00f4mico e Social, conseguiram fomentar a semente da mudan\u00e7a e sensibiliza\u00e7\u00e3o em mais de 300 pessoas no Rio Grande do Norte, por meio da a\u00e7\u00e3o da C\u00e1ritas Diocesana de Caic\u00f3 no territ\u00f3rio da Diocese de Mossor\u00f3 junto \u00e0 parceiros.<\/p>\n<p><a href=\"http:\/\/www.caritasne2.org.br\/projeto-aguas-para-educar-executado-pela-caritas-regional-ne2-promove-implementacoes-de-cuidado-com-a-casa-comum-para-300-pessoas-no-rio-grande-do-norte\/img_7810\/\" rel=\"attachment wp-att-8867\"><img decoding=\"async\" loading=\"lazy\" class=\"aligncenter wp-image-8867\" src=\"http:\/\/www.caritasne2.org.br\/wp-content\/uploads\/2022\/01\/IMG_7810.jpg\" alt=\"\" width=\"673\" height=\"505\" srcset=\"https:\/\/www.caritasne2.org.br\/site\/wp-content\/uploads\/2022\/01\/IMG_7810.jpg 4032w, https:\/\/www.caritasne2.org.br\/site\/wp-content\/uploads\/2022\/01\/IMG_7810-300x225.jpg 300w, https:\/\/www.caritasne2.org.br\/site\/wp-content\/uploads\/2022\/01\/IMG_7810-768x576.jpg 768w, https:\/\/www.caritasne2.org.br\/site\/wp-content\/uploads\/2022\/01\/IMG_7810-1024x768.jpg 1024w\" sizes=\"(max-width: 673px) 100vw, 673px\" \/><\/a><\/p>\n<p style=\"text-align: justify;\">Foram seis meses de atua\u00e7\u00e3o do projeto, que foi dividido e implementado em quatro fases: An\u00e1lise de Campo, Entrega de materiais (trabalho de Campo), Constru\u00e7\u00f5es de Tecnologias Sociais e Forma\u00e7\u00f5es Contextualizadas sobre agroecologia.<\/p>\n<p style=\"text-align: justify;\">Durante as v\u00e1rias fases do projeto, muitas pessoas se uniram como agentes de mobiliza\u00e7\u00e3o e implementa\u00e7\u00e3o, sendo: clero, educadores\/as representantes de institui\u00e7\u00f5es de terceiro setor e privadas, agentes C\u00e1ritas, representantes do governo, municipal e estadual, entre outros.<\/p>\n<p style=\"text-align: justify;\"><strong>O projeto<\/strong><\/p>\n<p style=\"text-align: justify;\">Ao final do projeto, 05 (cinco) escolas rurais, nos 03 (tr\u00eas) munic\u00edpios (Serrinha dos Pintos, Pil\u00f5es e Alexandria, territ\u00f3rio do Alto Oeste), foram contempladas com o projeto que teve como objetivo a sensibiliza\u00e7\u00e3o sobre o reuso da \u00e1gua, por meio de bio\u00e1guas, para alunos\/as , fam\u00edlias e professores\/as assim como assegurar a seguran\u00e7a alimentar e nutricional, e efetivar a implementa\u00e7\u00e3o de cisternas nas escolas para capta\u00e7\u00e3o e armazenamento de \u00e1gua da chuva.<\/p>\n<p><a href=\"http:\/\/www.caritasne2.org.br\/projeto-aguas-para-educar-executado-pela-caritas-regional-ne2-promove-implementacoes-de-cuidado-com-a-casa-comum-para-300-pessoas-no-rio-grande-do-norte\/img_8133\/\" rel=\"attachment wp-att-8864\"><img decoding=\"async\" loading=\"lazy\" class=\"aligncenter wp-image-8864\" src=\"http:\/\/www.caritasne2.org.br\/wp-content\/uploads\/2022\/01\/IMG_8133.jpg\" alt=\"\" width=\"694\" height=\"521\" srcset=\"https:\/\/www.caritasne2.org.br\/site\/wp-content\/uploads\/2022\/01\/IMG_8133.jpg 4032w, https:\/\/www.caritasne2.org.br\/site\/wp-content\/uploads\/2022\/01\/IMG_8133-300x225.jpg 300w, https:\/\/www.caritasne2.org.br\/site\/wp-content\/uploads\/2022\/01\/IMG_8133-768x576.jpg 768w, https:\/\/www.caritasne2.org.br\/site\/wp-content\/uploads\/2022\/01\/IMG_8133-1024x768.jpg 1024w\" sizes=\"(max-width: 694px) 100vw, 694px\" \/><\/a><\/p>\n<p><a href=\"http:\/\/www.caritasne2.org.br\/projeto-aguas-para-educar-executado-pela-caritas-regional-ne2-promove-implementacoes-de-cuidado-com-a-casa-comum-para-300-pessoas-no-rio-grande-do-norte\/img_7843\/\" rel=\"attachment wp-att-8870\"><img decoding=\"async\" loading=\"lazy\" class=\"aligncenter wp-image-8870\" src=\"http:\/\/www.caritasne2.org.br\/wp-content\/uploads\/2022\/01\/IMG_7843.jpg\" alt=\"\" width=\"693\" height=\"519\" srcset=\"https:\/\/www.caritasne2.org.br\/site\/wp-content\/uploads\/2022\/01\/IMG_7843.jpg 4032w, https:\/\/www.caritasne2.org.br\/site\/wp-content\/uploads\/2022\/01\/IMG_7843-300x225.jpg 300w, https:\/\/www.caritasne2.org.br\/site\/wp-content\/uploads\/2022\/01\/IMG_7843-768x576.jpg 768w, https:\/\/www.caritasne2.org.br\/site\/wp-content\/uploads\/2022\/01\/IMG_7843-1024x768.jpg 1024w\" sizes=\"(max-width: 693px) 100vw, 693px\" \/><\/a><\/p>\n<ul class=\"ssb_list_wrapper\"><li class=\"fb2\" style=\"width:135px\"><iframe src=\"\/\/www.facebook.com\/plugins\/like.php?href=https%3A%2F%2Fwww.caritasne2.org.br%2Fsite%2Fprojeto-aguas-para-educar-executado-pela-caritas-regional-ne2-promove-implementacoes-de-cuidado-com-a-casa-comum-para-300-pessoas-no-rio-grande-do-norte%2F&amp;layout=button_count&amp;action=like&amp;show_faces=false&amp;share=true&amp;width=135&amp;height=21&amp;appId=307091639398582\" scrolling=\"no\" frameborder=\"0\" style=\"border:none; overflow:hidden;  width:150px; height:21px;\" allowTransparency=\"true\"><\/iframe><\/li><li class=\"twtr\" style=\"width:90px\"><a href=\"https:\/\/twitter.com\/share\" class=\"twitter-share-button\" data-url=\"https:\/\/www.caritasne2.org.br\/site\/projeto-aguas-para-educar-executado-pela-caritas-regional-ne2-promove-implementacoes-de-cuidado-com-a-casa-comum-para-300-pessoas-no-rio-grande-do-norte\/\">&nbsp;<\/a><script>!function(d,s,id){var js,fjs=d.getElementsByTagName(s)[0],p=\/^http:\/.test(d.location)?'http':'https';if(!d.getElementById(id)){js=d.createElement(s);js.id=id;js.src=p+':\/\/platform.twitter.com\/widgets.js';fjs.parentNode.insertBefore(js,fjs);}}(document, 'script', 'twitter-wjs');<\/script><\/li><li class=\"gplus\" style=\"width:68px\"><div class=\"g-plusone\" data-size=\"medium\" data-href=\"https:\/\/www.caritasne2.org.br\/site\/projeto-aguas-para-educar-executado-pela-caritas-regional-ne2-promove-implementacoes-de-cuidado-com-a-casa-comum-para-300-pessoas-no-rio-grande-do-norte\/\"><\/div><\/li><li class=\"ssb_linkedin\" style=\"width:64px\"><script src=\"\/\/platform.linkedin.com\/in.js\" type=\"text\/javascript\">lang: en_US<\/script><script type=\"IN\/Share\" data-url=\"https:\/\/www.caritasne2.org.br\/site\/projeto-aguas-para-educar-executado-pela-caritas-regional-ne2-promove-implementacoes-de-cuidado-com-a-casa-comum-para-300-pessoas-no-rio-grande-do-norte\/\" data-counter=\"right\"><\/script><\/li><\/ul>","protected":false},"excerpt":{"rendered":"<p>A iniciativa foi uma parceria da CBNE2 com a Coca Cola e Banco Nacional de Desenvolvimento Econ\u00f4mico e Social e se encerrou no fim de 2021 \u201cA realidade pode mudar, o homem pode mudar. Procurem ser voc\u00eas os primeiros a praticar o bem, a n\u00e3o se acostumarem com o mal e sim venc\u00ea-lo\u201d Papa Francisco A solidariedade como ferramenta de mudan\u00e7a \u00e9 um mote muito [&hellip;]<\/p>\n<ul class=\"ssb_list_wrapper\"><li class=\"fb2\" style=\"width:135px\"><iframe src=\"\/\/www.facebook.com\/plugins\/like.php?href=https%3A%2F%2Fwww.caritasne2.org.br%2Fsite%2Fprojeto-aguas-para-educar-executado-pela-caritas-regional-ne2-promove-implementacoes-de-cuidado-com-a-casa-comum-para-300-pessoas-no-rio-grande-do-norte%2F&amp;layout=button_count&amp;action=like&amp;show_faces=false&amp;share=true&amp;width=135&amp;height=21&amp;appId=307091639398582\" scrolling=\"no\" frameborder=\"0\" style=\"border:none; overflow:hidden;  width:150px; height:21px;\" allowTransparency=\"true\"><\/iframe><\/li><li class=\"twtr\" style=\"width:90px\"><a href=\"https:\/\/twitter.com\/share\" class=\"twitter-share-button\" data-url=\"https:\/\/www.caritasne2.org.br\/site\/projeto-aguas-para-educar-executado-pela-caritas-regional-ne2-promove-implementacoes-de-cuidado-com-a-casa-comum-para-300-pessoas-no-rio-grande-do-norte\/\">&nbsp;<\/a><script>!function(d,s,id){var js,fjs=d.getElementsByTagName(s)[0],p=\/^http:\/.test(d.location)?'http':'https';if(!d.getElementById(id)){js=d.createElement(s);js.id=id;js.src=p+':\/\/platform.twitter.com\/widgets.js';fjs.parentNode.insertBefore(js,fjs);}}(document, 'script', 'twitter-wjs');<\/script><\/li><li class=\"gplus\" style=\"width:68px\"><div class=\"g-plusone\" data-size=\"medium\" data-href=\"https:\/\/www.caritasne2.org.br\/site\/projeto-aguas-para-educar-executado-pela-caritas-regional-ne2-promove-implementacoes-de-cuidado-com-a-casa-comum-para-300-pessoas-no-rio-grande-do-norte\/\"><\/div><\/li><li class=\"ssb_linkedin\" style=\"width:64px\"><script src=\"\/\/platform.linkedin.com\/in.js\" type=\"text\/javascript\">lang: en_US<\/script><script type=\"IN\/Share\" data-url=\"https:\/\/www.caritasne2.org.br\/site\/projeto-aguas-para-educar-executado-pela-caritas-regional-ne2-promove-implementacoes-de-cuidado-com-a-casa-comum-para-300-pessoas-no-rio-grande-do-norte\/\" data-counter=\"right\"><\/script><\/li><\/ul>","protected":false},"author":4,"featured_media":8868,"comment_status":"open","ping_status":"open","sticky":false,"template":"","format":"standard","meta":[],"categories":[21,20],"tags":[],"_links":{"self":[{"href":"https:\/\/www.caritasne2.org.br\/site\/wp-json\/wp\/v2\/posts\/8863"}],"collection":[{"href":"https:\/\/www.caritasne2.org.br\/site\/wp-json\/wp\/v2\/posts"}],"about":[{"href":"https:\/\/www.caritasne2.org.br\/site\/wp-json\/wp\/v2\/types\/post"}],"author":[{"embeddable":true,"href":"https:\/\/www.caritasne2.org.br\/site\/wp-json\/wp\/v2\/users\/4"}],"replies":[{"embeddable":true,"href":"https:\/\/www.caritasne2.org.br\/site\/wp-json\/wp\/v2\/comments?post=8863"}],"version-history":[{"count":0,"href":"https:\/\/www.caritasne2.org.br\/site\/wp-json\/wp\/v2\/posts\/8863\/revisions"}],"wp:featuredmedia":[{"embeddable":true,"href":"https:\/\/www.caritasne2.org.br\/site\/wp-json\/wp\/v2\/media\/8868"}],"wp:attachment":[{"href":"https:\/\/www.caritasne2.org.br\/site\/wp-json\/wp\/v2\/media?parent=8863"}],"wp:term":[{"taxonomy":"category","embeddable":true,"href":"https:\/\/www.caritasne2.org.br\/site\/wp-json\/wp\/v2\/categories?post=8863"},{"taxonomy":"post_tag","embeddable":true,"href":"https:\/\/www.caritasne2.org.br\/site\/wp-json\/wp\/v2\/tags?post=8863"}],"curies":[{"name":"wp","href":"https:\/\/api.w.org\/{rel}","templated":true}]}}