{"id":8839,"date":"2021-12-30T13:57:44","date_gmt":"2021-12-30T16:57:44","guid":{"rendered":"http:\/\/www.caritasne2.org.br\/?p=8839"},"modified":"2021-12-31T16:35:42","modified_gmt":"2021-12-31T19:35:42","slug":"caritas-regional-ne2-e-parceiros-lancam-carta-aberta-fomentando-doacoes-para-familias-atingidas-por-enchentes-nos-estados-da-bahia-e-minas-gerais","status":"publish","type":"post","link":"https:\/\/www.caritasne2.org.br\/site\/caritas-regional-ne2-e-parceiros-lancam-carta-aberta-fomentando-doacoes-para-familias-atingidas-por-enchentes-nos-estados-da-bahia-e-minas-gerais\/","title":{"rendered":"C\u00e1ritas Regional NE2 e Setor Social da CNBB NE 2 lan\u00e7am carta refor\u00e7ando a campanha SOS Bahia e Minas Gerais"},"content":{"rendered":"<p style=\"text-align: center;\"><em>A campanha\u00a0tem como objetivo ajudar com itens emergenciais as fam\u00edlias afetadas pelas enchentes causadas pelas chuvas\u00a0constantes nos \u00faltimos dias nos dois Estados<\/em><\/p>\n<p>H\u00e1 quase duas semanas o Brasil tem parado para acompanhar o drama e dificuldades das fam\u00edlias residentes nos Estados da Bahia e Minas Gerais por conta das fortes chuvas torrenciais.<\/p>\n<p>Diante deste ocorrido, e das enchentes que desabrigaram e mataram v\u00e1rias pessoas, a C\u00e1ritas Regional Nordeste 2 representada por seu Bispo Referencial, Dom Manoel Delson e\u00a0 a Comiss\u00e3o Regional Pastoral para a A\u00e7\u00e3o Sociotransformadora &#8211; Setor Pastoral Social NE2, &#8211;\u00a0 Dom Limac\u00eado, Bispo Auxiliar da Arquidiocese de Olinda e Recife, a Confer\u00eancia Nacional dos Bispos do Brasil (CNBB) e a C\u00e1ritas Brasileira, refor\u00e7aram a campanha #SOS BAHIA MINAS GERAIS &#8211; Solidariedade que Transborda.<\/p>\n<p>Uma carta aberta foi lan\u00e7ada, convocando a popula\u00e7\u00e3o dos quatro estados que formam a CNBB NE2\u00a0 a compartilhar a solidariedade na forma de doa\u00e7\u00f5es atrav\u00e9s da conta banc\u00e1ria e n\u00famero de PIX. As doa\u00e7\u00f5es ser\u00e3o revertidas em produtos essenciais b\u00e1sicos para subsist\u00eancia das fam\u00edlias afetadas como: alimentos, \u00e1gua pot\u00e1vel, roupas, fraldas infantis e adultas, artigos de higiene pessoal e de prote\u00e7\u00e3o contra a Covid-19.<\/p>\n<p>Para conferir a carta completa <a href=\"http:\/\/www.caritasne2.org.br\/wp-content\/uploads\/2021\/12\/Carta-SOS-Bahia-e-Minas-C\u00e1ritas-e-Setor-Social-CNBB-NE-2-correta.docx\">clique aqui<\/a> e nos ajude a ampliar essa Rede de Solidariedade que Transforma!<\/p>\n<ul class=\"ssb_list_wrapper\"><li class=\"fb2\" style=\"width:135px\"><iframe src=\"\/\/www.facebook.com\/plugins\/like.php?href=https%3A%2F%2Fwww.caritasne2.org.br%2Fsite%2Fcaritas-regional-ne2-e-parceiros-lancam-carta-aberta-fomentando-doacoes-para-familias-atingidas-por-enchentes-nos-estados-da-bahia-e-minas-gerais%2F&amp;layout=button_count&amp;action=like&amp;show_faces=false&amp;share=true&amp;width=135&amp;height=21&amp;appId=307091639398582\" scrolling=\"no\" frameborder=\"0\" style=\"border:none; overflow:hidden;  width:150px; height:21px;\" allowTransparency=\"true\"><\/iframe><\/li><li class=\"twtr\" style=\"width:90px\"><a href=\"https:\/\/twitter.com\/share\" class=\"twitter-share-button\" data-url=\"https:\/\/www.caritasne2.org.br\/site\/caritas-regional-ne2-e-parceiros-lancam-carta-aberta-fomentando-doacoes-para-familias-atingidas-por-enchentes-nos-estados-da-bahia-e-minas-gerais\/\">&nbsp;<\/a><script>!function(d,s,id){var js,fjs=d.getElementsByTagName(s)[0],p=\/^http:\/.test(d.location)?'http':'https';if(!d.getElementById(id)){js=d.createElement(s);js.id=id;js.src=p+':\/\/platform.twitter.com\/widgets.js';fjs.parentNode.insertBefore(js,fjs);}}(document, 'script', 'twitter-wjs');<\/script><\/li><li class=\"gplus\" style=\"width:68px\"><div class=\"g-plusone\" data-size=\"medium\" data-href=\"https:\/\/www.caritasne2.org.br\/site\/caritas-regional-ne2-e-parceiros-lancam-carta-aberta-fomentando-doacoes-para-familias-atingidas-por-enchentes-nos-estados-da-bahia-e-minas-gerais\/\"><\/div><\/li><li class=\"ssb_linkedin\" style=\"width:64px\"><script src=\"\/\/platform.linkedin.com\/in.js\" type=\"text\/javascript\">lang: en_US<\/script><script type=\"IN\/Share\" data-url=\"https:\/\/www.caritasne2.org.br\/site\/caritas-regional-ne2-e-parceiros-lancam-carta-aberta-fomentando-doacoes-para-familias-atingidas-por-enchentes-nos-estados-da-bahia-e-minas-gerais\/\" data-counter=\"right\"><\/script><\/li><\/ul>","protected":false},"excerpt":{"rendered":"<p>A campanha\u00a0tem como objetivo ajudar com itens emergenciais as fam\u00edlias afetadas pelas enchentes causadas pelas chuvas\u00a0constantes nos \u00faltimos dias nos dois Estados H\u00e1 quase duas semanas o Brasil tem parado para acompanhar o drama e dificuldades das fam\u00edlias residentes nos Estados da Bahia e Minas Gerais por conta das fortes chuvas torrenciais. Diante deste ocorrido, e das enchentes que desabrigaram e mataram v\u00e1rias pessoas, a [&hellip;]<\/p>\n<ul class=\"ssb_list_wrapper\"><li class=\"fb2\" style=\"width:135px\"><iframe src=\"\/\/www.facebook.com\/plugins\/like.php?href=https%3A%2F%2Fwww.caritasne2.org.br%2Fsite%2Fcaritas-regional-ne2-e-parceiros-lancam-carta-aberta-fomentando-doacoes-para-familias-atingidas-por-enchentes-nos-estados-da-bahia-e-minas-gerais%2F&amp;layout=button_count&amp;action=like&amp;show_faces=false&amp;share=true&amp;width=135&amp;height=21&amp;appId=307091639398582\" scrolling=\"no\" frameborder=\"0\" style=\"border:none; overflow:hidden;  width:150px; height:21px;\" allowTransparency=\"true\"><\/iframe><\/li><li class=\"twtr\" style=\"width:90px\"><a href=\"https:\/\/twitter.com\/share\" class=\"twitter-share-button\" data-url=\"https:\/\/www.caritasne2.org.br\/site\/caritas-regional-ne2-e-parceiros-lancam-carta-aberta-fomentando-doacoes-para-familias-atingidas-por-enchentes-nos-estados-da-bahia-e-minas-gerais\/\">&nbsp;<\/a><script>!function(d,s,id){var js,fjs=d.getElementsByTagName(s)[0],p=\/^http:\/.test(d.location)?'http':'https';if(!d.getElementById(id)){js=d.createElement(s);js.id=id;js.src=p+':\/\/platform.twitter.com\/widgets.js';fjs.parentNode.insertBefore(js,fjs);}}(document, 'script', 'twitter-wjs');<\/script><\/li><li class=\"gplus\" style=\"width:68px\"><div class=\"g-plusone\" data-size=\"medium\" data-href=\"https:\/\/www.caritasne2.org.br\/site\/caritas-regional-ne2-e-parceiros-lancam-carta-aberta-fomentando-doacoes-para-familias-atingidas-por-enchentes-nos-estados-da-bahia-e-minas-gerais\/\"><\/div><\/li><li class=\"ssb_linkedin\" style=\"width:64px\"><script src=\"\/\/platform.linkedin.com\/in.js\" type=\"text\/javascript\">lang: en_US<\/script><script type=\"IN\/Share\" data-url=\"https:\/\/www.caritasne2.org.br\/site\/caritas-regional-ne2-e-parceiros-lancam-carta-aberta-fomentando-doacoes-para-familias-atingidas-por-enchentes-nos-estados-da-bahia-e-minas-gerais\/\" data-counter=\"right\"><\/script><\/li><\/ul>","protected":false},"author":4,"featured_media":8844,"comment_status":"open","ping_status":"open","sticky":false,"template":"","format":"standard","meta":[],"categories":[21,20],"tags":[],"_links":{"self":[{"href":"https:\/\/www.caritasne2.org.br\/site\/wp-json\/wp\/v2\/posts\/8839"}],"collection":[{"href":"https:\/\/www.caritasne2.org.br\/site\/wp-json\/wp\/v2\/posts"}],"about":[{"href":"https:\/\/www.caritasne2.org.br\/site\/wp-json\/wp\/v2\/types\/post"}],"author":[{"embeddable":true,"href":"https:\/\/www.caritasne2.org.br\/site\/wp-json\/wp\/v2\/users\/4"}],"replies":[{"embeddable":true,"href":"https:\/\/www.caritasne2.org.br\/site\/wp-json\/wp\/v2\/comments?post=8839"}],"version-history":[{"count":0,"href":"https:\/\/www.caritasne2.org.br\/site\/wp-json\/wp\/v2\/posts\/8839\/revisions"}],"wp:featuredmedia":[{"embeddable":true,"href":"https:\/\/www.caritasne2.org.br\/site\/wp-json\/wp\/v2\/media\/8844"}],"wp:attachment":[{"href":"https:\/\/www.caritasne2.org.br\/site\/wp-json\/wp\/v2\/media?parent=8839"}],"wp:term":[{"taxonomy":"category","embeddable":true,"href":"https:\/\/www.caritasne2.org.br\/site\/wp-json\/wp\/v2\/categories?post=8839"},{"taxonomy":"post_tag","embeddable":true,"href":"https:\/\/www.caritasne2.org.br\/site\/wp-json\/wp\/v2\/tags?post=8839"}],"curies":[{"name":"wp","href":"https:\/\/api.w.org\/{rel}","templated":true}]}}