{"id":8830,"date":"2021-12-20T19:50:42","date_gmt":"2021-12-20T22:50:42","guid":{"rendered":"http:\/\/www.caritasne2.org.br\/?p=8830"},"modified":"2021-12-20T19:50:42","modified_gmt":"2021-12-20T22:50:42","slug":"comunicado-do-processo-simplificado-modalidade-selec%cc%a7a%cc%83o-de-curriculo-edital-no-102021-para-vaga-de-assessora-pedagogicoa","status":"publish","type":"post","link":"https:\/\/www.caritasne2.org.br\/site\/comunicado-do-processo-simplificado-modalidade-selec%cc%a7a%cc%83o-de-curriculo-edital-no-102021-para-vaga-de-assessora-pedagogicoa\/","title":{"rendered":"Comunicado do processo simplificado modalidade selec\u0327a\u0303o de curri\u0301culo edital n\u00ba 10\/2021 para vaga de Assessor(a) Pedag\u00f3gico(a)"},"content":{"rendered":"<p style=\"text-align: justify;\">A C\u00e1ritas Brasileira Regional Nordeste 2, organismo da Confer\u00eancia Nacional dos Bispos do Brasil (CNBB), com atua\u00e7\u00e3o nos Estados de Alagoas, Para\u00edba, Pernambuco e Rio Grande do Norte, torna p\u00fablico o resultado do processo seletivo simplificado modalidade Sele\u00e7\u00e3o de Curr\u00edculos e entrevista \u2013 conforme edital N\u00ba 010\/2021 \u2013 Novembro de 2021, para a vaga na \u00a0fun\u00e7\u00e3o de Assessor(a) Pedag\u00f3gico(a).<\/p>\n<ul style=\"text-align: justify;\">\n<li>Eduardo Amorim<\/li>\n<\/ul>\n<p style=\"text-align: justify;\">\n<p style=\"text-align: justify;\">A formaliza\u00e7\u00e3o da contrata\u00e7\u00e3o se dar\u00e1 mediante a aprova\u00e7\u00e3o do plano de trabalho pelo Complexo Industrial Portu\u00e1rio de Suape.<\/p>\n<p style=\"text-align: justify;\">\n<p style=\"text-align: justify;\">Recife, 20 de dezembro de 2021<\/p>\n<p style=\"text-align: justify;\">Comissa\u0303o de Selec\u0327a\u0303o<\/p>\n<p style=\"text-align: justify;\">Ca\u0301ritas Brasileira NE2<\/p>\n<p>&nbsp;<\/p>\n<ul class=\"ssb_list_wrapper\"><li class=\"fb2\" style=\"width:135px\"><iframe src=\"\/\/www.facebook.com\/plugins\/like.php?href=https%3A%2F%2Fwww.caritasne2.org.br%2Fsite%2Fcomunicado-do-processo-simplificado-modalidade-selec%25cc%25a7a%25cc%2583o-de-curriculo-edital-no-102021-para-vaga-de-assessora-pedagogicoa%2F&amp;layout=button_count&amp;action=like&amp;show_faces=false&amp;share=true&amp;width=135&amp;height=21&amp;appId=307091639398582\" scrolling=\"no\" frameborder=\"0\" style=\"border:none; overflow:hidden;  width:150px; height:21px;\" allowTransparency=\"true\"><\/iframe><\/li><li class=\"twtr\" style=\"width:90px\"><a href=\"https:\/\/twitter.com\/share\" class=\"twitter-share-button\" data-url=\"https:\/\/www.caritasne2.org.br\/site\/comunicado-do-processo-simplificado-modalidade-selec%cc%a7a%cc%83o-de-curriculo-edital-no-102021-para-vaga-de-assessora-pedagogicoa\/\">&nbsp;<\/a><script>!function(d,s,id){var js,fjs=d.getElementsByTagName(s)[0],p=\/^http:\/.test(d.location)?'http':'https';if(!d.getElementById(id)){js=d.createElement(s);js.id=id;js.src=p+':\/\/platform.twitter.com\/widgets.js';fjs.parentNode.insertBefore(js,fjs);}}(document, 'script', 'twitter-wjs');<\/script><\/li><li class=\"gplus\" style=\"width:68px\"><div class=\"g-plusone\" data-size=\"medium\" data-href=\"https:\/\/www.caritasne2.org.br\/site\/comunicado-do-processo-simplificado-modalidade-selec%cc%a7a%cc%83o-de-curriculo-edital-no-102021-para-vaga-de-assessora-pedagogicoa\/\"><\/div><\/li><li class=\"ssb_linkedin\" style=\"width:64px\"><script src=\"\/\/platform.linkedin.com\/in.js\" type=\"text\/javascript\">lang: en_US<\/script><script type=\"IN\/Share\" data-url=\"https:\/\/www.caritasne2.org.br\/site\/comunicado-do-processo-simplificado-modalidade-selec%cc%a7a%cc%83o-de-curriculo-edital-no-102021-para-vaga-de-assessora-pedagogicoa\/\" data-counter=\"right\"><\/script><\/li><\/ul>","protected":false},"excerpt":{"rendered":"<p>A C\u00e1ritas Brasileira Regional Nordeste 2, organismo da Confer\u00eancia Nacional dos Bispos do Brasil (CNBB), com atua\u00e7\u00e3o nos Estados de Alagoas, Para\u00edba, Pernambuco e Rio Grande do Norte, torna p\u00fablico o resultado do processo seletivo simplificado modalidade Sele\u00e7\u00e3o de Curr\u00edculos e entrevista \u2013 conforme edital N\u00ba 010\/2021 \u2013 Novembro de 2021, para a vaga na \u00a0fun\u00e7\u00e3o de Assessor(a) Pedag\u00f3gico(a). Eduardo Amorim A formaliza\u00e7\u00e3o da contrata\u00e7\u00e3o [&hellip;]<\/p>\n<ul class=\"ssb_list_wrapper\"><li class=\"fb2\" style=\"width:135px\"><iframe src=\"\/\/www.facebook.com\/plugins\/like.php?href=https%3A%2F%2Fwww.caritasne2.org.br%2Fsite%2Fcomunicado-do-processo-simplificado-modalidade-selec%25cc%25a7a%25cc%2583o-de-curriculo-edital-no-102021-para-vaga-de-assessora-pedagogicoa%2F&amp;layout=button_count&amp;action=like&amp;show_faces=false&amp;share=true&amp;width=135&amp;height=21&amp;appId=307091639398582\" scrolling=\"no\" frameborder=\"0\" style=\"border:none; overflow:hidden;  width:150px; height:21px;\" allowTransparency=\"true\"><\/iframe><\/li><li class=\"twtr\" style=\"width:90px\"><a href=\"https:\/\/twitter.com\/share\" class=\"twitter-share-button\" data-url=\"https:\/\/www.caritasne2.org.br\/site\/comunicado-do-processo-simplificado-modalidade-selec%cc%a7a%cc%83o-de-curriculo-edital-no-102021-para-vaga-de-assessora-pedagogicoa\/\">&nbsp;<\/a><script>!function(d,s,id){var js,fjs=d.getElementsByTagName(s)[0],p=\/^http:\/.test(d.location)?'http':'https';if(!d.getElementById(id)){js=d.createElement(s);js.id=id;js.src=p+':\/\/platform.twitter.com\/widgets.js';fjs.parentNode.insertBefore(js,fjs);}}(document, 'script', 'twitter-wjs');<\/script><\/li><li class=\"gplus\" style=\"width:68px\"><div class=\"g-plusone\" data-size=\"medium\" data-href=\"https:\/\/www.caritasne2.org.br\/site\/comunicado-do-processo-simplificado-modalidade-selec%cc%a7a%cc%83o-de-curriculo-edital-no-102021-para-vaga-de-assessora-pedagogicoa\/\"><\/div><\/li><li class=\"ssb_linkedin\" style=\"width:64px\"><script src=\"\/\/platform.linkedin.com\/in.js\" type=\"text\/javascript\">lang: en_US<\/script><script type=\"IN\/Share\" data-url=\"https:\/\/www.caritasne2.org.br\/site\/comunicado-do-processo-simplificado-modalidade-selec%cc%a7a%cc%83o-de-curriculo-edital-no-102021-para-vaga-de-assessora-pedagogicoa\/\" data-counter=\"right\"><\/script><\/li><\/ul>","protected":false},"author":4,"featured_media":8826,"comment_status":"open","ping_status":"open","sticky":false,"template":"","format":"standard","meta":[],"categories":[21,20],"tags":[],"_links":{"self":[{"href":"https:\/\/www.caritasne2.org.br\/site\/wp-json\/wp\/v2\/posts\/8830"}],"collection":[{"href":"https:\/\/www.caritasne2.org.br\/site\/wp-json\/wp\/v2\/posts"}],"about":[{"href":"https:\/\/www.caritasne2.org.br\/site\/wp-json\/wp\/v2\/types\/post"}],"author":[{"embeddable":true,"href":"https:\/\/www.caritasne2.org.br\/site\/wp-json\/wp\/v2\/users\/4"}],"replies":[{"embeddable":true,"href":"https:\/\/www.caritasne2.org.br\/site\/wp-json\/wp\/v2\/comments?post=8830"}],"version-history":[{"count":0,"href":"https:\/\/www.caritasne2.org.br\/site\/wp-json\/wp\/v2\/posts\/8830\/revisions"}],"wp:featuredmedia":[{"embeddable":true,"href":"https:\/\/www.caritasne2.org.br\/site\/wp-json\/wp\/v2\/media\/8826"}],"wp:attachment":[{"href":"https:\/\/www.caritasne2.org.br\/site\/wp-json\/wp\/v2\/media?parent=8830"}],"wp:term":[{"taxonomy":"category","embeddable":true,"href":"https:\/\/www.caritasne2.org.br\/site\/wp-json\/wp\/v2\/categories?post=8830"},{"taxonomy":"post_tag","embeddable":true,"href":"https:\/\/www.caritasne2.org.br\/site\/wp-json\/wp\/v2\/tags?post=8830"}],"curies":[{"name":"wp","href":"https:\/\/api.w.org\/{rel}","templated":true}]}}