{"id":8775,"date":"2021-11-25T17:49:19","date_gmt":"2021-11-25T20:49:19","guid":{"rendered":"http:\/\/www.caritasne2.org.br\/?p=8775"},"modified":"2021-11-25T17:49:19","modified_gmt":"2021-11-25T20:49:19","slug":"comunicado-do-processo-simplificado-modalidade-selec%cc%a7a%cc%83o-de-curriculo-edital-no-0092021","status":"publish","type":"post","link":"https:\/\/www.caritasne2.org.br\/site\/comunicado-do-processo-simplificado-modalidade-selec%cc%a7a%cc%83o-de-curriculo-edital-no-0092021\/","title":{"rendered":"Comunicado do processo simplificado modalidade selec\u0327a\u0303o de curri\u0301culo edital n\u00ba 009\/2021"},"content":{"rendered":"<p style=\"text-align: justify;\">A C\u00e1ritas Brasileira Regional Nordeste 2, organismo da Confer\u00eancia Nacional dos Bispos do Brasil ( CNBB), com atua\u00e7\u00e3o nos Estados de Alagoas, Para\u00edba, Pernambuco e Rio Grande do Norte, torna p\u00fablico o processo seletivo simplificado modalidade Sele\u00e7\u00e3o de Curr\u00edculos e entrevista \u2013 conforme edital N\u00ba 009\/2021 \u2013 Novembro de 2021,\u00a0 para 06 (seis) vagas para \u00a0fun\u00e7\u00e3o de T\u00e9cnico de Campo.<\/p>\n<p style=\"text-align: justify;\">Confira a \u00a0lista dos selecionados para as entrevistas:<\/p>\n<ul style=\"text-align: justify;\">\n<li>Aline Oliveira<\/li>\n<li>Alexandre Lemos<\/li>\n<li>Andr\u00e9 Padilha<\/li>\n<li>Claudemir da Silva<\/li>\n<li>C\u00edcero Alves<\/li>\n<li>Dayula T\u00e1cia<\/li>\n<li>Elizabeth Chami\u00e9<\/li>\n<li>H\u00e9lia Mendonca<\/li>\n<li>Levy Barros<\/li>\n<li>Luiz Henrique<\/li>\n<li>Leandro Calixto<\/li>\n<li>Miriam Lima<\/li>\n<li>Thales Felipe<\/li>\n<\/ul>\n<p style=\"text-align: justify;\">\n<p style=\"text-align: justify;\">Recife, 25 de novembro de 2021.<\/p>\n<p style=\"text-align: justify;\">Comissa\u0303o de Selec\u0327a\u0303o<\/p>\n<p style=\"text-align: justify;\">Ca\u0301ritas Brasileira NE2<\/p>\n<ul class=\"ssb_list_wrapper\"><li class=\"fb2\" style=\"width:135px\"><iframe src=\"\/\/www.facebook.com\/plugins\/like.php?href=https%3A%2F%2Fwww.caritasne2.org.br%2Fsite%2Fcomunicado-do-processo-simplificado-modalidade-selec%25cc%25a7a%25cc%2583o-de-curriculo-edital-no-0092021%2F&amp;layout=button_count&amp;action=like&amp;show_faces=false&amp;share=true&amp;width=135&amp;height=21&amp;appId=307091639398582\" scrolling=\"no\" frameborder=\"0\" style=\"border:none; overflow:hidden;  width:150px; height:21px;\" allowTransparency=\"true\"><\/iframe><\/li><li class=\"twtr\" style=\"width:90px\"><a href=\"https:\/\/twitter.com\/share\" class=\"twitter-share-button\" data-url=\"https:\/\/www.caritasne2.org.br\/site\/comunicado-do-processo-simplificado-modalidade-selec%cc%a7a%cc%83o-de-curriculo-edital-no-0092021\/\">&nbsp;<\/a><script>!function(d,s,id){var js,fjs=d.getElementsByTagName(s)[0],p=\/^http:\/.test(d.location)?'http':'https';if(!d.getElementById(id)){js=d.createElement(s);js.id=id;js.src=p+':\/\/platform.twitter.com\/widgets.js';fjs.parentNode.insertBefore(js,fjs);}}(document, 'script', 'twitter-wjs');<\/script><\/li><li class=\"gplus\" style=\"width:68px\"><div class=\"g-plusone\" data-size=\"medium\" data-href=\"https:\/\/www.caritasne2.org.br\/site\/comunicado-do-processo-simplificado-modalidade-selec%cc%a7a%cc%83o-de-curriculo-edital-no-0092021\/\"><\/div><\/li><li class=\"ssb_linkedin\" style=\"width:64px\"><script src=\"\/\/platform.linkedin.com\/in.js\" type=\"text\/javascript\">lang: en_US<\/script><script type=\"IN\/Share\" data-url=\"https:\/\/www.caritasne2.org.br\/site\/comunicado-do-processo-simplificado-modalidade-selec%cc%a7a%cc%83o-de-curriculo-edital-no-0092021\/\" data-counter=\"right\"><\/script><\/li><\/ul>","protected":false},"excerpt":{"rendered":"<p>A C\u00e1ritas Brasileira Regional Nordeste 2, organismo da Confer\u00eancia Nacional dos Bispos do Brasil ( CNBB), com atua\u00e7\u00e3o nos Estados de Alagoas, Para\u00edba, Pernambuco e Rio Grande do Norte, torna p\u00fablico o processo seletivo simplificado modalidade Sele\u00e7\u00e3o de Curr\u00edculos e entrevista \u2013 conforme edital N\u00ba 009\/2021 \u2013 Novembro de 2021,\u00a0 para 06 (seis) vagas para \u00a0fun\u00e7\u00e3o de T\u00e9cnico de Campo. Confira a \u00a0lista dos selecionados [&hellip;]<\/p>\n<ul class=\"ssb_list_wrapper\"><li class=\"fb2\" style=\"width:135px\"><iframe src=\"\/\/www.facebook.com\/plugins\/like.php?href=https%3A%2F%2Fwww.caritasne2.org.br%2Fsite%2Fcomunicado-do-processo-simplificado-modalidade-selec%25cc%25a7a%25cc%2583o-de-curriculo-edital-no-0092021%2F&amp;layout=button_count&amp;action=like&amp;show_faces=false&amp;share=true&amp;width=135&amp;height=21&amp;appId=307091639398582\" scrolling=\"no\" frameborder=\"0\" style=\"border:none; overflow:hidden;  width:150px; height:21px;\" allowTransparency=\"true\"><\/iframe><\/li><li class=\"twtr\" style=\"width:90px\"><a href=\"https:\/\/twitter.com\/share\" class=\"twitter-share-button\" data-url=\"https:\/\/www.caritasne2.org.br\/site\/comunicado-do-processo-simplificado-modalidade-selec%cc%a7a%cc%83o-de-curriculo-edital-no-0092021\/\">&nbsp;<\/a><script>!function(d,s,id){var js,fjs=d.getElementsByTagName(s)[0],p=\/^http:\/.test(d.location)?'http':'https';if(!d.getElementById(id)){js=d.createElement(s);js.id=id;js.src=p+':\/\/platform.twitter.com\/widgets.js';fjs.parentNode.insertBefore(js,fjs);}}(document, 'script', 'twitter-wjs');<\/script><\/li><li class=\"gplus\" style=\"width:68px\"><div class=\"g-plusone\" data-size=\"medium\" data-href=\"https:\/\/www.caritasne2.org.br\/site\/comunicado-do-processo-simplificado-modalidade-selec%cc%a7a%cc%83o-de-curriculo-edital-no-0092021\/\"><\/div><\/li><li class=\"ssb_linkedin\" style=\"width:64px\"><script src=\"\/\/platform.linkedin.com\/in.js\" type=\"text\/javascript\">lang: en_US<\/script><script type=\"IN\/Share\" data-url=\"https:\/\/www.caritasne2.org.br\/site\/comunicado-do-processo-simplificado-modalidade-selec%cc%a7a%cc%83o-de-curriculo-edital-no-0092021\/\" data-counter=\"right\"><\/script><\/li><\/ul>","protected":false},"author":4,"featured_media":8724,"comment_status":"open","ping_status":"open","sticky":false,"template":"","format":"standard","meta":[],"categories":[21,174,20],"tags":[],"_links":{"self":[{"href":"https:\/\/www.caritasne2.org.br\/site\/wp-json\/wp\/v2\/posts\/8775"}],"collection":[{"href":"https:\/\/www.caritasne2.org.br\/site\/wp-json\/wp\/v2\/posts"}],"about":[{"href":"https:\/\/www.caritasne2.org.br\/site\/wp-json\/wp\/v2\/types\/post"}],"author":[{"embeddable":true,"href":"https:\/\/www.caritasne2.org.br\/site\/wp-json\/wp\/v2\/users\/4"}],"replies":[{"embeddable":true,"href":"https:\/\/www.caritasne2.org.br\/site\/wp-json\/wp\/v2\/comments?post=8775"}],"version-history":[{"count":0,"href":"https:\/\/www.caritasne2.org.br\/site\/wp-json\/wp\/v2\/posts\/8775\/revisions"}],"wp:featuredmedia":[{"embeddable":true,"href":"https:\/\/www.caritasne2.org.br\/site\/wp-json\/wp\/v2\/media\/8724"}],"wp:attachment":[{"href":"https:\/\/www.caritasne2.org.br\/site\/wp-json\/wp\/v2\/media?parent=8775"}],"wp:term":[{"taxonomy":"category","embeddable":true,"href":"https:\/\/www.caritasne2.org.br\/site\/wp-json\/wp\/v2\/categories?post=8775"},{"taxonomy":"post_tag","embeddable":true,"href":"https:\/\/www.caritasne2.org.br\/site\/wp-json\/wp\/v2\/tags?post=8775"}],"curies":[{"name":"wp","href":"https:\/\/api.w.org\/{rel}","templated":true}]}}