{"id":8749,"date":"2021-11-25T11:05:30","date_gmt":"2021-11-25T14:05:30","guid":{"rendered":"http:\/\/www.caritasne2.org.br\/?p=8749"},"modified":"2021-11-25T11:16:05","modified_gmt":"2021-11-25T14:16:05","slug":"caritas-nordeste-2-assume-assento-e-participa-da-primeira-reuniao-plenaria-de-conselho-estrategico-cedesrecife","status":"publish","type":"post","link":"https:\/\/www.caritasne2.org.br\/site\/caritas-nordeste-2-assume-assento-e-participa-da-primeira-reuniao-plenaria-de-conselho-estrategico-cedesrecife\/","title":{"rendered":"C\u00e1ritas Nordeste 2 assume assento e  participa da primeira reuni\u00e3o plen\u00e1ria de conselho estrat\u00e9gico- CEDES\/Recife"},"content":{"rendered":"<p style=\"text-align: center;\"><em>O conselho visa formular pol\u00edticas p\u00fablicas para promover o desenvolvimento econ\u00f4mico e social e combate \u00e0 desigualdade<\/em><\/p>\n<p style=\"text-align: justify;\">Nesta quarta-feira, 24 , a secret\u00e1ria executiva da C\u00e1ritas Brasileira\u00a0 Nordeste 2, Neilda Pereira participou da primeira plen\u00e1ria do Conselho Estrat\u00e9gico de Desenvolvimento Econ\u00f4mico e Social do Recife (CEDES\/Recife),\u00a0 criado pelo prefeito\u00a0 da cidade do Recife, Jo\u00e3o Campos.<\/p>\n<p style=\"text-align: justify;\">Assumindo a fun\u00e7\u00e3o de Conselheira, com mais\u00a0 53 conselheiros empossados tamb\u00e9m nesta data , a iniciativa tem o objetivo de criar uma inst\u00e2ncia permanente e representativa de escuta da sociedade para a formula\u00e7\u00e3o conjunta de pol\u00edticas p\u00fablicas para a promo\u00e7\u00e3o do desenvolvimento econ\u00f4mico, garantia da prote\u00e7\u00e3o social e combate \u00e0 desigualdade na capital pernambucana.<\/p>\n<p style=\"text-align: justify;\">O CEDES\/Recife possui uma Secretaria Executiva, e \u00a0tem como uma de suas atribui\u00e7\u00f5es a assist\u00eancia e assessoramento de car\u00e1ter t\u00e9cnico e administrativo ao Conselho; uma Plen\u00e1ria, que assumir\u00e1 a delibera\u00e7\u00e3o sobre as diretrizes e programas de a\u00e7\u00e3o do Conselho, a elabora\u00e7\u00e3o de estudos e propostas de pol\u00edticas p\u00fablicas ligadas ao desenvolvimento econ\u00f4mico e social da cidade, entre outros; e C\u00e2maras Tem\u00e1ticas, que ser\u00e3o formadas de acordo com as necessidades apontadas pelo Conselho e com funcionamento tempor\u00e1rio, ter\u00e3o o trabalho de formular estudos e propostas sobre temas espec\u00edficos encaminhados pela Presid\u00eancia ou pela Secretaria Executiva.<\/p>\n<p style=\"text-align: justify;\">O colegiado ter\u00e1 car\u00e1ter consultivo e ser\u00e1 presidido pelo prefeito e\u00a0 assumir\u00e1 um papel enquanto articulador junto \u00e0 sociedade, buscando o di\u00e1logo, a escuta ativa e a participa\u00e7\u00e3o efetiva de especialistas nas \u00e1reas econ\u00f4mica e social, de representa\u00e7\u00f5es governamentais e de entidades da sociedade civil.<\/p>\n<p style=\"text-align: justify;\">Segundo Neilda Pereira, \u201c estar em um espa\u00e7o com o CEDES\u00a0 \u00e9 pensar\u00a0 em iniciativas que possam valorizar e reconhecer o conjunto de a\u00e7\u00f5es que as organiza\u00e7\u00f5es desenvolvem. \u00a0Estamos em um espa\u00e7o de \u00a0articula\u00e7\u00e3o, e por isso devemos\u00a0 direcionar o nosso olhar para o desenvolvimento social, para a pauta da inclus\u00e3o com desenvolvimento das comunidades, das minorias, por que \u00e9 l\u00e1 onde a vida acontece e pulsa\u201d, comenta.<\/p>\n<p style=\"text-align: justify;\"><a href=\"http:\/\/www.caritasne2.org.br\/caritas-nordeste-2-assume-assento-e-participa-da-primeira-reuniao-plenaria-de-conselho-estrategico-cedesrecife\/img_8518\/\" rel=\"attachment wp-att-8751\"><img decoding=\"async\" loading=\"lazy\" class=\"aligncenter wp-image-8751\" src=\"http:\/\/www.caritasne2.org.br\/wp-content\/uploads\/2021\/11\/IMG_8518.jpg\" alt=\"\" width=\"473\" height=\"353\" srcset=\"https:\/\/www.caritasne2.org.br\/site\/wp-content\/uploads\/2021\/11\/IMG_8518.jpg 320w, https:\/\/www.caritasne2.org.br\/site\/wp-content\/uploads\/2021\/11\/IMG_8518-300x225.jpg 300w\" sizes=\"(max-width: 473px) 100vw, 473px\" \/><\/a><\/p>\n<p style=\"text-align: justify;\"><a href=\"http:\/\/www.caritasne2.org.br\/caritas-nordeste-2-assume-assento-e-participa-da-primeira-reuniao-plenaria-de-conselho-estrategico-cedesrecife\/img_8529\/\" rel=\"attachment wp-att-8754\"><img decoding=\"async\" loading=\"lazy\" class=\"aligncenter wp-image-8754\" src=\"http:\/\/www.caritasne2.org.br\/wp-content\/uploads\/2021\/11\/IMG_8529.jpg\" alt=\"\" width=\"467\" height=\"350\" srcset=\"https:\/\/www.caritasne2.org.br\/site\/wp-content\/uploads\/2021\/11\/IMG_8529.jpg 320w, https:\/\/www.caritasne2.org.br\/site\/wp-content\/uploads\/2021\/11\/IMG_8529-300x225.jpg 300w\" sizes=\"(max-width: 467px) 100vw, 467px\" \/><\/a><\/p>\n<p style=\"text-align: justify;\"><a href=\"http:\/\/www.caritasne2.org.br\/caritas-nordeste-2-assume-assento-e-participa-da-primeira-reuniao-plenaria-de-conselho-estrategico-cedesrecife\/img_8526\/\" rel=\"attachment wp-att-8752\"><img decoding=\"async\" loading=\"lazy\" class=\"aligncenter wp-image-8752\" src=\"http:\/\/www.caritasne2.org.br\/wp-content\/uploads\/2021\/11\/IMG_8526.jpg\" alt=\"\" width=\"446\" height=\"334\" srcset=\"https:\/\/www.caritasne2.org.br\/site\/wp-content\/uploads\/2021\/11\/IMG_8526.jpg 320w, https:\/\/www.caritasne2.org.br\/site\/wp-content\/uploads\/2021\/11\/IMG_8526-300x225.jpg 300w\" sizes=\"(max-width: 446px) 100vw, 446px\" \/><\/a><\/p>\n<p>&nbsp;<\/p>\n<p><a href=\"http:\/\/www.caritasne2.org.br\/caritas-nordeste-2-assume-assento-e-participa-da-primeira-reuniao-plenaria-de-conselho-estrategico-cedesrecife\/whatsapp-image-2021-11-25-at-10-51-56-2\/\" rel=\"attachment wp-att-8757\"><img decoding=\"async\" loading=\"lazy\" class=\"aligncenter wp-image-8757\" src=\"http:\/\/www.caritasne2.org.br\/wp-content\/uploads\/2021\/11\/WhatsApp-Image-2021-11-25-at-10.51.56-2.jpeg\" alt=\"\" width=\"466\" height=\"350\" srcset=\"https:\/\/www.caritasne2.org.br\/site\/wp-content\/uploads\/2021\/11\/WhatsApp-Image-2021-11-25-at-10.51.56-2.jpeg 1024w, https:\/\/www.caritasne2.org.br\/site\/wp-content\/uploads\/2021\/11\/WhatsApp-Image-2021-11-25-at-10.51.56-2-300x225.jpeg 300w, https:\/\/www.caritasne2.org.br\/site\/wp-content\/uploads\/2021\/11\/WhatsApp-Image-2021-11-25-at-10.51.56-2-768x576.jpeg 768w\" sizes=\"(max-width: 466px) 100vw, 466px\" \/><\/a><\/p>\n<ul class=\"ssb_list_wrapper\"><li class=\"fb2\" style=\"width:135px\"><iframe src=\"\/\/www.facebook.com\/plugins\/like.php?href=https%3A%2F%2Fwww.caritasne2.org.br%2Fsite%2Fcaritas-nordeste-2-assume-assento-e-participa-da-primeira-reuniao-plenaria-de-conselho-estrategico-cedesrecife%2F&amp;layout=button_count&amp;action=like&amp;show_faces=false&amp;share=true&amp;width=135&amp;height=21&amp;appId=307091639398582\" scrolling=\"no\" frameborder=\"0\" style=\"border:none; overflow:hidden;  width:150px; height:21px;\" allowTransparency=\"true\"><\/iframe><\/li><li class=\"twtr\" style=\"width:90px\"><a href=\"https:\/\/twitter.com\/share\" class=\"twitter-share-button\" data-url=\"https:\/\/www.caritasne2.org.br\/site\/caritas-nordeste-2-assume-assento-e-participa-da-primeira-reuniao-plenaria-de-conselho-estrategico-cedesrecife\/\">&nbsp;<\/a><script>!function(d,s,id){var js,fjs=d.getElementsByTagName(s)[0],p=\/^http:\/.test(d.location)?'http':'https';if(!d.getElementById(id)){js=d.createElement(s);js.id=id;js.src=p+':\/\/platform.twitter.com\/widgets.js';fjs.parentNode.insertBefore(js,fjs);}}(document, 'script', 'twitter-wjs');<\/script><\/li><li class=\"gplus\" style=\"width:68px\"><div class=\"g-plusone\" data-size=\"medium\" data-href=\"https:\/\/www.caritasne2.org.br\/site\/caritas-nordeste-2-assume-assento-e-participa-da-primeira-reuniao-plenaria-de-conselho-estrategico-cedesrecife\/\"><\/div><\/li><li class=\"ssb_linkedin\" style=\"width:64px\"><script src=\"\/\/platform.linkedin.com\/in.js\" type=\"text\/javascript\">lang: en_US<\/script><script type=\"IN\/Share\" data-url=\"https:\/\/www.caritasne2.org.br\/site\/caritas-nordeste-2-assume-assento-e-participa-da-primeira-reuniao-plenaria-de-conselho-estrategico-cedesrecife\/\" data-counter=\"right\"><\/script><\/li><\/ul>","protected":false},"excerpt":{"rendered":"<p>O conselho visa formular pol\u00edticas p\u00fablicas para promover o desenvolvimento econ\u00f4mico e social e combate \u00e0 desigualdade Nesta quarta-feira, 24 , a secret\u00e1ria executiva da C\u00e1ritas Brasileira\u00a0 Nordeste 2, Neilda Pereira participou da primeira plen\u00e1ria do Conselho Estrat\u00e9gico de Desenvolvimento Econ\u00f4mico e Social do Recife (CEDES\/Recife),\u00a0 criado pelo prefeito\u00a0 da cidade do Recife, Jo\u00e3o Campos. Assumindo a fun\u00e7\u00e3o de Conselheira, com mais\u00a0 53 conselheiros empossados [&hellip;]<\/p>\n<ul class=\"ssb_list_wrapper\"><li class=\"fb2\" style=\"width:135px\"><iframe src=\"\/\/www.facebook.com\/plugins\/like.php?href=https%3A%2F%2Fwww.caritasne2.org.br%2Fsite%2Fcaritas-nordeste-2-assume-assento-e-participa-da-primeira-reuniao-plenaria-de-conselho-estrategico-cedesrecife%2F&amp;layout=button_count&amp;action=like&amp;show_faces=false&amp;share=true&amp;width=135&amp;height=21&amp;appId=307091639398582\" scrolling=\"no\" frameborder=\"0\" style=\"border:none; overflow:hidden;  width:150px; height:21px;\" allowTransparency=\"true\"><\/iframe><\/li><li class=\"twtr\" style=\"width:90px\"><a href=\"https:\/\/twitter.com\/share\" class=\"twitter-share-button\" data-url=\"https:\/\/www.caritasne2.org.br\/site\/caritas-nordeste-2-assume-assento-e-participa-da-primeira-reuniao-plenaria-de-conselho-estrategico-cedesrecife\/\">&nbsp;<\/a><script>!function(d,s,id){var js,fjs=d.getElementsByTagName(s)[0],p=\/^http:\/.test(d.location)?'http':'https';if(!d.getElementById(id)){js=d.createElement(s);js.id=id;js.src=p+':\/\/platform.twitter.com\/widgets.js';fjs.parentNode.insertBefore(js,fjs);}}(document, 'script', 'twitter-wjs');<\/script><\/li><li class=\"gplus\" style=\"width:68px\"><div class=\"g-plusone\" data-size=\"medium\" data-href=\"https:\/\/www.caritasne2.org.br\/site\/caritas-nordeste-2-assume-assento-e-participa-da-primeira-reuniao-plenaria-de-conselho-estrategico-cedesrecife\/\"><\/div><\/li><li class=\"ssb_linkedin\" style=\"width:64px\"><script src=\"\/\/platform.linkedin.com\/in.js\" type=\"text\/javascript\">lang: en_US<\/script><script type=\"IN\/Share\" data-url=\"https:\/\/www.caritasne2.org.br\/site\/caritas-nordeste-2-assume-assento-e-participa-da-primeira-reuniao-plenaria-de-conselho-estrategico-cedesrecife\/\" data-counter=\"right\"><\/script><\/li><\/ul>","protected":false},"author":4,"featured_media":8759,"comment_status":"open","ping_status":"open","sticky":false,"template":"","format":"standard","meta":[],"categories":[21,20],"tags":[],"_links":{"self":[{"href":"https:\/\/www.caritasne2.org.br\/site\/wp-json\/wp\/v2\/posts\/8749"}],"collection":[{"href":"https:\/\/www.caritasne2.org.br\/site\/wp-json\/wp\/v2\/posts"}],"about":[{"href":"https:\/\/www.caritasne2.org.br\/site\/wp-json\/wp\/v2\/types\/post"}],"author":[{"embeddable":true,"href":"https:\/\/www.caritasne2.org.br\/site\/wp-json\/wp\/v2\/users\/4"}],"replies":[{"embeddable":true,"href":"https:\/\/www.caritasne2.org.br\/site\/wp-json\/wp\/v2\/comments?post=8749"}],"version-history":[{"count":0,"href":"https:\/\/www.caritasne2.org.br\/site\/wp-json\/wp\/v2\/posts\/8749\/revisions"}],"wp:featuredmedia":[{"embeddable":true,"href":"https:\/\/www.caritasne2.org.br\/site\/wp-json\/wp\/v2\/media\/8759"}],"wp:attachment":[{"href":"https:\/\/www.caritasne2.org.br\/site\/wp-json\/wp\/v2\/media?parent=8749"}],"wp:term":[{"taxonomy":"category","embeddable":true,"href":"https:\/\/www.caritasne2.org.br\/site\/wp-json\/wp\/v2\/categories?post=8749"},{"taxonomy":"post_tag","embeddable":true,"href":"https:\/\/www.caritasne2.org.br\/site\/wp-json\/wp\/v2\/tags?post=8749"}],"curies":[{"name":"wp","href":"https:\/\/api.w.org\/{rel}","templated":true}]}}