{"id":8735,"date":"2021-11-22T11:45:28","date_gmt":"2021-11-22T14:45:28","guid":{"rendered":"http:\/\/www.caritasne2.org.br\/?p=8735"},"modified":"2021-11-22T11:45:29","modified_gmt":"2021-11-22T14:45:29","slug":"caritas-ne2-realiza-formacao-sobre-voluntariado-e-instituicao-de-caritas-paroquiais-em-encontro-promovido-pela-caritas-arquidiocesana-de-olinda-e-recife","status":"publish","type":"post","link":"https:\/\/www.caritasne2.org.br\/site\/caritas-ne2-realiza-formacao-sobre-voluntariado-e-instituicao-de-caritas-paroquiais-em-encontro-promovido-pela-caritas-arquidiocesana-de-olinda-e-recife\/","title":{"rendered":"C\u00e1ritas NE2 realiza forma\u00e7\u00e3o sobre voluntariado e institui\u00e7\u00e3o de C\u00e1ritas Paroquiais em encontro promovido pela C\u00e1ritas Arquidiocesana de Olinda e Recife"},"content":{"rendered":"<p style=\"font-weight: 400; text-align: center;\"><em>O evento reuniu cerca de 50 pessoas, possibilitando-os tirar d\u00favidas sobre a institui\u00e7\u00e3o, assim como sua miss\u00e3o, princ\u00edpios e valores<\/em><\/p>\n<p style=\"text-align: justify;\">\u201cEu prefiro uma Igreja acidentada, ferida e enlameada, por ter sa\u00eddo pelas estradas, a uma Igreja enferma pelo fechamento e a comodidade de se agarrar as pr\u00f3prias seguran\u00e7as. N\u00e3o quero uma Igreja preocupada com ser o centro, e que acaba presa num emaranhado de obsess\u00f5es e procedimentos\u201d, Papa Francisco.<\/p>\n<p style=\"text-align: justify;\">Fortalecidos pelas palavras do Papa Francisco, a C\u00e1ritas Regional NE2 endossa a import\u00e2ncia de uma &#8220;igreja em sa\u00edda&#8221;, que \u00e9 uma igreja que age, que vai \u00e0 campo fazer as boas obras deixadas em ensinamento por Jesus Cristo, e que repassa suas palavras a fim de incluir mais pessoas no ide e no fazer as a\u00e7\u00f5es. E quantas m\u00e3os temos em nosso Regional NE2, contamos com uma Rede com mais de 240 volunt\u00e1rios que atuam nos 4 estados assessorados pela institui\u00e7\u00e3o (Para\u00edba, Pernambuco, Rio Grande do Norte e Alagoas), todos de boa f\u00e9 doando seu tempo, m\u00e3os e conhecimentos para o bem viver e manuten\u00e7\u00e3o do reino de Deus.<\/p>\n<p style=\"text-align: justify;\"><a href=\"http:\/\/www.caritasne2.org.br\/caritas-ne2-realiza-formacao-sobre-voluntariado-e-instituicao-de-caritas-paroquiais-em-encontro-promovido-pela-caritas-arquidiocesana-de-olinda-e-recife\/whatsapp-image-2021-11-20-at-12-24-28\/\" rel=\"attachment wp-att-8736\"><img decoding=\"async\" loading=\"lazy\" class=\"aligncenter  wp-image-8736\" src=\"http:\/\/www.caritasne2.org.br\/wp-content\/uploads\/2021\/11\/WhatsApp-Image-2021-11-20-at-12.24.28.jpeg\" alt=\"\" width=\"684\" height=\"514\" srcset=\"https:\/\/www.caritasne2.org.br\/site\/wp-content\/uploads\/2021\/11\/WhatsApp-Image-2021-11-20-at-12.24.28.jpeg 1600w, https:\/\/www.caritasne2.org.br\/site\/wp-content\/uploads\/2021\/11\/WhatsApp-Image-2021-11-20-at-12.24.28-300x225.jpeg 300w, https:\/\/www.caritasne2.org.br\/site\/wp-content\/uploads\/2021\/11\/WhatsApp-Image-2021-11-20-at-12.24.28-768x576.jpeg 768w, https:\/\/www.caritasne2.org.br\/site\/wp-content\/uploads\/2021\/11\/WhatsApp-Image-2021-11-20-at-12.24.28-1024x768.jpeg 1024w\" sizes=\"(max-width: 684px) 100vw, 684px\" \/><\/a><\/p>\n<p style=\"text-align: justify;\"><a href=\"http:\/\/www.caritasne2.org.br\/caritas-ne2-realiza-formacao-sobre-voluntariado-e-instituicao-de-caritas-paroquiais-em-encontro-promovido-pela-caritas-arquidiocesana-de-olinda-e-recife\/whatsapp-image-2021-11-20-at-12-24-27\/\" rel=\"attachment wp-att-8737\"><img decoding=\"async\" loading=\"lazy\" class=\"aligncenter  wp-image-8737\" src=\"http:\/\/www.caritasne2.org.br\/wp-content\/uploads\/2021\/11\/WhatsApp-Image-2021-11-20-at-12.24.27.jpeg\" alt=\"\" width=\"690\" height=\"518\" srcset=\"https:\/\/www.caritasne2.org.br\/site\/wp-content\/uploads\/2021\/11\/WhatsApp-Image-2021-11-20-at-12.24.27.jpeg 1600w, https:\/\/www.caritasne2.org.br\/site\/wp-content\/uploads\/2021\/11\/WhatsApp-Image-2021-11-20-at-12.24.27-300x225.jpeg 300w, https:\/\/www.caritasne2.org.br\/site\/wp-content\/uploads\/2021\/11\/WhatsApp-Image-2021-11-20-at-12.24.27-768x576.jpeg 768w, https:\/\/www.caritasne2.org.br\/site\/wp-content\/uploads\/2021\/11\/WhatsApp-Image-2021-11-20-at-12.24.27-1024x768.jpeg 1024w\" sizes=\"(max-width: 690px) 100vw, 690px\" \/><\/a><\/p>\n<p style=\"text-align: justify;\">E visando promover forma\u00e7\u00e3o para a Rede volunt\u00e1ria j\u00e1 existente e buscando ampli\u00e1-la, a C\u00e1ritas Regional NE2 participou neste s\u00e1bado, 20, de um encontro idealizado pela C\u00e1ritas Arquidiocesana de Olinda e Recife, no Centro de Evangeliza\u00e7\u00e3o Mission\u00e1rios Oblatos Maria Imaculada- OMI, em Aldeia, Camaragibe, Pernambuco. Participaram do momento cerca de 50 pessoas, entre jovens e adolescentes, volunt\u00e1rios j\u00e1 ativos de C\u00e1ritas Paroquiais da regi\u00e3o, clero e assessores da CBNE2, que vivenciaram momentos de anima\u00e7\u00e3o, din\u00e2micas e forma\u00e7\u00e3o sobre a institui\u00e7\u00e3o, seus fundadores, princ\u00edpios, miss\u00e3o e valores.<\/p>\n<p style=\"text-align: justify;\">A forma\u00e7\u00e3o promovida pela CBNE2, explanou a import\u00e2ncia da participa\u00e7\u00e3o no voluntariado e orienta\u00e7\u00f5es sobre a cria\u00e7\u00e3o de C\u00e1ritas Paroquiais, sendo conduzida pela Assessora Regional de Economia Solid\u00e1ria e Voluntariado, Bruna Suianne, estiveram presentes tamb\u00e9m a Educadora Social, Rosana Andrade, que falou sobre sua experi\u00eancia como volunt\u00e1ria antes de integrar a equipe do Programa de Migra\u00e7\u00e3o e Ref\u00fagio da CBNE2, \u201c O trabalho volunt\u00e1rio \u00e9 uma miss\u00e3o cont\u00ednua, que nos fortalece dia a dia. A C\u00e1ritas em sua ess\u00eancia nos possibilita alcan\u00e7ar e favorecer as pessoas em situa\u00e7\u00e3o de\u00a0 vulnerabilidade e exclus\u00e3o social\u201d, comenta.<\/p>\n<p style=\"text-align: justify;\"><a href=\"http:\/\/www.caritasne2.org.br\/caritas-ne2-realiza-formacao-sobre-voluntariado-e-instituicao-de-caritas-paroquiais-em-encontro-promovido-pela-caritas-arquidiocesana-de-olinda-e-recife\/whatsapp-image-2021-11-20-at-12-24-20-1\/\" rel=\"attachment wp-att-8738\"><img decoding=\"async\" loading=\"lazy\" class=\"aligncenter  wp-image-8738\" src=\"http:\/\/www.caritasne2.org.br\/wp-content\/uploads\/2021\/11\/WhatsApp-Image-2021-11-20-at-12.24.20-1.jpeg\" alt=\"\" width=\"720\" height=\"541\" srcset=\"https:\/\/www.caritasne2.org.br\/site\/wp-content\/uploads\/2021\/11\/WhatsApp-Image-2021-11-20-at-12.24.20-1.jpeg 1600w, https:\/\/www.caritasne2.org.br\/site\/wp-content\/uploads\/2021\/11\/WhatsApp-Image-2021-11-20-at-12.24.20-1-300x225.jpeg 300w, https:\/\/www.caritasne2.org.br\/site\/wp-content\/uploads\/2021\/11\/WhatsApp-Image-2021-11-20-at-12.24.20-1-768x576.jpeg 768w, https:\/\/www.caritasne2.org.br\/site\/wp-content\/uploads\/2021\/11\/WhatsApp-Image-2021-11-20-at-12.24.20-1-1024x768.jpeg 1024w\" sizes=\"(max-width: 720px) 100vw, 720px\" \/><\/a><\/p>\n<p style=\"text-align: justify;\"><a href=\"http:\/\/www.caritasne2.org.br\/caritas-ne2-realiza-formacao-sobre-voluntariado-e-instituicao-de-caritas-paroquiais-em-encontro-promovido-pela-caritas-arquidiocesana-de-olinda-e-recife\/whatsapp-image-2021-11-20-at-12-24-20\/\" rel=\"attachment wp-att-8739\"><img decoding=\"async\" loading=\"lazy\" class=\"aligncenter  wp-image-8739\" src=\"http:\/\/www.caritasne2.org.br\/wp-content\/uploads\/2021\/11\/WhatsApp-Image-2021-11-20-at-12.24.20.jpeg\" alt=\"\" width=\"719\" height=\"539\" srcset=\"https:\/\/www.caritasne2.org.br\/site\/wp-content\/uploads\/2021\/11\/WhatsApp-Image-2021-11-20-at-12.24.20.jpeg 1600w, https:\/\/www.caritasne2.org.br\/site\/wp-content\/uploads\/2021\/11\/WhatsApp-Image-2021-11-20-at-12.24.20-300x225.jpeg 300w, https:\/\/www.caritasne2.org.br\/site\/wp-content\/uploads\/2021\/11\/WhatsApp-Image-2021-11-20-at-12.24.20-768x576.jpeg 768w, https:\/\/www.caritasne2.org.br\/site\/wp-content\/uploads\/2021\/11\/WhatsApp-Image-2021-11-20-at-12.24.20-1024x768.jpeg 1024w\" sizes=\"(max-width: 719px) 100vw, 719px\" \/><\/a><\/p>\n<p style=\"text-align: justify;\">Finalizando o momento de forma\u00e7\u00e3o e troca de experi\u00eancias, foi realizada uma Celebra\u00e7\u00e3o Eucar\u00edstica, ministrada pelo Pe. Joatan, Presidente da C\u00e1ritas Arquidiocesana de Olinda e Recife e Pe. Douglas, vice-presidente da C\u00e1ritas Arquidiocesana de Olinda e Recife, em agradecimento ao evento e aos envolvidos.<\/p>\n<p style=\"text-align: justify;\">\n<p style=\"text-align: justify;\"><a href=\"http:\/\/www.caritasne2.org.br\/caritas-ne2-realiza-formacao-sobre-voluntariado-e-instituicao-de-caritas-paroquiais-em-encontro-promovido-pela-caritas-arquidiocesana-de-olinda-e-recife\/whatsapp-image-2021-11-20-at-12-24-19\/\" rel=\"attachment wp-att-8740\"><img decoding=\"async\" loading=\"lazy\" class=\"aligncenter  wp-image-8740\" src=\"http:\/\/www.caritasne2.org.br\/wp-content\/uploads\/2021\/11\/WhatsApp-Image-2021-11-20-at-12.24.19.jpeg\" alt=\"\" width=\"707\" height=\"943\" srcset=\"https:\/\/www.caritasne2.org.br\/site\/wp-content\/uploads\/2021\/11\/WhatsApp-Image-2021-11-20-at-12.24.19.jpeg 1200w, https:\/\/www.caritasne2.org.br\/site\/wp-content\/uploads\/2021\/11\/WhatsApp-Image-2021-11-20-at-12.24.19-225x300.jpeg 225w, https:\/\/www.caritasne2.org.br\/site\/wp-content\/uploads\/2021\/11\/WhatsApp-Image-2021-11-20-at-12.24.19-768x1024.jpeg 768w\" sizes=\"(max-width: 707px) 100vw, 707px\" \/><\/a><\/p>\n<p style=\"text-align: justify;\"><a href=\"http:\/\/www.caritasne2.org.br\/caritas-ne2-realiza-formacao-sobre-voluntariado-e-instituicao-de-caritas-paroquiais-em-encontro-promovido-pela-caritas-arquidiocesana-de-olinda-e-recife\/whatsapp-image-2021-11-20-at-12-24-17\/\" rel=\"attachment wp-att-8741\"><img decoding=\"async\" loading=\"lazy\" class=\"aligncenter  wp-image-8741\" src=\"http:\/\/www.caritasne2.org.br\/wp-content\/uploads\/2021\/11\/WhatsApp-Image-2021-11-20-at-12.24.17.jpeg\" alt=\"\" width=\"714\" height=\"535\" srcset=\"https:\/\/www.caritasne2.org.br\/site\/wp-content\/uploads\/2021\/11\/WhatsApp-Image-2021-11-20-at-12.24.17.jpeg 1600w, https:\/\/www.caritasne2.org.br\/site\/wp-content\/uploads\/2021\/11\/WhatsApp-Image-2021-11-20-at-12.24.17-300x225.jpeg 300w, https:\/\/www.caritasne2.org.br\/site\/wp-content\/uploads\/2021\/11\/WhatsApp-Image-2021-11-20-at-12.24.17-768x576.jpeg 768w, https:\/\/www.caritasne2.org.br\/site\/wp-content\/uploads\/2021\/11\/WhatsApp-Image-2021-11-20-at-12.24.17-1024x768.jpeg 1024w\" sizes=\"(max-width: 714px) 100vw, 714px\" \/><\/a><\/p>\n<p style=\"text-align: justify;\"><a href=\"http:\/\/www.caritasne2.org.br\/caritas-ne2-realiza-formacao-sobre-voluntariado-e-instituicao-de-caritas-paroquiais-em-encontro-promovido-pela-caritas-arquidiocesana-de-olinda-e-recife\/whatsapp-image-2021-11-20-at-12-47-33-2\/\" rel=\"attachment wp-att-8742\"><img decoding=\"async\" loading=\"lazy\" class=\"aligncenter  wp-image-8742\" src=\"http:\/\/www.caritasne2.org.br\/wp-content\/uploads\/2021\/11\/WhatsApp-Image-2021-11-20-at-12.47.33-2.jpeg\" alt=\"\" width=\"712\" height=\"712\" srcset=\"https:\/\/www.caritasne2.org.br\/site\/wp-content\/uploads\/2021\/11\/WhatsApp-Image-2021-11-20-at-12.47.33-2.jpeg 1280w, https:\/\/www.caritasne2.org.br\/site\/wp-content\/uploads\/2021\/11\/WhatsApp-Image-2021-11-20-at-12.47.33-2-150x150.jpeg 150w, https:\/\/www.caritasne2.org.br\/site\/wp-content\/uploads\/2021\/11\/WhatsApp-Image-2021-11-20-at-12.47.33-2-300x300.jpeg 300w, https:\/\/www.caritasne2.org.br\/site\/wp-content\/uploads\/2021\/11\/WhatsApp-Image-2021-11-20-at-12.47.33-2-768x768.jpeg 768w, https:\/\/www.caritasne2.org.br\/site\/wp-content\/uploads\/2021\/11\/WhatsApp-Image-2021-11-20-at-12.47.33-2-1024x1024.jpeg 1024w\" sizes=\"(max-width: 712px) 100vw, 712px\" \/><\/a><\/p>\n<ul class=\"ssb_list_wrapper\"><li class=\"fb2\" style=\"width:135px\"><iframe src=\"\/\/www.facebook.com\/plugins\/like.php?href=https%3A%2F%2Fwww.caritasne2.org.br%2Fsite%2Fcaritas-ne2-realiza-formacao-sobre-voluntariado-e-instituicao-de-caritas-paroquiais-em-encontro-promovido-pela-caritas-arquidiocesana-de-olinda-e-recife%2F&amp;layout=button_count&amp;action=like&amp;show_faces=false&amp;share=true&amp;width=135&amp;height=21&amp;appId=307091639398582\" scrolling=\"no\" frameborder=\"0\" style=\"border:none; overflow:hidden;  width:150px; height:21px;\" allowTransparency=\"true\"><\/iframe><\/li><li class=\"twtr\" style=\"width:90px\"><a href=\"https:\/\/twitter.com\/share\" class=\"twitter-share-button\" data-url=\"https:\/\/www.caritasne2.org.br\/site\/caritas-ne2-realiza-formacao-sobre-voluntariado-e-instituicao-de-caritas-paroquiais-em-encontro-promovido-pela-caritas-arquidiocesana-de-olinda-e-recife\/\">&nbsp;<\/a><script>!function(d,s,id){var js,fjs=d.getElementsByTagName(s)[0],p=\/^http:\/.test(d.location)?'http':'https';if(!d.getElementById(id)){js=d.createElement(s);js.id=id;js.src=p+':\/\/platform.twitter.com\/widgets.js';fjs.parentNode.insertBefore(js,fjs);}}(document, 'script', 'twitter-wjs');<\/script><\/li><li class=\"gplus\" style=\"width:68px\"><div class=\"g-plusone\" data-size=\"medium\" data-href=\"https:\/\/www.caritasne2.org.br\/site\/caritas-ne2-realiza-formacao-sobre-voluntariado-e-instituicao-de-caritas-paroquiais-em-encontro-promovido-pela-caritas-arquidiocesana-de-olinda-e-recife\/\"><\/div><\/li><li class=\"ssb_linkedin\" style=\"width:64px\"><script src=\"\/\/platform.linkedin.com\/in.js\" type=\"text\/javascript\">lang: en_US<\/script><script type=\"IN\/Share\" data-url=\"https:\/\/www.caritasne2.org.br\/site\/caritas-ne2-realiza-formacao-sobre-voluntariado-e-instituicao-de-caritas-paroquiais-em-encontro-promovido-pela-caritas-arquidiocesana-de-olinda-e-recife\/\" data-counter=\"right\"><\/script><\/li><\/ul>","protected":false},"excerpt":{"rendered":"<p>O evento reuniu cerca de 50 pessoas, possibilitando-os tirar d\u00favidas sobre a institui\u00e7\u00e3o, assim como sua miss\u00e3o, princ\u00edpios e valores \u201cEu prefiro uma Igreja acidentada, ferida e enlameada, por ter sa\u00eddo pelas estradas, a uma Igreja enferma pelo fechamento e a comodidade de se agarrar as pr\u00f3prias seguran\u00e7as. N\u00e3o quero uma Igreja preocupada com ser o centro, e que acaba presa num emaranhado de obsess\u00f5es [&hellip;]<\/p>\n<ul class=\"ssb_list_wrapper\"><li class=\"fb2\" style=\"width:135px\"><iframe src=\"\/\/www.facebook.com\/plugins\/like.php?href=https%3A%2F%2Fwww.caritasne2.org.br%2Fsite%2Fcaritas-ne2-realiza-formacao-sobre-voluntariado-e-instituicao-de-caritas-paroquiais-em-encontro-promovido-pela-caritas-arquidiocesana-de-olinda-e-recife%2F&amp;layout=button_count&amp;action=like&amp;show_faces=false&amp;share=true&amp;width=135&amp;height=21&amp;appId=307091639398582\" scrolling=\"no\" frameborder=\"0\" style=\"border:none; overflow:hidden;  width:150px; height:21px;\" allowTransparency=\"true\"><\/iframe><\/li><li class=\"twtr\" style=\"width:90px\"><a href=\"https:\/\/twitter.com\/share\" class=\"twitter-share-button\" data-url=\"https:\/\/www.caritasne2.org.br\/site\/caritas-ne2-realiza-formacao-sobre-voluntariado-e-instituicao-de-caritas-paroquiais-em-encontro-promovido-pela-caritas-arquidiocesana-de-olinda-e-recife\/\">&nbsp;<\/a><script>!function(d,s,id){var js,fjs=d.getElementsByTagName(s)[0],p=\/^http:\/.test(d.location)?'http':'https';if(!d.getElementById(id)){js=d.createElement(s);js.id=id;js.src=p+':\/\/platform.twitter.com\/widgets.js';fjs.parentNode.insertBefore(js,fjs);}}(document, 'script', 'twitter-wjs');<\/script><\/li><li class=\"gplus\" style=\"width:68px\"><div class=\"g-plusone\" data-size=\"medium\" data-href=\"https:\/\/www.caritasne2.org.br\/site\/caritas-ne2-realiza-formacao-sobre-voluntariado-e-instituicao-de-caritas-paroquiais-em-encontro-promovido-pela-caritas-arquidiocesana-de-olinda-e-recife\/\"><\/div><\/li><li class=\"ssb_linkedin\" style=\"width:64px\"><script src=\"\/\/platform.linkedin.com\/in.js\" type=\"text\/javascript\">lang: en_US<\/script><script type=\"IN\/Share\" data-url=\"https:\/\/www.caritasne2.org.br\/site\/caritas-ne2-realiza-formacao-sobre-voluntariado-e-instituicao-de-caritas-paroquiais-em-encontro-promovido-pela-caritas-arquidiocesana-de-olinda-e-recife\/\" data-counter=\"right\"><\/script><\/li><\/ul>","protected":false},"author":4,"featured_media":8743,"comment_status":"open","ping_status":"open","sticky":false,"template":"","format":"standard","meta":[],"categories":[21,20],"tags":[],"_links":{"self":[{"href":"https:\/\/www.caritasne2.org.br\/site\/wp-json\/wp\/v2\/posts\/8735"}],"collection":[{"href":"https:\/\/www.caritasne2.org.br\/site\/wp-json\/wp\/v2\/posts"}],"about":[{"href":"https:\/\/www.caritasne2.org.br\/site\/wp-json\/wp\/v2\/types\/post"}],"author":[{"embeddable":true,"href":"https:\/\/www.caritasne2.org.br\/site\/wp-json\/wp\/v2\/users\/4"}],"replies":[{"embeddable":true,"href":"https:\/\/www.caritasne2.org.br\/site\/wp-json\/wp\/v2\/comments?post=8735"}],"version-history":[{"count":0,"href":"https:\/\/www.caritasne2.org.br\/site\/wp-json\/wp\/v2\/posts\/8735\/revisions"}],"wp:featuredmedia":[{"embeddable":true,"href":"https:\/\/www.caritasne2.org.br\/site\/wp-json\/wp\/v2\/media\/8743"}],"wp:attachment":[{"href":"https:\/\/www.caritasne2.org.br\/site\/wp-json\/wp\/v2\/media?parent=8735"}],"wp:term":[{"taxonomy":"category","embeddable":true,"href":"https:\/\/www.caritasne2.org.br\/site\/wp-json\/wp\/v2\/categories?post=8735"},{"taxonomy":"post_tag","embeddable":true,"href":"https:\/\/www.caritasne2.org.br\/site\/wp-json\/wp\/v2\/tags?post=8735"}],"curies":[{"name":"wp","href":"https:\/\/api.w.org\/{rel}","templated":true}]}}