{"id":8722,"date":"2021-11-19T18:52:46","date_gmt":"2021-11-19T21:52:46","guid":{"rendered":"http:\/\/www.caritasne2.org.br\/?p=8722"},"modified":"2021-11-19T19:38:19","modified_gmt":"2021-11-19T22:38:19","slug":"caritas-regional-ne2-lanca-edital-de-selecao-para-06-seis-vagas-para-tecnico-de-campo","status":"publish","type":"post","link":"https:\/\/www.caritasne2.org.br\/site\/caritas-regional-ne2-lanca-edital-de-selecao-para-06-seis-vagas-para-tecnico-de-campo\/","title":{"rendered":"C\u00e1ritas Regional NE2 lan\u00e7a edital de sele\u00e7\u00e3o para 06 ( seis) vagas de T\u00e9cnico de Campo"},"content":{"rendered":"<p style=\"text-align: justify;\">A C\u00e1ritas Brasileira Regional Nordeste 2, organismo da Confer\u00eancia Nacional dos Bispos do Brasil ( CNBB), com atua\u00e7\u00e3o nos Estados de Alagoas, Para\u00edba, Pernambuco e Rio Grande do Norte, torna p\u00fablico o processo seletivo simplificado modalidade Sele\u00e7\u00e3o de Curr\u00edculos e entrevista \u2013 conforme edital n\u00ba 009\/2021 \u2013 Novembro de 2021 , de\u00a006 ( seis) vagas para T\u00e9cnico de Campo com lota\u00e7\u00e3o na sede da C\u00e1ritas Brasileira Regional Nordeste 2, com escrit\u00f3rio situado a Rua Monte Castelo, 176, Boa vista, Recife \u2013 Pernambuco.<\/p>\n<p style=\"text-align: justify;\">Os interessados podem enviar curr\u00edculo at\u00e9 24 de novembro de 2021, at\u00e9 \u00e0s 23h59, atrav\u00e9s do endere\u00e7o eletr\u00f4nico caritasne2@caritas.org.br,\u00a0com o\u00a0seguinte t\u00edtulo: C\u00e1ritas Brasileira Regional Nordeste 2 \u2013 Edital de Sele\u00e7\u00e3o N\u00ba 009\/2021.<\/p>\n<p style=\"text-align: justify;\">Confira edital completo <a href=\"http:\/\/www.caritasne2.org.br\/wp-content\/uploads\/2021\/11\/Edital-Sele\u00e7\u00e3o-N\u00aa-009_2021-T\u00e9cnico-de-Campo-Quintais-Ecoprodutivos-CBNE2.pdf\">clicando aqui.<\/a><\/p>\n<p style=\"text-align: justify;\">Novembro de 2021<\/p>\n<p style=\"text-align: justify;\">Comiss\u00e3o de Sele\u00e7\u00e3o<\/p>\n<ul class=\"ssb_list_wrapper\"><li class=\"fb2\" style=\"width:135px\"><iframe src=\"\/\/www.facebook.com\/plugins\/like.php?href=https%3A%2F%2Fwww.caritasne2.org.br%2Fsite%2Fcaritas-regional-ne2-lanca-edital-de-selecao-para-06-seis-vagas-para-tecnico-de-campo%2F&amp;layout=button_count&amp;action=like&amp;show_faces=false&amp;share=true&amp;width=135&amp;height=21&amp;appId=307091639398582\" scrolling=\"no\" frameborder=\"0\" style=\"border:none; overflow:hidden;  width:150px; height:21px;\" allowTransparency=\"true\"><\/iframe><\/li><li class=\"twtr\" style=\"width:90px\"><a href=\"https:\/\/twitter.com\/share\" class=\"twitter-share-button\" data-url=\"https:\/\/www.caritasne2.org.br\/site\/caritas-regional-ne2-lanca-edital-de-selecao-para-06-seis-vagas-para-tecnico-de-campo\/\">&nbsp;<\/a><script>!function(d,s,id){var js,fjs=d.getElementsByTagName(s)[0],p=\/^http:\/.test(d.location)?'http':'https';if(!d.getElementById(id)){js=d.createElement(s);js.id=id;js.src=p+':\/\/platform.twitter.com\/widgets.js';fjs.parentNode.insertBefore(js,fjs);}}(document, 'script', 'twitter-wjs');<\/script><\/li><li class=\"gplus\" style=\"width:68px\"><div class=\"g-plusone\" data-size=\"medium\" data-href=\"https:\/\/www.caritasne2.org.br\/site\/caritas-regional-ne2-lanca-edital-de-selecao-para-06-seis-vagas-para-tecnico-de-campo\/\"><\/div><\/li><li class=\"ssb_linkedin\" style=\"width:64px\"><script src=\"\/\/platform.linkedin.com\/in.js\" type=\"text\/javascript\">lang: en_US<\/script><script type=\"IN\/Share\" data-url=\"https:\/\/www.caritasne2.org.br\/site\/caritas-regional-ne2-lanca-edital-de-selecao-para-06-seis-vagas-para-tecnico-de-campo\/\" data-counter=\"right\"><\/script><\/li><\/ul>","protected":false},"excerpt":{"rendered":"<p>A C\u00e1ritas Brasileira Regional Nordeste 2, organismo da Confer\u00eancia Nacional dos Bispos do Brasil ( CNBB), com atua\u00e7\u00e3o nos Estados de Alagoas, Para\u00edba, Pernambuco e Rio Grande do Norte, torna p\u00fablico o processo seletivo simplificado modalidade Sele\u00e7\u00e3o de Curr\u00edculos e entrevista \u2013 conforme edital n\u00ba 009\/2021 \u2013 Novembro de 2021 , de\u00a006 ( seis) vagas para T\u00e9cnico de Campo com lota\u00e7\u00e3o na sede da C\u00e1ritas [&hellip;]<\/p>\n<ul class=\"ssb_list_wrapper\"><li class=\"fb2\" style=\"width:135px\"><iframe src=\"\/\/www.facebook.com\/plugins\/like.php?href=https%3A%2F%2Fwww.caritasne2.org.br%2Fsite%2Fcaritas-regional-ne2-lanca-edital-de-selecao-para-06-seis-vagas-para-tecnico-de-campo%2F&amp;layout=button_count&amp;action=like&amp;show_faces=false&amp;share=true&amp;width=135&amp;height=21&amp;appId=307091639398582\" scrolling=\"no\" frameborder=\"0\" style=\"border:none; overflow:hidden;  width:150px; height:21px;\" allowTransparency=\"true\"><\/iframe><\/li><li class=\"twtr\" style=\"width:90px\"><a href=\"https:\/\/twitter.com\/share\" class=\"twitter-share-button\" data-url=\"https:\/\/www.caritasne2.org.br\/site\/caritas-regional-ne2-lanca-edital-de-selecao-para-06-seis-vagas-para-tecnico-de-campo\/\">&nbsp;<\/a><script>!function(d,s,id){var js,fjs=d.getElementsByTagName(s)[0],p=\/^http:\/.test(d.location)?'http':'https';if(!d.getElementById(id)){js=d.createElement(s);js.id=id;js.src=p+':\/\/platform.twitter.com\/widgets.js';fjs.parentNode.insertBefore(js,fjs);}}(document, 'script', 'twitter-wjs');<\/script><\/li><li class=\"gplus\" style=\"width:68px\"><div class=\"g-plusone\" data-size=\"medium\" data-href=\"https:\/\/www.caritasne2.org.br\/site\/caritas-regional-ne2-lanca-edital-de-selecao-para-06-seis-vagas-para-tecnico-de-campo\/\"><\/div><\/li><li class=\"ssb_linkedin\" style=\"width:64px\"><script src=\"\/\/platform.linkedin.com\/in.js\" type=\"text\/javascript\">lang: en_US<\/script><script type=\"IN\/Share\" data-url=\"https:\/\/www.caritasne2.org.br\/site\/caritas-regional-ne2-lanca-edital-de-selecao-para-06-seis-vagas-para-tecnico-de-campo\/\" data-counter=\"right\"><\/script><\/li><\/ul>","protected":false},"author":4,"featured_media":8724,"comment_status":"open","ping_status":"open","sticky":false,"template":"","format":"standard","meta":[],"categories":[21,20],"tags":[],"_links":{"self":[{"href":"https:\/\/www.caritasne2.org.br\/site\/wp-json\/wp\/v2\/posts\/8722"}],"collection":[{"href":"https:\/\/www.caritasne2.org.br\/site\/wp-json\/wp\/v2\/posts"}],"about":[{"href":"https:\/\/www.caritasne2.org.br\/site\/wp-json\/wp\/v2\/types\/post"}],"author":[{"embeddable":true,"href":"https:\/\/www.caritasne2.org.br\/site\/wp-json\/wp\/v2\/users\/4"}],"replies":[{"embeddable":true,"href":"https:\/\/www.caritasne2.org.br\/site\/wp-json\/wp\/v2\/comments?post=8722"}],"version-history":[{"count":0,"href":"https:\/\/www.caritasne2.org.br\/site\/wp-json\/wp\/v2\/posts\/8722\/revisions"}],"wp:featuredmedia":[{"embeddable":true,"href":"https:\/\/www.caritasne2.org.br\/site\/wp-json\/wp\/v2\/media\/8724"}],"wp:attachment":[{"href":"https:\/\/www.caritasne2.org.br\/site\/wp-json\/wp\/v2\/media?parent=8722"}],"wp:term":[{"taxonomy":"category","embeddable":true,"href":"https:\/\/www.caritasne2.org.br\/site\/wp-json\/wp\/v2\/categories?post=8722"},{"taxonomy":"post_tag","embeddable":true,"href":"https:\/\/www.caritasne2.org.br\/site\/wp-json\/wp\/v2\/tags?post=8722"}],"curies":[{"name":"wp","href":"https:\/\/api.w.org\/{rel}","templated":true}]}}