{"id":8695,"date":"2021-11-17T09:21:51","date_gmt":"2021-11-17T12:21:51","guid":{"rendered":"http:\/\/www.caritasne2.org.br\/?p=8695"},"modified":"2021-11-23T08:21:07","modified_gmt":"2021-11-23T11:21:07","slug":"caritas-ne2-lanca-quiosque-solidariedade-que-transforma-para-comercializacao-de-produtos-da-economia-solidaria","status":"publish","type":"post","link":"https:\/\/www.caritasne2.org.br\/site\/caritas-ne2-lanca-quiosque-solidariedade-que-transforma-para-comercializacao-de-produtos-da-economia-solidaria\/","title":{"rendered":"C\u00e1ritas NE2 lan\u00e7a quiosque &#8220;Solidariedade que Transforma&#8221; para comercializa\u00e7\u00e3o de produtos da economia solid\u00e1ria"},"content":{"rendered":"<p style=\"font-weight: 400; text-align: center;\"><em>O espa\u00e7o teve in\u00edcio nesta sexta-feira, 12, e segue at\u00e9 11 de dezembro, como parte da comemora\u00e7\u00e3o dos 65 anos da Rede C\u00e1ritas no pa\u00eds<\/em><\/p>\n<p style=\"font-weight: 400; text-align: justify;\">Com objetivo de apresentar, fortalecer as iniciativas produzidas pelos\u00a0grupos de \u00a0mulheres que atuam com \u00a0economia solid\u00e1ria, e gerar sustentabilidade \u00e0s a\u00e7\u00f5es da Rede C\u00e1ritas, de\u00a012 de novembro a 11 de dezembro\u00a0a\u00a0C\u00e1ritas Brasileira NE2 promove o\u00a0<strong>Quiosque\u00a0Solidariedade que Transforma<\/strong>, um espa\u00e7o\u00a0 solid\u00e1rio, de consumo consciente, e responsabilidade social, localizado no piso L4 do Plaza Shopping, em Casa Forte &#8211; Recife.<\/p>\n<p style=\"font-weight: 400; text-align: justify;\">Com uma diversidade de produtos ligados \u00e0 economia solid\u00e1ria e institucionais, o\u00a0<strong>Quiosque\u00a0Solidariedade que Transforma<\/strong>\u00a0ser\u00e1 um espa\u00e7o para aquisi\u00e7\u00e3o do que \u00e9 produzido pelos grupos de mulheres dos estados de PE e AL; dos empreendedores venezuelanos (as) que residem na regi\u00e3o metropolitana do Recife , al\u00e9m de produtos ligados \u00e0s a\u00e7\u00f5es institucionais da C\u00e1ritas \u00a0como as velas coloridas da Campanha 10 Milh\u00f5es de Estrelas, que convidam a todos(as)\u00a0 a acender a chama da solidariedade\u00a0 no per\u00edodo do Natal.<\/p>\n<p style=\"font-weight: 400; text-align: justify;\"><a href=\"http:\/\/www.caritasne2.org.br\/caritas-ne2-lanca-quiosque-solidariedade-que-transforma-para-comercializacao-de-produtos-da-economia-solidaria\/whatsapp-image-2021-11-17-at-11-23-18\/\" rel=\"attachment wp-att-8720\"><img decoding=\"async\" loading=\"lazy\" class=\"aligncenter wp-image-8720\" src=\"http:\/\/www.caritasne2.org.br\/wp-content\/uploads\/2021\/11\/WhatsApp-Image-2021-11-17-at-11.23.18.jpeg\" alt=\"\" width=\"691\" height=\"518\" srcset=\"https:\/\/www.caritasne2.org.br\/site\/wp-content\/uploads\/2021\/11\/WhatsApp-Image-2021-11-17-at-11.23.18.jpeg 1024w, https:\/\/www.caritasne2.org.br\/site\/wp-content\/uploads\/2021\/11\/WhatsApp-Image-2021-11-17-at-11.23.18-300x225.jpeg 300w, https:\/\/www.caritasne2.org.br\/site\/wp-content\/uploads\/2021\/11\/WhatsApp-Image-2021-11-17-at-11.23.18-768x576.jpeg 768w\" sizes=\"(max-width: 691px) 100vw, 691px\" \/><\/a><\/p>\n<p style=\"font-weight: 400; text-align: justify;\"><a href=\"http:\/\/www.caritasne2.org.br\/caritas-ne2-lanca-quiosque-solidariedade-que-transforma-para-comercializacao-de-produtos-da-economia-solidaria\/whatsapp-image-2021-11-12-at-10-29-21-2\/\" rel=\"attachment wp-att-8718\"><img decoding=\"async\" loading=\"lazy\" class=\"aligncenter wp-image-8718\" src=\"http:\/\/www.caritasne2.org.br\/wp-content\/uploads\/2021\/11\/WhatsApp-Image-2021-11-12-at-10.29.21-1.jpeg\" alt=\"\" width=\"688\" height=\"516\" srcset=\"https:\/\/www.caritasne2.org.br\/site\/wp-content\/uploads\/2021\/11\/WhatsApp-Image-2021-11-12-at-10.29.21-1.jpeg 1600w, https:\/\/www.caritasne2.org.br\/site\/wp-content\/uploads\/2021\/11\/WhatsApp-Image-2021-11-12-at-10.29.21-1-300x225.jpeg 300w, https:\/\/www.caritasne2.org.br\/site\/wp-content\/uploads\/2021\/11\/WhatsApp-Image-2021-11-12-at-10.29.21-1-768x576.jpeg 768w, https:\/\/www.caritasne2.org.br\/site\/wp-content\/uploads\/2021\/11\/WhatsApp-Image-2021-11-12-at-10.29.21-1-1024x768.jpeg 1024w\" sizes=\"(max-width: 688px) 100vw, 688px\" \/><\/a><\/p>\n<p style=\"font-weight: 400; text-align: justify;\">Dez grupos colaborativos,\u00a0todos liderados por mulheres,\u00a0\u00a0ir\u00e3o comercializar seus produtos, s\u00e3o eles: grupo de Mulheres do Novo Cajueiro, da cidade de Pesqueira (PE) que produz bolo de rolo,\u00a0 geleias, doce de banana, jaca, figo, goiaba, doces de leite cremoso e em barra, e biscoitos; grupo de Mulheres M\u00e3o na Massa, tamb\u00e9m de Pesqueira,\u00a0\u00a0que fabrica bolo de bacia, doce de leite e biscoito de leite; grupo Mulheres de Renda, de Po\u00e7\u00e3o (PE), produz pe\u00e7as em renda renascen\u00e7a; e ainda\u00a0\u00a0o Coletivo Flor de Mandacaru, Garanhuns ( PE), \u00a0que fabrica artesanato em geral\u00a0\u00a0com arte em croch\u00ea, cachec\u00f3is, pintura em tela, arte em madeira, biojoias e produtos em feltro;\u00a0\u00a0e por fim, a Associa\u00e7\u00e3o das Artes\u00e3s Tecendo Arte de Macei\u00f3(\u00a0ATAM),\u00a0em Alagoas, que produz artesanato em geral como fil\u00e9, bolsas, croch\u00ea, vagonite, bordado a m\u00e3o, bonecas fantoche, rosas de fita e mosaicos.<\/p>\n<p style=\"font-weight: 400; text-align: justify;\"><a href=\"http:\/\/www.caritasne2.org.br\/caritas-ne2-lanca-quiosque-solidariedade-que-transforma-para-comercializacao-de-produtos-da-economia-solidaria\/whatsapp-image-2021-11-12-at-10-29-19-1\/\" rel=\"attachment wp-att-8711\"><img decoding=\"async\" loading=\"lazy\" class=\"aligncenter wp-image-8711\" src=\"http:\/\/www.caritasne2.org.br\/wp-content\/uploads\/2021\/11\/WhatsApp-Image-2021-11-12-at-10.29.19-1.jpeg\" alt=\"\" width=\"638\" height=\"479\" srcset=\"https:\/\/www.caritasne2.org.br\/site\/wp-content\/uploads\/2021\/11\/WhatsApp-Image-2021-11-12-at-10.29.19-1.jpeg 1600w, https:\/\/www.caritasne2.org.br\/site\/wp-content\/uploads\/2021\/11\/WhatsApp-Image-2021-11-12-at-10.29.19-1-300x225.jpeg 300w, https:\/\/www.caritasne2.org.br\/site\/wp-content\/uploads\/2021\/11\/WhatsApp-Image-2021-11-12-at-10.29.19-1-768x576.jpeg 768w, https:\/\/www.caritasne2.org.br\/site\/wp-content\/uploads\/2021\/11\/WhatsApp-Image-2021-11-12-at-10.29.19-1-1024x768.jpeg 1024w\" sizes=\"(max-width: 638px) 100vw, 638px\" \/><\/a><\/p>\n<p style=\"font-weight: 400; text-align: justify;\"><a href=\"http:\/\/www.caritasne2.org.br\/caritas-ne2-lanca-quiosque-solidariedade-que-transforma-para-comercializacao-de-produtos-da-economia-solidaria\/whatsapp-image-2021-11-12-at-10-29-20\/\" rel=\"attachment wp-att-8709\"><img decoding=\"async\" loading=\"lazy\" class=\"aligncenter wp-image-8709\" src=\"http:\/\/www.caritasne2.org.br\/wp-content\/uploads\/2021\/11\/WhatsApp-Image-2021-11-12-at-10.29.20.jpeg\" alt=\"\" width=\"640\" height=\"480\" srcset=\"https:\/\/www.caritasne2.org.br\/site\/wp-content\/uploads\/2021\/11\/WhatsApp-Image-2021-11-12-at-10.29.20.jpeg 1600w, https:\/\/www.caritasne2.org.br\/site\/wp-content\/uploads\/2021\/11\/WhatsApp-Image-2021-11-12-at-10.29.20-300x225.jpeg 300w, https:\/\/www.caritasne2.org.br\/site\/wp-content\/uploads\/2021\/11\/WhatsApp-Image-2021-11-12-at-10.29.20-768x576.jpeg 768w, https:\/\/www.caritasne2.org.br\/site\/wp-content\/uploads\/2021\/11\/WhatsApp-Image-2021-11-12-at-10.29.20-1024x768.jpeg 1024w\" sizes=\"(max-width: 640px) 100vw, 640px\" \/><\/a><\/p>\n<p style=\"font-weight: 400; text-align: justify;\">Para Terezinha Duarte, Artes\u00e3 do Grupo Mulheres de Renda, da C\u00e1ritas Paroquial Cruzeiro de Po\u00e7\u00e3o, o espa\u00e7o \u00e9 uma oportunidade de vender produtos que ficaram sem pedidos durante a pandemia, &#8220;Estamos aqui nesse espa\u00e7o que a C\u00e1ritas conseguiu com muito carinho, em um ano t\u00e3o dif\u00edcil, principalmente para gente que somo artes\u00e3s, e foi uma alegria muito grande termos esse espa\u00e7o aqui, somos muito agradecidas a C\u00e1ritas NE2 e ao Plaza Shopping&#8221;, conclui.<\/p>\n<p style=\"font-weight: 400; text-align: justify;\">Tamb\u00e9m temos tr\u00eas empreendimentos de migrantes venezuelanos com produ\u00e7\u00e3o na linha de joias e artesanatos. S\u00e3o eles: Ajna Joalheria Artesanal que desenvolve mandalas tridimensionais, filtros dos sonhos, e joias artesanais; a Mirarte Oficina de Arte que faz artesanato em vidro; e a Ternuras Mami Hayde, que confecciona bonecas de pano.<\/p>\n<p style=\"font-weight: 400; text-align: justify;\">Para Ros\u00e2ngela Lira, artes\u00e3 da Associa\u00e7\u00e3o das Artes\u00e3s Tecendo Arte de Macei\u00f3 &#8211; ATAM, o momento possibilita um lugar fixo e estrat\u00e9gico de comercializa\u00e7\u00e3o, oportunidade que muitos grupos participantes outrora n\u00e3o tinham, &#8221; N\u00f3s artes\u00e3s n\u00e3o temos um local muitas vezes de muito acesso, ne de f\u00e1cil acesso, ent\u00e3o foi de suma import\u00e2ncia isso aqui, para divulgar nosso trabalho, um trabalho manual, eu fa\u00e7o mosaicos de vidro, ent\u00e3o eu quebro azulejo, fa\u00e7o meu trabalho muito detalhado e essa oportunidade \u00e9 muito bem vinda, n\u00e3o s\u00f3 por mim, como para os outros artes\u00e3os, completa.<\/p>\n<figure id=\"attachment_8696\" aria-describedby=\"caption-attachment-8696\" style=\"width: 314px\" class=\"wp-caption aligncenter\"><a href=\"http:\/\/www.caritasne2.org.br\/caritas-ne2-lanca-quiosque-solidariedade-que-transforma-para-comercializacao-de-produtos-da-economia-solidaria\/whatsapp-image-2021-11-12-at-12-02-18\/\" rel=\"attachment wp-att-8696\"><img decoding=\"async\" loading=\"lazy\" class=\"wp-image-8696\" src=\"http:\/\/www.caritasne2.org.br\/wp-content\/uploads\/2021\/11\/WhatsApp-Image-2021-11-12-at-12.02.18.jpeg\" alt=\"\" width=\"314\" height=\"418\" srcset=\"https:\/\/www.caritasne2.org.br\/site\/wp-content\/uploads\/2021\/11\/WhatsApp-Image-2021-11-12-at-12.02.18.jpeg 1200w, https:\/\/www.caritasne2.org.br\/site\/wp-content\/uploads\/2021\/11\/WhatsApp-Image-2021-11-12-at-12.02.18-225x300.jpeg 225w, https:\/\/www.caritasne2.org.br\/site\/wp-content\/uploads\/2021\/11\/WhatsApp-Image-2021-11-12-at-12.02.18-768x1024.jpeg 768w\" sizes=\"(max-width: 314px) 100vw, 314px\" \/><\/a><figcaption id=\"caption-attachment-8696\" class=\"wp-caption-text\">Ros\u00e2ngela Lira, artes\u00e3 do Grupo ATAM, que confecciona mosaicos de vidro<\/figcaption><\/figure>\n<p>&nbsp;<\/p>\n<p style=\"font-weight: 400; text-align: justify;\">O lan\u00e7amento do\u00a0<strong>Quiosque\u00a0Solidariedade que Transforma\u00a0<\/strong>ocorreu numa data importante para a rede C\u00e1ritas \u00a0em todo o pa\u00eds, dia 12 de novembro, anivers\u00e1rio da organiza\u00e7\u00e3o que completa 65 anos de promo\u00e7\u00e3o da solidariedade, amor, fraternidade, caridade, esperan\u00e7ar, justi\u00e7a social, compromisso, autonomia, acolhimento e Bem Viver para as pessoas em situa\u00e7\u00e3o de vulnerabilidade e exclus\u00e3o social. Na\u00a0data, a C\u00e1ritas NE2 ,\u00a0realizou o lan\u00e7amento do espa\u00e7o com a participa\u00e7\u00e3o das mulheres artes\u00e3s que integram os grupos de economia solid\u00e1ria, os empreendedores venezuelanos, e colaboradores da C\u00e1ritas para\u00a0 uma ben\u00e7\u00e3o conduzida pelo padre Joatan Votorino, da C\u00e1ritas Arquidiocesana de Olinda\u00a0 Recife.<\/p>\n<p style=\"font-weight: 400; text-align: justify;\"><a href=\"http:\/\/www.caritasne2.org.br\/caritas-ne2-lanca-quiosque-solidariedade-que-transforma-para-comercializacao-de-produtos-da-economia-solidaria\/whatsapp-image-2021-11-12-at-12-02-13\/\" rel=\"attachment wp-att-8698\"><img decoding=\"async\" loading=\"lazy\" class=\"aligncenter wp-image-8698\" src=\"http:\/\/www.caritasne2.org.br\/wp-content\/uploads\/2021\/11\/WhatsApp-Image-2021-11-12-at-12.02.13.jpeg\" alt=\"\" width=\"635\" height=\"477\" srcset=\"https:\/\/www.caritasne2.org.br\/site\/wp-content\/uploads\/2021\/11\/WhatsApp-Image-2021-11-12-at-12.02.13.jpeg 1600w, https:\/\/www.caritasne2.org.br\/site\/wp-content\/uploads\/2021\/11\/WhatsApp-Image-2021-11-12-at-12.02.13-300x225.jpeg 300w, https:\/\/www.caritasne2.org.br\/site\/wp-content\/uploads\/2021\/11\/WhatsApp-Image-2021-11-12-at-12.02.13-768x576.jpeg 768w, https:\/\/www.caritasne2.org.br\/site\/wp-content\/uploads\/2021\/11\/WhatsApp-Image-2021-11-12-at-12.02.13-1024x768.jpeg 1024w\" sizes=\"(max-width: 635px) 100vw, 635px\" \/><\/a><\/p>\n<p style=\"font-weight: 400; text-align: justify;\"><a href=\"http:\/\/www.caritasne2.org.br\/caritas-ne2-lanca-quiosque-solidariedade-que-transforma-para-comercializacao-de-produtos-da-economia-solidaria\/whatsapp-image-2021-11-12-at-12-02-13-1\/\" rel=\"attachment wp-att-8697\"><img decoding=\"async\" loading=\"lazy\" class=\"aligncenter wp-image-8697\" src=\"http:\/\/www.caritasne2.org.br\/wp-content\/uploads\/2021\/11\/WhatsApp-Image-2021-11-12-at-12.02.13-1.jpeg\" alt=\"\" width=\"646\" height=\"485\" srcset=\"https:\/\/www.caritasne2.org.br\/site\/wp-content\/uploads\/2021\/11\/WhatsApp-Image-2021-11-12-at-12.02.13-1.jpeg 1600w, https:\/\/www.caritasne2.org.br\/site\/wp-content\/uploads\/2021\/11\/WhatsApp-Image-2021-11-12-at-12.02.13-1-300x225.jpeg 300w, https:\/\/www.caritasne2.org.br\/site\/wp-content\/uploads\/2021\/11\/WhatsApp-Image-2021-11-12-at-12.02.13-1-768x576.jpeg 768w, https:\/\/www.caritasne2.org.br\/site\/wp-content\/uploads\/2021\/11\/WhatsApp-Image-2021-11-12-at-12.02.13-1-1024x768.jpeg 1024w\" sizes=\"(max-width: 646px) 100vw, 646px\" \/><\/a><\/p>\n<ul class=\"ssb_list_wrapper\"><li class=\"fb2\" style=\"width:135px\"><iframe src=\"\/\/www.facebook.com\/plugins\/like.php?href=https%3A%2F%2Fwww.caritasne2.org.br%2Fsite%2Fcaritas-ne2-lanca-quiosque-solidariedade-que-transforma-para-comercializacao-de-produtos-da-economia-solidaria%2F&amp;layout=button_count&amp;action=like&amp;show_faces=false&amp;share=true&amp;width=135&amp;height=21&amp;appId=307091639398582\" scrolling=\"no\" frameborder=\"0\" style=\"border:none; overflow:hidden;  width:150px; height:21px;\" allowTransparency=\"true\"><\/iframe><\/li><li class=\"twtr\" style=\"width:90px\"><a href=\"https:\/\/twitter.com\/share\" class=\"twitter-share-button\" data-url=\"https:\/\/www.caritasne2.org.br\/site\/caritas-ne2-lanca-quiosque-solidariedade-que-transforma-para-comercializacao-de-produtos-da-economia-solidaria\/\">&nbsp;<\/a><script>!function(d,s,id){var js,fjs=d.getElementsByTagName(s)[0],p=\/^http:\/.test(d.location)?'http':'https';if(!d.getElementById(id)){js=d.createElement(s);js.id=id;js.src=p+':\/\/platform.twitter.com\/widgets.js';fjs.parentNode.insertBefore(js,fjs);}}(document, 'script', 'twitter-wjs');<\/script><\/li><li class=\"gplus\" style=\"width:68px\"><div class=\"g-plusone\" data-size=\"medium\" data-href=\"https:\/\/www.caritasne2.org.br\/site\/caritas-ne2-lanca-quiosque-solidariedade-que-transforma-para-comercializacao-de-produtos-da-economia-solidaria\/\"><\/div><\/li><li class=\"ssb_linkedin\" style=\"width:64px\"><script src=\"\/\/platform.linkedin.com\/in.js\" type=\"text\/javascript\">lang: en_US<\/script><script type=\"IN\/Share\" data-url=\"https:\/\/www.caritasne2.org.br\/site\/caritas-ne2-lanca-quiosque-solidariedade-que-transforma-para-comercializacao-de-produtos-da-economia-solidaria\/\" data-counter=\"right\"><\/script><\/li><\/ul>","protected":false},"excerpt":{"rendered":"<p>O espa\u00e7o teve in\u00edcio nesta sexta-feira, 12, e segue at\u00e9 11 de dezembro, como parte da comemora\u00e7\u00e3o dos 65 anos da Rede C\u00e1ritas no pa\u00eds Com objetivo de apresentar, fortalecer as iniciativas produzidas pelos\u00a0grupos de \u00a0mulheres que atuam com \u00a0economia solid\u00e1ria, e gerar sustentabilidade \u00e0s a\u00e7\u00f5es da Rede C\u00e1ritas, de\u00a012 de novembro a 11 de dezembro\u00a0a\u00a0C\u00e1ritas Brasileira NE2 promove o\u00a0Quiosque\u00a0Solidariedade que Transforma, um espa\u00e7o\u00a0 solid\u00e1rio, [&hellip;]<\/p>\n<ul class=\"ssb_list_wrapper\"><li class=\"fb2\" style=\"width:135px\"><iframe src=\"\/\/www.facebook.com\/plugins\/like.php?href=https%3A%2F%2Fwww.caritasne2.org.br%2Fsite%2Fcaritas-ne2-lanca-quiosque-solidariedade-que-transforma-para-comercializacao-de-produtos-da-economia-solidaria%2F&amp;layout=button_count&amp;action=like&amp;show_faces=false&amp;share=true&amp;width=135&amp;height=21&amp;appId=307091639398582\" scrolling=\"no\" frameborder=\"0\" style=\"border:none; overflow:hidden;  width:150px; height:21px;\" allowTransparency=\"true\"><\/iframe><\/li><li class=\"twtr\" style=\"width:90px\"><a href=\"https:\/\/twitter.com\/share\" class=\"twitter-share-button\" data-url=\"https:\/\/www.caritasne2.org.br\/site\/caritas-ne2-lanca-quiosque-solidariedade-que-transforma-para-comercializacao-de-produtos-da-economia-solidaria\/\">&nbsp;<\/a><script>!function(d,s,id){var js,fjs=d.getElementsByTagName(s)[0],p=\/^http:\/.test(d.location)?'http':'https';if(!d.getElementById(id)){js=d.createElement(s);js.id=id;js.src=p+':\/\/platform.twitter.com\/widgets.js';fjs.parentNode.insertBefore(js,fjs);}}(document, 'script', 'twitter-wjs');<\/script><\/li><li class=\"gplus\" style=\"width:68px\"><div class=\"g-plusone\" data-size=\"medium\" data-href=\"https:\/\/www.caritasne2.org.br\/site\/caritas-ne2-lanca-quiosque-solidariedade-que-transforma-para-comercializacao-de-produtos-da-economia-solidaria\/\"><\/div><\/li><li class=\"ssb_linkedin\" style=\"width:64px\"><script src=\"\/\/platform.linkedin.com\/in.js\" type=\"text\/javascript\">lang: en_US<\/script><script type=\"IN\/Share\" data-url=\"https:\/\/www.caritasne2.org.br\/site\/caritas-ne2-lanca-quiosque-solidariedade-que-transforma-para-comercializacao-de-produtos-da-economia-solidaria\/\" data-counter=\"right\"><\/script><\/li><\/ul>","protected":false},"author":4,"featured_media":8714,"comment_status":"open","ping_status":"open","sticky":false,"template":"","format":"standard","meta":[],"categories":[21,20],"tags":[],"_links":{"self":[{"href":"https:\/\/www.caritasne2.org.br\/site\/wp-json\/wp\/v2\/posts\/8695"}],"collection":[{"href":"https:\/\/www.caritasne2.org.br\/site\/wp-json\/wp\/v2\/posts"}],"about":[{"href":"https:\/\/www.caritasne2.org.br\/site\/wp-json\/wp\/v2\/types\/post"}],"author":[{"embeddable":true,"href":"https:\/\/www.caritasne2.org.br\/site\/wp-json\/wp\/v2\/users\/4"}],"replies":[{"embeddable":true,"href":"https:\/\/www.caritasne2.org.br\/site\/wp-json\/wp\/v2\/comments?post=8695"}],"version-history":[{"count":0,"href":"https:\/\/www.caritasne2.org.br\/site\/wp-json\/wp\/v2\/posts\/8695\/revisions"}],"wp:featuredmedia":[{"embeddable":true,"href":"https:\/\/www.caritasne2.org.br\/site\/wp-json\/wp\/v2\/media\/8714"}],"wp:attachment":[{"href":"https:\/\/www.caritasne2.org.br\/site\/wp-json\/wp\/v2\/media?parent=8695"}],"wp:term":[{"taxonomy":"category","embeddable":true,"href":"https:\/\/www.caritasne2.org.br\/site\/wp-json\/wp\/v2\/categories?post=8695"},{"taxonomy":"post_tag","embeddable":true,"href":"https:\/\/www.caritasne2.org.br\/site\/wp-json\/wp\/v2\/tags?post=8695"}],"curies":[{"name":"wp","href":"https:\/\/api.w.org\/{rel}","templated":true}]}}