{"id":8673,"date":"2021-10-30T17:05:39","date_gmt":"2021-10-30T20:05:39","guid":{"rendered":"http:\/\/www.caritasne2.org.br\/?p=8673"},"modified":"2021-11-09T20:21:08","modified_gmt":"2021-11-09T23:21:08","slug":"caritas-ne2-atraves-do-projeto-rafa-promove-2a-edicao-da-campanha-do-brinquedo-em-parceria-com-universidade-catolica-de-pernambuco","status":"publish","type":"post","link":"https:\/\/www.caritasne2.org.br\/site\/caritas-ne2-atraves-do-projeto-rafa-promove-2a-edicao-da-campanha-do-brinquedo-em-parceria-com-universidade-catolica-de-pernambuco\/","title":{"rendered":"C\u00e1ritas NE2  promove 2\u00aa edi\u00e7\u00e3o da Campanha do Brinquedo atrav\u00e9s do Projeto RAFA para crian\u00e7as venezuelanas da Regi\u00e3o Metropolitana do Recife"},"content":{"rendered":"<p style=\"text-align: center;\"><em>\u00a0Ao final, as crian\u00e7as puderam lanchar e receberam sacolas com guloseimas e\u00a0presentes<\/em><\/p>\n<p style=\"text-align: justify;\">Pelo segundo ano consecutivo a C\u00e1ritas Regional NE2 realizou, atrav\u00e9s do Projeto Rede de Amor Amizade e Fraternidade (RAFA) a Campanha do Brinquedo &#8211; <strong>Doe e fa\u00e7a uma crian\u00e7a feliz &#8211; Dona y di um \u00f1ino feliz<\/strong>, no dia 30 de outubro, no estacionamento da Universidade Cat\u00f3lica de Pernambuco (Unicap).O momento foi realizado na parte da tarde, e nesta\u00a0segunda edi\u00e7\u00e3o, a campanha contou com a presen\u00e7a de mais de 20 fam\u00edlias venezuelanas e cerca de 65 crian\u00e7as da Regi\u00e3o Metropolitana do Recife. Al\u00e9m da parceria com a Unicap, atrav\u00e9s da Casa de Direitos,\u00a0C\u00e1ritas Arquidiocesana de Olinda e Recife. Arquidiocese de Olinda e Recife, Instituto Dom Helder Camara, entre outras organiza\u00e7\u00f5es como\u00a0 ONG SALUZ, Aprender a Amar Amando, Jocum Marco Zero e a ONG Menino Crescer.<\/p>\n<p style=\"text-align: justify;\">As crian\u00e7as presentes puderam se divertir com v\u00e1rias atividades, como oficinas de leitura e pintura, brincadeira na cama el\u00e1stica e ainda\u00a0oficinas de brincadeiras contidas na Cartilha Inf\u00e2ncia Migrante, um material pensado e realizado por agentes C\u00e1ritas\u00a0 e volunt\u00e1rios do Programa de migra\u00e7\u00e3o e Ref\u00fagio que teve seu lan\u00e7amento durante o evento. A cartilha, \u00e9 um material did\u00e1tico onde as\u00a0 fam\u00edlias das crian\u00e7as venezuelanas ter\u00e3o acesso a v\u00e1rias brincadeiras t\u00edpicas tanto venezuelanas como brasileiras traduzidas para o espanhol, incentivado assim o aprendizado brincando.<\/p>\n<p style=\"text-align: justify;\">O momento n\u00e3o proporcionou apenas a alegria das crian\u00e7as, mas marcou tamb\u00e9m as m\u00e3es que estiveram presentes, como \u00e9 o caso da\u00a0 venezuelana que levou seu filho pera primeira vez e ficou encantada com o que viu. &#8220;Estou muito agradecida pois a C\u00e1ritas atendeu as crian\u00e7as muito bem, havia bastante comida, bastante suco, as crian\u00e7as brincaram muito, vieram contentes para casa. No \u00f4nibus, elas vieram falando e comentando do momento, ent\u00e3o estou muito agradecida, foi a primeira vez que vi meu filho se divertindo tanto&#8221;, comentou.<\/p>\n<p style=\"text-align: justify;\">Ao final, as crian\u00e7as puderam lanchar e receberam sacolas com guloseimas e brinquedos.<\/p>\n<p><a href=\"http:\/\/www.caritasne2.org.br\/caritas-ne2-atraves-do-projeto-rafa-promove-2a-edicao-da-campanha-do-brinquedo-em-parceria-com-universidade-catolica-de-pernambuco\/whatsapp-image-2021-10-30-at-18-40-52-2\/\" rel=\"attachment wp-att-8676\"><img decoding=\"async\" loading=\"lazy\" class=\"aligncenter wp-image-8676\" src=\"http:\/\/www.caritasne2.org.br\/wp-content\/uploads\/2021\/11\/WhatsApp-Image-2021-10-30-at-18.40.52-2.jpeg\" alt=\"\" width=\"695\" height=\"522\" srcset=\"https:\/\/www.caritasne2.org.br\/site\/wp-content\/uploads\/2021\/11\/WhatsApp-Image-2021-10-30-at-18.40.52-2.jpeg 1600w, https:\/\/www.caritasne2.org.br\/site\/wp-content\/uploads\/2021\/11\/WhatsApp-Image-2021-10-30-at-18.40.52-2-300x225.jpeg 300w, https:\/\/www.caritasne2.org.br\/site\/wp-content\/uploads\/2021\/11\/WhatsApp-Image-2021-10-30-at-18.40.52-2-768x576.jpeg 768w, https:\/\/www.caritasne2.org.br\/site\/wp-content\/uploads\/2021\/11\/WhatsApp-Image-2021-10-30-at-18.40.52-2-1024x768.jpeg 1024w\" sizes=\"(max-width: 695px) 100vw, 695px\" \/><\/a><\/p>\n<p><a href=\"http:\/\/www.caritasne2.org.br\/caritas-ne2-atraves-do-projeto-rafa-promove-2a-edicao-da-campanha-do-brinquedo-em-parceria-com-universidade-catolica-de-pernambuco\/whatsapp-image-2021-10-30-at-18-40-51-1\/\" rel=\"attachment wp-att-8677\"><img decoding=\"async\" loading=\"lazy\" class=\"aligncenter wp-image-8677\" src=\"http:\/\/www.caritasne2.org.br\/wp-content\/uploads\/2021\/11\/WhatsApp-Image-2021-10-30-at-18.40.51-1-1.jpeg\" alt=\"\" width=\"695\" height=\"927\" srcset=\"https:\/\/www.caritasne2.org.br\/site\/wp-content\/uploads\/2021\/11\/WhatsApp-Image-2021-10-30-at-18.40.51-1-1.jpeg 1200w, https:\/\/www.caritasne2.org.br\/site\/wp-content\/uploads\/2021\/11\/WhatsApp-Image-2021-10-30-at-18.40.51-1-1-225x300.jpeg 225w, https:\/\/www.caritasne2.org.br\/site\/wp-content\/uploads\/2021\/11\/WhatsApp-Image-2021-10-30-at-18.40.51-1-1-768x1024.jpeg 768w\" sizes=\"(max-width: 695px) 100vw, 695px\" \/><\/a><\/p>\n<p><a href=\"http:\/\/www.caritasne2.org.br\/caritas-ne2-atraves-do-projeto-rafa-promove-2a-edicao-da-campanha-do-brinquedo-em-parceria-com-universidade-catolica-de-pernambuco\/whatsapp-image-2021-10-30-at-18-40-52-1\/\" rel=\"attachment wp-att-8678\"><img decoding=\"async\" loading=\"lazy\" class=\"aligncenter wp-image-8678\" src=\"http:\/\/www.caritasne2.org.br\/wp-content\/uploads\/2021\/11\/WhatsApp-Image-2021-10-30-at-18.40.52-1.jpeg\" alt=\"\" width=\"696\" height=\"523\" srcset=\"https:\/\/www.caritasne2.org.br\/site\/wp-content\/uploads\/2021\/11\/WhatsApp-Image-2021-10-30-at-18.40.52-1.jpeg 1600w, https:\/\/www.caritasne2.org.br\/site\/wp-content\/uploads\/2021\/11\/WhatsApp-Image-2021-10-30-at-18.40.52-1-300x225.jpeg 300w, https:\/\/www.caritasne2.org.br\/site\/wp-content\/uploads\/2021\/11\/WhatsApp-Image-2021-10-30-at-18.40.52-1-768x576.jpeg 768w, https:\/\/www.caritasne2.org.br\/site\/wp-content\/uploads\/2021\/11\/WhatsApp-Image-2021-10-30-at-18.40.52-1-1024x768.jpeg 1024w\" sizes=\"(max-width: 696px) 100vw, 696px\" \/><\/a><\/p>\n<p><a href=\"http:\/\/www.caritasne2.org.br\/caritas-ne2-atraves-do-projeto-rafa-promove-2a-edicao-da-campanha-do-brinquedo-em-parceria-com-universidade-catolica-de-pernambuco\/whatsapp-image-2021-10-30-at-18-45-15-1\/\" rel=\"attachment wp-att-8679\"><img decoding=\"async\" loading=\"lazy\" class=\"aligncenter wp-image-8679\" src=\"http:\/\/www.caritasne2.org.br\/wp-content\/uploads\/2021\/11\/WhatsApp-Image-2021-10-30-at-18.45.15-1.jpeg\" alt=\"\" width=\"700\" height=\"934\" srcset=\"https:\/\/www.caritasne2.org.br\/site\/wp-content\/uploads\/2021\/11\/WhatsApp-Image-2021-10-30-at-18.45.15-1.jpeg 1200w, https:\/\/www.caritasne2.org.br\/site\/wp-content\/uploads\/2021\/11\/WhatsApp-Image-2021-10-30-at-18.45.15-1-225x300.jpeg 225w, https:\/\/www.caritasne2.org.br\/site\/wp-content\/uploads\/2021\/11\/WhatsApp-Image-2021-10-30-at-18.45.15-1-768x1024.jpeg 768w\" sizes=\"(max-width: 700px) 100vw, 700px\" \/><\/a><\/p>\n<p><a href=\"http:\/\/www.caritasne2.org.br\/caritas-ne2-atraves-do-projeto-rafa-promove-2a-edicao-da-campanha-do-brinquedo-em-parceria-com-universidade-catolica-de-pernambuco\/whatsapp-image-2021-10-30-at-18-45-15\/\" rel=\"attachment wp-att-8680\"><img decoding=\"async\" loading=\"lazy\" class=\"aligncenter wp-image-8680\" src=\"http:\/\/www.caritasne2.org.br\/wp-content\/uploads\/2021\/11\/WhatsApp-Image-2021-10-30-at-18.45.15.jpeg\" alt=\"\" width=\"701\" height=\"965\" srcset=\"https:\/\/www.caritasne2.org.br\/site\/wp-content\/uploads\/2021\/11\/WhatsApp-Image-2021-10-30-at-18.45.15.jpeg 1162w, https:\/\/www.caritasne2.org.br\/site\/wp-content\/uploads\/2021\/11\/WhatsApp-Image-2021-10-30-at-18.45.15-218x300.jpeg 218w, https:\/\/www.caritasne2.org.br\/site\/wp-content\/uploads\/2021\/11\/WhatsApp-Image-2021-10-30-at-18.45.15-768x1057.jpeg 768w, https:\/\/www.caritasne2.org.br\/site\/wp-content\/uploads\/2021\/11\/WhatsApp-Image-2021-10-30-at-18.45.15-744x1024.jpeg 744w\" sizes=\"(max-width: 701px) 100vw, 701px\" \/><\/a><\/p>\n<ul class=\"ssb_list_wrapper\"><li class=\"fb2\" style=\"width:135px\"><iframe src=\"\/\/www.facebook.com\/plugins\/like.php?href=https%3A%2F%2Fwww.caritasne2.org.br%2Fsite%2Fcaritas-ne2-atraves-do-projeto-rafa-promove-2a-edicao-da-campanha-do-brinquedo-em-parceria-com-universidade-catolica-de-pernambuco%2F&amp;layout=button_count&amp;action=like&amp;show_faces=false&amp;share=true&amp;width=135&amp;height=21&amp;appId=307091639398582\" scrolling=\"no\" frameborder=\"0\" style=\"border:none; overflow:hidden;  width:150px; height:21px;\" allowTransparency=\"true\"><\/iframe><\/li><li class=\"twtr\" style=\"width:90px\"><a href=\"https:\/\/twitter.com\/share\" class=\"twitter-share-button\" data-url=\"https:\/\/www.caritasne2.org.br\/site\/caritas-ne2-atraves-do-projeto-rafa-promove-2a-edicao-da-campanha-do-brinquedo-em-parceria-com-universidade-catolica-de-pernambuco\/\">&nbsp;<\/a><script>!function(d,s,id){var js,fjs=d.getElementsByTagName(s)[0],p=\/^http:\/.test(d.location)?'http':'https';if(!d.getElementById(id)){js=d.createElement(s);js.id=id;js.src=p+':\/\/platform.twitter.com\/widgets.js';fjs.parentNode.insertBefore(js,fjs);}}(document, 'script', 'twitter-wjs');<\/script><\/li><li class=\"gplus\" style=\"width:68px\"><div class=\"g-plusone\" data-size=\"medium\" data-href=\"https:\/\/www.caritasne2.org.br\/site\/caritas-ne2-atraves-do-projeto-rafa-promove-2a-edicao-da-campanha-do-brinquedo-em-parceria-com-universidade-catolica-de-pernambuco\/\"><\/div><\/li><li class=\"ssb_linkedin\" style=\"width:64px\"><script src=\"\/\/platform.linkedin.com\/in.js\" type=\"text\/javascript\">lang: en_US<\/script><script type=\"IN\/Share\" data-url=\"https:\/\/www.caritasne2.org.br\/site\/caritas-ne2-atraves-do-projeto-rafa-promove-2a-edicao-da-campanha-do-brinquedo-em-parceria-com-universidade-catolica-de-pernambuco\/\" data-counter=\"right\"><\/script><\/li><\/ul>","protected":false},"excerpt":{"rendered":"<p>\u00a0Ao final, as crian\u00e7as puderam lanchar e receberam sacolas com guloseimas e\u00a0presentes Pelo segundo ano consecutivo a C\u00e1ritas Regional NE2 realizou, atrav\u00e9s do Projeto Rede de Amor Amizade e Fraternidade (RAFA) a Campanha do Brinquedo &#8211; Doe e fa\u00e7a uma crian\u00e7a feliz &#8211; Dona y di um \u00f1ino feliz, no dia 30 de outubro, no estacionamento da Universidade Cat\u00f3lica de Pernambuco (Unicap).O momento foi realizado [&hellip;]<\/p>\n<ul class=\"ssb_list_wrapper\"><li class=\"fb2\" style=\"width:135px\"><iframe src=\"\/\/www.facebook.com\/plugins\/like.php?href=https%3A%2F%2Fwww.caritasne2.org.br%2Fsite%2Fcaritas-ne2-atraves-do-projeto-rafa-promove-2a-edicao-da-campanha-do-brinquedo-em-parceria-com-universidade-catolica-de-pernambuco%2F&amp;layout=button_count&amp;action=like&amp;show_faces=false&amp;share=true&amp;width=135&amp;height=21&amp;appId=307091639398582\" scrolling=\"no\" frameborder=\"0\" style=\"border:none; overflow:hidden;  width:150px; height:21px;\" allowTransparency=\"true\"><\/iframe><\/li><li class=\"twtr\" style=\"width:90px\"><a href=\"https:\/\/twitter.com\/share\" class=\"twitter-share-button\" data-url=\"https:\/\/www.caritasne2.org.br\/site\/caritas-ne2-atraves-do-projeto-rafa-promove-2a-edicao-da-campanha-do-brinquedo-em-parceria-com-universidade-catolica-de-pernambuco\/\">&nbsp;<\/a><script>!function(d,s,id){var js,fjs=d.getElementsByTagName(s)[0],p=\/^http:\/.test(d.location)?'http':'https';if(!d.getElementById(id)){js=d.createElement(s);js.id=id;js.src=p+':\/\/platform.twitter.com\/widgets.js';fjs.parentNode.insertBefore(js,fjs);}}(document, 'script', 'twitter-wjs');<\/script><\/li><li class=\"gplus\" style=\"width:68px\"><div class=\"g-plusone\" data-size=\"medium\" data-href=\"https:\/\/www.caritasne2.org.br\/site\/caritas-ne2-atraves-do-projeto-rafa-promove-2a-edicao-da-campanha-do-brinquedo-em-parceria-com-universidade-catolica-de-pernambuco\/\"><\/div><\/li><li class=\"ssb_linkedin\" style=\"width:64px\"><script src=\"\/\/platform.linkedin.com\/in.js\" type=\"text\/javascript\">lang: en_US<\/script><script type=\"IN\/Share\" data-url=\"https:\/\/www.caritasne2.org.br\/site\/caritas-ne2-atraves-do-projeto-rafa-promove-2a-edicao-da-campanha-do-brinquedo-em-parceria-com-universidade-catolica-de-pernambuco\/\" data-counter=\"right\"><\/script><\/li><\/ul>","protected":false},"author":4,"featured_media":8675,"comment_status":"open","ping_status":"open","sticky":false,"template":"","format":"standard","meta":[],"categories":[21,20],"tags":[],"_links":{"self":[{"href":"https:\/\/www.caritasne2.org.br\/site\/wp-json\/wp\/v2\/posts\/8673"}],"collection":[{"href":"https:\/\/www.caritasne2.org.br\/site\/wp-json\/wp\/v2\/posts"}],"about":[{"href":"https:\/\/www.caritasne2.org.br\/site\/wp-json\/wp\/v2\/types\/post"}],"author":[{"embeddable":true,"href":"https:\/\/www.caritasne2.org.br\/site\/wp-json\/wp\/v2\/users\/4"}],"replies":[{"embeddable":true,"href":"https:\/\/www.caritasne2.org.br\/site\/wp-json\/wp\/v2\/comments?post=8673"}],"version-history":[{"count":0,"href":"https:\/\/www.caritasne2.org.br\/site\/wp-json\/wp\/v2\/posts\/8673\/revisions"}],"wp:featuredmedia":[{"embeddable":true,"href":"https:\/\/www.caritasne2.org.br\/site\/wp-json\/wp\/v2\/media\/8675"}],"wp:attachment":[{"href":"https:\/\/www.caritasne2.org.br\/site\/wp-json\/wp\/v2\/media?parent=8673"}],"wp:term":[{"taxonomy":"category","embeddable":true,"href":"https:\/\/www.caritasne2.org.br\/site\/wp-json\/wp\/v2\/categories?post=8673"},{"taxonomy":"post_tag","embeddable":true,"href":"https:\/\/www.caritasne2.org.br\/site\/wp-json\/wp\/v2\/tags?post=8673"}],"curies":[{"name":"wp","href":"https:\/\/api.w.org\/{rel}","templated":true}]}}