{"id":8663,"date":"2021-11-08T15:14:56","date_gmt":"2021-11-08T18:14:56","guid":{"rendered":"http:\/\/www.caritasne2.org.br\/?p=8663"},"modified":"2021-11-09T20:22:38","modified_gmt":"2021-11-09T23:22:38","slug":"ix-assembleia-da-caritas-regional-ne2-elege-nova-diretoria-para-quadrienio-2022-a-2025","status":"publish","type":"post","link":"https:\/\/www.caritasne2.org.br\/site\/ix-assembleia-da-caritas-regional-ne2-elege-nova-diretoria-para-quadrienio-2022-a-2025\/","title":{"rendered":"IX Assembleia da C\u00e1ritas Regional NE2 elege nova diretoria para quadri\u00eanio (2022 a 2025)"},"content":{"rendered":"<p style=\"font-weight: 400; text-align: center;\"><em>O momento aconteceu de forma h\u00edbrida na sede da CNBB NE2 , e atrav\u00e9s da plataforma Zoom Meeting e Youtube<\/em><\/p>\n<p style=\"font-weight: 400; text-align: justify;\">Nos dias 05 e 06 de novembro, a C\u00e1ritas Regional NE2 dando seguimento ao processo de desenvolvimento e gest\u00e3o da Rede no nordeste 2 , realizou a IX Assembleia da C\u00e1ritas Brasileira Regional Nordeste 2, em formato h\u00edbrido com transmiss\u00e3o da sede da CNBB NE2 ( Recife) e atrav\u00e9s de plataformas online. A IX assembleia \u00a0teve como tema: C\u00e1ritas, partilha e comunh\u00e3o da igreja no servi\u00e7o da caridade, e como lema: \u201cEis que fa\u00e7o novas todas as coisas\u201d, Ap. 21, 05.<\/p>\n<p style=\"font-weight: 400; text-align: justify;\">Durante o processo preparat\u00f3rio, a comiss\u00e3o respons\u00e1vel pelo planejamento, log\u00edstica e metodologia da assembleia, formada por agentes C\u00e1ritas da rede e secretariado, se reuniram ao longo dos seis meses para a constru\u00e7\u00e3o de um momento de sinodal junto \u00e0 Rede C\u00e1ritas, como os tr\u00eas processos de escuta, por exemplo, que contemplaram a motiva\u00e7\u00e3o para a miss\u00e3o, os desafios e prioridades para o quadri\u00eanio, e o perfil que os (as) candidatos(as) deveriam ter para o cargo de secret\u00e1rio (a) executivo (a) regional,\u00a0 assim como, os membros do Conselho Regional, titulares e suplentes.<\/p>\n<p style=\"font-weight: 400; text-align: justify;\">Nesta assembleia, a rede e participantes receberam um caderno metodol\u00f3gico, que apresentava a ora\u00e7\u00e3o da IX Assembleia, objetivos, regimentos, sistematiza\u00e7\u00f5es, depoimentos e diretrizes de toda a IX Assembleia. No primeiro dia, sexta-feira, 05, foram apresentados o relat\u00f3rio do quadri\u00eanio em gest\u00e3o (2018 a 2021), o balan\u00e7o financeiro do per\u00edodo, e um painel facilitado por \u00a0Dom Manoel Delson, Arcebispo da Para\u00edba e bispo referencial da CBNE2, \u00a0sobre o tema da assembleia, e constitui\u00e7\u00e3o da comiss\u00e3o eleitoral para acompanhar a elei\u00e7\u00e3o. Encerrando o dia, o presidente do Conselho Regional e presidente da A\u00e7\u00e3o Social \u00a0Diocesana de Patos(PB), Padre Jo\u00e3o Saturnino, realizou de forma presencial a celebra\u00e7\u00e3o eucar\u00edstica \u00a0na capela Bom Pastor, na sede da CNBB NE2, com transmiss\u00e3o pelo canal do Youtube da CBNE2.<\/p>\n<p style=\"font-weight: 400; text-align: justify;\">Para\u00a0o irm\u00e3o Jos\u00e9 Matias, vice-presidente do Conselho e diretor da C\u00e1ritas Diocesana de Penedo (AL), \u201c este \u00e9 um momento \u00fanico em nossa rede C\u00e1ritas NE2. A assembleia \u00e9 a inst\u00e2ncia m\u00e1xima da gest\u00e3o para a nossa rede, \u00e9 nela que apontamos os caminhos da gest\u00e3o para o pr\u00f3ximo quadri\u00eanio\u201d, comenta.<\/p>\n<p style=\"font-weight: 400; text-align: justify;\">No segundo dia, s\u00e1bado, 06, iniciado com o momento de m\u00edstica, foi realizado um painel com a an\u00e1lise de conjuntura: pol\u00edtica e eclesial trazido de forma estruturada pelo Pe. Alfredinho , mission\u00e1rio Scalabriniano,\u00a0 com debate e\u00a0 intera\u00e7\u00f5es dos participantes. Na sequ\u00eancia, houve apresenta\u00e7\u00e3o da s\u00edntese dos processos de escuta da assembleia, apresenta\u00e7\u00e3o dos candidatos (as) \u00e0 secret\u00e1rio (a) executivo (a) regional,\u00a0 e conselho regional, e elei\u00e7\u00e3o, sendo finalizado com a leitura do resultado da vota\u00e7\u00e3o no final da tarde pela comiss\u00e3o eleitoral. Ao final do processo eleitoral da \u00a0IX Assembleia Regional foram eleitos para gest\u00e3o do quadri\u00eanio ( 2022 a 2025):<\/p>\n<p style=\"font-weight: 400; text-align: justify;\"><strong>Conselho Regional:<\/strong><\/p>\n<p style=\"font-weight: 400;\">Itamar de Carvalho (Titular)- C\u00e1ritas Diocesana de Pesqueira\/PE<\/p>\n<p style=\"font-weight: 400;\">Jos\u00e9 Carlos Silva (Titular)\u00a0-C\u00e1ritas Diocesana de Caic\u00f3\/RN<\/p>\n<p style=\"font-weight: 400;\">Ricardo Soares (Titular)\u00a0&#8211; C\u00e1ritas Diocesana de Campina Grande\/PB<\/p>\n<p style=\"font-weight: 400;\">Charles Andr\u00e9 (Titular)- C\u00e1ritas Diocesana de Palmeira dos \u00cdndios\/AL<\/p>\n<p style=\"font-weight: 400;\">Severino Ramos (Suplente)- Funda\u00e7\u00e3o Monsenhor Petronilo Pedrosa\/PE<\/p>\n<p style=\"font-weight: 400;\">Gilsa Dias (Suplente)- C\u00e1ritas Diocesana de Mossor\u00f3\/RN<\/p>\n<p>&nbsp;<\/p>\n<p><strong>Secret\u00e1ria Executiva Regional:<\/strong><\/p>\n<p>Neilda Pereira da Silva<\/p>\n<p>&nbsp;<\/p>\n<p><a href=\"http:\/\/www.caritasne2.org.br\/ix-assembleia-da-caritas-regional-ne2-elege-nova-diretoria-para-quadrienio-2022-a-2025\/whatsapp-image-2021-11-06-at-14-18-50\/\" rel=\"attachment wp-att-8665\"><img decoding=\"async\" loading=\"lazy\" class=\"aligncenter wp-image-8665\" src=\"http:\/\/www.caritasne2.org.br\/wp-content\/uploads\/2021\/11\/WhatsApp-Image-2021-11-06-at-14.18.50.jpeg\" alt=\"\" width=\"672\" height=\"505\" srcset=\"https:\/\/www.caritasne2.org.br\/site\/wp-content\/uploads\/2021\/11\/WhatsApp-Image-2021-11-06-at-14.18.50.jpeg 1600w, https:\/\/www.caritasne2.org.br\/site\/wp-content\/uploads\/2021\/11\/WhatsApp-Image-2021-11-06-at-14.18.50-300x225.jpeg 300w, https:\/\/www.caritasne2.org.br\/site\/wp-content\/uploads\/2021\/11\/WhatsApp-Image-2021-11-06-at-14.18.50-768x576.jpeg 768w, https:\/\/www.caritasne2.org.br\/site\/wp-content\/uploads\/2021\/11\/WhatsApp-Image-2021-11-06-at-14.18.50-1024x768.jpeg 1024w\" sizes=\"(max-width: 672px) 100vw, 672px\" \/><\/a><\/p>\n<p><a href=\"http:\/\/www.caritasne2.org.br\/ix-assembleia-da-caritas-regional-ne2-elege-nova-diretoria-para-quadrienio-2022-a-2025\/whatsapp-image-2021-11-05-at-21-54-33\/\" rel=\"attachment wp-att-8666\"><img decoding=\"async\" loading=\"lazy\" class=\"aligncenter wp-image-8666\" src=\"http:\/\/www.caritasne2.org.br\/wp-content\/uploads\/2021\/11\/WhatsApp-Image-2021-11-05-at-21.54.33.jpeg\" alt=\"\" width=\"676\" height=\"508\" srcset=\"https:\/\/www.caritasne2.org.br\/site\/wp-content\/uploads\/2021\/11\/WhatsApp-Image-2021-11-05-at-21.54.33.jpeg 1600w, https:\/\/www.caritasne2.org.br\/site\/wp-content\/uploads\/2021\/11\/WhatsApp-Image-2021-11-05-at-21.54.33-300x225.jpeg 300w, https:\/\/www.caritasne2.org.br\/site\/wp-content\/uploads\/2021\/11\/WhatsApp-Image-2021-11-05-at-21.54.33-768x576.jpeg 768w, https:\/\/www.caritasne2.org.br\/site\/wp-content\/uploads\/2021\/11\/WhatsApp-Image-2021-11-05-at-21.54.33-1024x768.jpeg 1024w\" sizes=\"(max-width: 676px) 100vw, 676px\" \/><\/a><\/p>\n<p><a href=\"http:\/\/www.caritasne2.org.br\/ix-assembleia-da-caritas-regional-ne2-elege-nova-diretoria-para-quadrienio-2022-a-2025\/whatsapp-image-2021-11-05-at-16-44-18-1\/\" rel=\"attachment wp-att-8667\"><img decoding=\"async\" loading=\"lazy\" class=\"aligncenter wp-image-8667\" src=\"http:\/\/www.caritasne2.org.br\/wp-content\/uploads\/2021\/11\/WhatsApp-Image-2021-11-05-at-16.44.18-1.jpeg\" alt=\"\" width=\"675\" height=\"380\" srcset=\"https:\/\/www.caritasne2.org.br\/site\/wp-content\/uploads\/2021\/11\/WhatsApp-Image-2021-11-05-at-16.44.18-1.jpeg 1280w, https:\/\/www.caritasne2.org.br\/site\/wp-content\/uploads\/2021\/11\/WhatsApp-Image-2021-11-05-at-16.44.18-1-300x169.jpeg 300w, https:\/\/www.caritasne2.org.br\/site\/wp-content\/uploads\/2021\/11\/WhatsApp-Image-2021-11-05-at-16.44.18-1-768x432.jpeg 768w, https:\/\/www.caritasne2.org.br\/site\/wp-content\/uploads\/2021\/11\/WhatsApp-Image-2021-11-05-at-16.44.18-1-1024x576.jpeg 1024w, https:\/\/www.caritasne2.org.br\/site\/wp-content\/uploads\/2021\/11\/WhatsApp-Image-2021-11-05-at-16.44.18-1-588x330.jpeg 588w\" sizes=\"(max-width: 675px) 100vw, 675px\" \/><\/a><\/p>\n<p><a href=\"http:\/\/www.caritasne2.org.br\/ix-assembleia-da-caritas-regional-ne2-elege-nova-diretoria-para-quadrienio-2022-a-2025\/whatsapp-image-2021-11-05-at-16-39-55\/\" rel=\"attachment wp-att-8668\"><img decoding=\"async\" loading=\"lazy\" class=\"aligncenter wp-image-8668\" src=\"http:\/\/www.caritasne2.org.br\/wp-content\/uploads\/2021\/11\/WhatsApp-Image-2021-11-05-at-16.39.55.jpeg\" alt=\"\" width=\"672\" height=\"505\" srcset=\"https:\/\/www.caritasne2.org.br\/site\/wp-content\/uploads\/2021\/11\/WhatsApp-Image-2021-11-05-at-16.39.55.jpeg 1600w, https:\/\/www.caritasne2.org.br\/site\/wp-content\/uploads\/2021\/11\/WhatsApp-Image-2021-11-05-at-16.39.55-300x225.jpeg 300w, https:\/\/www.caritasne2.org.br\/site\/wp-content\/uploads\/2021\/11\/WhatsApp-Image-2021-11-05-at-16.39.55-768x576.jpeg 768w, https:\/\/www.caritasne2.org.br\/site\/wp-content\/uploads\/2021\/11\/WhatsApp-Image-2021-11-05-at-16.39.55-1024x768.jpeg 1024w\" sizes=\"(max-width: 672px) 100vw, 672px\" \/><\/a><\/p>\n<p><a href=\"http:\/\/www.caritasne2.org.br\/ix-assembleia-da-caritas-regional-ne2-elege-nova-diretoria-para-quadrienio-2022-a-2025\/whatsapp-image-2021-11-05-at-16-39-47\/\" rel=\"attachment wp-att-8669\"><img decoding=\"async\" loading=\"lazy\" class=\"aligncenter wp-image-8669\" src=\"http:\/\/www.caritasne2.org.br\/wp-content\/uploads\/2021\/11\/WhatsApp-Image-2021-11-05-at-16.39.47.jpeg\" alt=\"\" width=\"675\" height=\"506\" srcset=\"https:\/\/www.caritasne2.org.br\/site\/wp-content\/uploads\/2021\/11\/WhatsApp-Image-2021-11-05-at-16.39.47.jpeg 1600w, https:\/\/www.caritasne2.org.br\/site\/wp-content\/uploads\/2021\/11\/WhatsApp-Image-2021-11-05-at-16.39.47-300x225.jpeg 300w, https:\/\/www.caritasne2.org.br\/site\/wp-content\/uploads\/2021\/11\/WhatsApp-Image-2021-11-05-at-16.39.47-768x576.jpeg 768w, https:\/\/www.caritasne2.org.br\/site\/wp-content\/uploads\/2021\/11\/WhatsApp-Image-2021-11-05-at-16.39.47-1024x768.jpeg 1024w\" sizes=\"(max-width: 675px) 100vw, 675px\" \/><\/a><\/p>\n<p><a href=\"http:\/\/www.caritasne2.org.br\/ix-assembleia-da-caritas-regional-ne2-elege-nova-diretoria-para-quadrienio-2022-a-2025\/whatsapp-image-2021-11-05-at-16-39-36\/\" rel=\"attachment wp-att-8670\"><img decoding=\"async\" loading=\"lazy\" class=\"aligncenter wp-image-8670\" src=\"http:\/\/www.caritasne2.org.br\/wp-content\/uploads\/2021\/11\/WhatsApp-Image-2021-11-05-at-16.39.36.jpeg\" alt=\"\" width=\"680\" height=\"510\" srcset=\"https:\/\/www.caritasne2.org.br\/site\/wp-content\/uploads\/2021\/11\/WhatsApp-Image-2021-11-05-at-16.39.36.jpeg 1600w, https:\/\/www.caritasne2.org.br\/site\/wp-content\/uploads\/2021\/11\/WhatsApp-Image-2021-11-05-at-16.39.36-300x225.jpeg 300w, https:\/\/www.caritasne2.org.br\/site\/wp-content\/uploads\/2021\/11\/WhatsApp-Image-2021-11-05-at-16.39.36-768x576.jpeg 768w, https:\/\/www.caritasne2.org.br\/site\/wp-content\/uploads\/2021\/11\/WhatsApp-Image-2021-11-05-at-16.39.36-1024x768.jpeg 1024w\" sizes=\"(max-width: 680px) 100vw, 680px\" \/><\/a><\/p>\n<ul class=\"ssb_list_wrapper\"><li class=\"fb2\" style=\"width:135px\"><iframe src=\"\/\/www.facebook.com\/plugins\/like.php?href=https%3A%2F%2Fwww.caritasne2.org.br%2Fsite%2Fix-assembleia-da-caritas-regional-ne2-elege-nova-diretoria-para-quadrienio-2022-a-2025%2F&amp;layout=button_count&amp;action=like&amp;show_faces=false&amp;share=true&amp;width=135&amp;height=21&amp;appId=307091639398582\" scrolling=\"no\" frameborder=\"0\" style=\"border:none; overflow:hidden;  width:150px; height:21px;\" allowTransparency=\"true\"><\/iframe><\/li><li class=\"twtr\" style=\"width:90px\"><a href=\"https:\/\/twitter.com\/share\" class=\"twitter-share-button\" data-url=\"https:\/\/www.caritasne2.org.br\/site\/ix-assembleia-da-caritas-regional-ne2-elege-nova-diretoria-para-quadrienio-2022-a-2025\/\">&nbsp;<\/a><script>!function(d,s,id){var js,fjs=d.getElementsByTagName(s)[0],p=\/^http:\/.test(d.location)?'http':'https';if(!d.getElementById(id)){js=d.createElement(s);js.id=id;js.src=p+':\/\/platform.twitter.com\/widgets.js';fjs.parentNode.insertBefore(js,fjs);}}(document, 'script', 'twitter-wjs');<\/script><\/li><li class=\"gplus\" style=\"width:68px\"><div class=\"g-plusone\" data-size=\"medium\" data-href=\"https:\/\/www.caritasne2.org.br\/site\/ix-assembleia-da-caritas-regional-ne2-elege-nova-diretoria-para-quadrienio-2022-a-2025\/\"><\/div><\/li><li class=\"ssb_linkedin\" style=\"width:64px\"><script src=\"\/\/platform.linkedin.com\/in.js\" type=\"text\/javascript\">lang: en_US<\/script><script type=\"IN\/Share\" data-url=\"https:\/\/www.caritasne2.org.br\/site\/ix-assembleia-da-caritas-regional-ne2-elege-nova-diretoria-para-quadrienio-2022-a-2025\/\" data-counter=\"right\"><\/script><\/li><\/ul>","protected":false},"excerpt":{"rendered":"<p>O momento aconteceu de forma h\u00edbrida na sede da CNBB NE2 , e atrav\u00e9s da plataforma Zoom Meeting e Youtube Nos dias 05 e 06 de novembro, a C\u00e1ritas Regional NE2 dando seguimento ao processo de desenvolvimento e gest\u00e3o da Rede no nordeste 2 , realizou a IX Assembleia da C\u00e1ritas Brasileira Regional Nordeste 2, em formato h\u00edbrido com transmiss\u00e3o da sede da CNBB NE2 [&hellip;]<\/p>\n<ul class=\"ssb_list_wrapper\"><li class=\"fb2\" style=\"width:135px\"><iframe src=\"\/\/www.facebook.com\/plugins\/like.php?href=https%3A%2F%2Fwww.caritasne2.org.br%2Fsite%2Fix-assembleia-da-caritas-regional-ne2-elege-nova-diretoria-para-quadrienio-2022-a-2025%2F&amp;layout=button_count&amp;action=like&amp;show_faces=false&amp;share=true&amp;width=135&amp;height=21&amp;appId=307091639398582\" scrolling=\"no\" frameborder=\"0\" style=\"border:none; overflow:hidden;  width:150px; height:21px;\" allowTransparency=\"true\"><\/iframe><\/li><li class=\"twtr\" style=\"width:90px\"><a href=\"https:\/\/twitter.com\/share\" class=\"twitter-share-button\" data-url=\"https:\/\/www.caritasne2.org.br\/site\/ix-assembleia-da-caritas-regional-ne2-elege-nova-diretoria-para-quadrienio-2022-a-2025\/\">&nbsp;<\/a><script>!function(d,s,id){var js,fjs=d.getElementsByTagName(s)[0],p=\/^http:\/.test(d.location)?'http':'https';if(!d.getElementById(id)){js=d.createElement(s);js.id=id;js.src=p+':\/\/platform.twitter.com\/widgets.js';fjs.parentNode.insertBefore(js,fjs);}}(document, 'script', 'twitter-wjs');<\/script><\/li><li class=\"gplus\" style=\"width:68px\"><div class=\"g-plusone\" data-size=\"medium\" data-href=\"https:\/\/www.caritasne2.org.br\/site\/ix-assembleia-da-caritas-regional-ne2-elege-nova-diretoria-para-quadrienio-2022-a-2025\/\"><\/div><\/li><li class=\"ssb_linkedin\" style=\"width:64px\"><script src=\"\/\/platform.linkedin.com\/in.js\" type=\"text\/javascript\">lang: en_US<\/script><script type=\"IN\/Share\" data-url=\"https:\/\/www.caritasne2.org.br\/site\/ix-assembleia-da-caritas-regional-ne2-elege-nova-diretoria-para-quadrienio-2022-a-2025\/\" data-counter=\"right\"><\/script><\/li><\/ul>","protected":false},"author":4,"featured_media":8664,"comment_status":"open","ping_status":"open","sticky":false,"template":"","format":"standard","meta":[],"categories":[21,20],"tags":[],"_links":{"self":[{"href":"https:\/\/www.caritasne2.org.br\/site\/wp-json\/wp\/v2\/posts\/8663"}],"collection":[{"href":"https:\/\/www.caritasne2.org.br\/site\/wp-json\/wp\/v2\/posts"}],"about":[{"href":"https:\/\/www.caritasne2.org.br\/site\/wp-json\/wp\/v2\/types\/post"}],"author":[{"embeddable":true,"href":"https:\/\/www.caritasne2.org.br\/site\/wp-json\/wp\/v2\/users\/4"}],"replies":[{"embeddable":true,"href":"https:\/\/www.caritasne2.org.br\/site\/wp-json\/wp\/v2\/comments?post=8663"}],"version-history":[{"count":0,"href":"https:\/\/www.caritasne2.org.br\/site\/wp-json\/wp\/v2\/posts\/8663\/revisions"}],"wp:featuredmedia":[{"embeddable":true,"href":"https:\/\/www.caritasne2.org.br\/site\/wp-json\/wp\/v2\/media\/8664"}],"wp:attachment":[{"href":"https:\/\/www.caritasne2.org.br\/site\/wp-json\/wp\/v2\/media?parent=8663"}],"wp:term":[{"taxonomy":"category","embeddable":true,"href":"https:\/\/www.caritasne2.org.br\/site\/wp-json\/wp\/v2\/categories?post=8663"},{"taxonomy":"post_tag","embeddable":true,"href":"https:\/\/www.caritasne2.org.br\/site\/wp-json\/wp\/v2\/tags?post=8663"}],"curies":[{"name":"wp","href":"https:\/\/api.w.org\/{rel}","templated":true}]}}