{"id":8636,"date":"2021-10-23T09:50:54","date_gmt":"2021-10-23T12:50:54","guid":{"rendered":"http:\/\/www.caritasne2.org.br\/?p=8636"},"modified":"2021-10-28T11:39:04","modified_gmt":"2021-10-28T14:39:04","slug":"curso-elaboracao-de-plano-de-negocios-para-migrantes-e-finalizado-com-saldo-positivo-na-plataforma-integrar-ne2","status":"publish","type":"post","link":"https:\/\/www.caritasne2.org.br\/site\/curso-elaboracao-de-plano-de-negocios-para-migrantes-e-finalizado-com-saldo-positivo-na-plataforma-integrar-ne2\/","title":{"rendered":"Curso \u2018Elabora\u00e7\u00e3o de Plano de Neg\u00f3cios para Migrantes\u2019 \u00e9 finalizado na plataforma Integrar NE2"},"content":{"rendered":"<p style=\"text-align: center;\"><em>O objetivo do curso foi promover o desenvolvimento de conhecimentos e compet\u00eancias para contribuir com o planejamento e acompanhamento de pequenos empreendimentos<\/em><\/p>\n<p style=\"text-align: justify;\">Frente \u00e0s dificuldades impostas por um pa\u00eds em crises como o Brasil, muitos migrantes e refugiados acabam por\u00a0verem em pequenos empreendimentos sua \u00fanica fonte de sustento. Mas se ser empreendedor no seu pa\u00eds, j\u00e1 \u00e9 uma iniciativa dif\u00edcil, \u00e9 ainda mais desafiante empreender em outro pa\u00eds e durante uma pandemia global.<\/p>\n<p style=\"text-align: justify;\">Neste sentido, acessar uma ferramenta gerencial que possa orientar desde o in\u00edcio de um empreendimento at\u00e9 sua maturidade mostra-se uma ajuda inicial importante, e uma dessas ferramentas \u00e9 o Pano de Neg\u00f3cio. Bem estruturado, um Plano de Neg\u00f3cios tem a fun\u00e7\u00e3o de ajudar o empreendedor a planejar e direcionar suas ideias a fim de tomar as decis\u00f5es mais acertadas poss\u00edveis para seu neg\u00f3cio. Diante disso, buscando tornar menos \u00e1rdua a vida de migrantes e refugiados que aventuram em pequenos empreendimentos, a C\u00e1ritas Brasileira NE2 em parceria com a Funda\u00e7\u00e3o Inter- Americana (IAF) realizou entre setembro e outubro de 2021 o curso \u2018Elabora\u00e7\u00e3o de Plano de Neg\u00f3cios para Migrantes\u2019 ,com carga hor\u00e1ria de 20h.<\/p>\n<p style=\"text-align: justify;\">Por conta da pandemia, o curso foi realizado de forma remota, atrav\u00e9s da plataforma EAD \u2018Integrarne2.caritas.org.br\u2019. Com aulas e atividades ao vivo e gravadas, divididas em cinco m\u00f3dulos,\u00a0 e com materiais em portugu\u00eas e espanhol cujo o conte\u00fado abordou aspectos iniciais de um neg\u00f3cio, como escolha de nome, miss\u00e3o e objetivos de um empreendimento, aspectos relacionados ao MEI (Micro Empreendedor Individual), sum\u00e1rio executivo, an\u00e1lise de mercado, plano de marketing, plano operacional, plano financeiro, entre outros temas.<\/p>\n<p><a href=\"http:\/\/www.caritasne2.org.br\/curso-elaboracao-de-plano-de-negocios-para-migrantes-e-finalizado-com-saldo-positivo-na-plataforma-integrar-ne2\/curso-de-negocio-02\/\" rel=\"attachment wp-att-8637\"><img decoding=\"async\" loading=\"lazy\" class=\"aligncenter wp-image-8637\" src=\"http:\/\/www.caritasne2.org.br\/wp-content\/uploads\/2021\/10\/curso-de-neg\u00f3cio-02.jpg\" alt=\"\" width=\"712\" height=\"400\" srcset=\"https:\/\/www.caritasne2.org.br\/site\/wp-content\/uploads\/2021\/10\/curso-de-neg\u00f3cio-02.jpg 1280w, https:\/\/www.caritasne2.org.br\/site\/wp-content\/uploads\/2021\/10\/curso-de-neg\u00f3cio-02-300x169.jpg 300w, https:\/\/www.caritasne2.org.br\/site\/wp-content\/uploads\/2021\/10\/curso-de-neg\u00f3cio-02-768x431.jpg 768w, https:\/\/www.caritasne2.org.br\/site\/wp-content\/uploads\/2021\/10\/curso-de-neg\u00f3cio-02-1024x575.jpg 1024w, https:\/\/www.caritasne2.org.br\/site\/wp-content\/uploads\/2021\/10\/curso-de-neg\u00f3cio-02-588x330.jpg 588w\" sizes=\"(max-width: 712px) 100vw, 712px\" \/><\/a><\/p>\n<p style=\"text-align: justify;\">Esta primeira turma foi\u00a0formada por 20 migrantes empreendedores, em sua maioria venezuelanos, que possu\u00edam pequenos empreendimentos em diversas \u00e1reas como venda de bolos, lanches, servi\u00e7os fotogr\u00e1ficos, artesanato, servi\u00e7os de marcenaria, entre outros. A maioria dos alunos inscritos era residente na RMR do Recife,\u00a0al\u00e9m de dois alunos de Macei\u00f3(AL) e uma de Jo\u00e3o Pessoa (PB).<\/p>\n<p style=\"text-align: justify;\">Para Carla Garcia, venezuelana que d\u00e1 os primeiros passos para abrir um sal\u00e3o de beleza, o curso ajudou a colocar no papel custos de seu neg\u00f3cio e planejar cen\u00e1rios para o empreendimento, &#8220;estou muito satisfeita. Me ajudou a pensar como oferecer os servi\u00e7os do meu sal\u00e3o, como aumentar as vendas nas esta\u00e7\u00f5es baixas e atrair novos clientes. Aprendi muito\u201d.<\/p>\n<p style=\"text-align: justify;\">Para Javier Montaner, venezuelano que inicia um empreendimento para oferecer a fabrica\u00e7\u00e3o de m\u00f3veis planejados,\u00a0 \u201cmesmo a gente j\u00e1 tendo o conhecimento pr\u00e9vio em marcenaria, o curso ajudou a saber como iniciar o neg\u00f3cio no Brasil. Por isso achei importante\u201d.<\/p>\n<p><a href=\"http:\/\/www.caritasne2.org.br\/curso-elaboracao-de-plano-de-negocios-para-migrantes-e-finalizado-com-saldo-positivo-na-plataforma-integrar-ne2\/plano-de-negocio-03\/\" rel=\"attachment wp-att-8638\"><img decoding=\"async\" loading=\"lazy\" class=\"aligncenter wp-image-8638\" src=\"http:\/\/www.caritasne2.org.br\/wp-content\/uploads\/2021\/10\/plano-de-neg\u00f3cio-03.jpg\" alt=\"\" width=\"719\" height=\"404\" srcset=\"https:\/\/www.caritasne2.org.br\/site\/wp-content\/uploads\/2021\/10\/plano-de-neg\u00f3cio-03.jpg 1280w, https:\/\/www.caritasne2.org.br\/site\/wp-content\/uploads\/2021\/10\/plano-de-neg\u00f3cio-03-300x169.jpg 300w, https:\/\/www.caritasne2.org.br\/site\/wp-content\/uploads\/2021\/10\/plano-de-neg\u00f3cio-03-768x431.jpg 768w, https:\/\/www.caritasne2.org.br\/site\/wp-content\/uploads\/2021\/10\/plano-de-neg\u00f3cio-03-1024x575.jpg 1024w, https:\/\/www.caritasne2.org.br\/site\/wp-content\/uploads\/2021\/10\/plano-de-neg\u00f3cio-03-588x330.jpg 588w\" sizes=\"(max-width: 719px) 100vw, 719px\" \/><\/a><\/p>\n<p style=\"text-align: justify;\">De acordo com Fagner Bastos, professor facilitador do curso, al\u00e9m do conte\u00fado houve tamb\u00e9m ganho na troca de experi\u00eancias entre os migrantes. \u201cA iniciativa acabou indo muito al\u00e9m da transmiss\u00e3o dos conte\u00fados formais. Em cada encontro, os migrantes compartilhavam suas experi\u00eancias, uma vasta gama de saberes que eles vem adquirindo frente aos desafios de se obter renda no Brasil. Um intercambio que acaba por gerar redes que colaboram para que as dificuldades de adapta\u00e7\u00e3o deles sejam um pouco atenuadas\u201d.<\/p>\n<p style=\"text-align: justify;\">Para o peruano Luis \u00c1ngel, que pretende abrir um neg\u00f3cio de presta\u00e7\u00e3o de servi\u00e7os de limpeza profunda para equipamentos de empresas, o curso ajudou a planejar seus pr\u00f3ximos passos. \u201cO produto deve ser estudado cuidadosamente para escolher o melhor para o seu mercado. O pre\u00e7o tamb\u00e9m deve ser ideal levando em considera\u00e7\u00e3o a qualidade e o servi\u00e7o prestado. Sempre buscando a opini\u00e3o de seus clientes. O mais importante \u00e9 que voc\u00ea atenda \u00e0s suas necessidades por um pre\u00e7o justo\u201d, comenta. Ele se v\u00ea esperan\u00e7oso para o futuro: \u201cCada contratempo tem uma ou mais solu\u00e7\u00f5es a serem descobertas no devido tempo. Amanh\u00e3 sempre traz um novo dia com novas oportunidades\u201d, finaliza.<\/p>\n<p><a href=\"http:\/\/www.caritasne2.org.br\/curso-elaboracao-de-plano-de-negocios-para-migrantes-e-finalizado-com-saldo-positivo-na-plataforma-integrar-ne2\/curso-negocio-04\/\" rel=\"attachment wp-att-8639\"><img decoding=\"async\" loading=\"lazy\" class=\"aligncenter wp-image-8639\" src=\"http:\/\/www.caritasne2.org.br\/wp-content\/uploads\/2021\/10\/curso-negocio-04.jpg\" alt=\"\" width=\"710\" height=\"399\" srcset=\"https:\/\/www.caritasne2.org.br\/site\/wp-content\/uploads\/2021\/10\/curso-negocio-04.jpg 1280w, https:\/\/www.caritasne2.org.br\/site\/wp-content\/uploads\/2021\/10\/curso-negocio-04-300x169.jpg 300w, https:\/\/www.caritasne2.org.br\/site\/wp-content\/uploads\/2021\/10\/curso-negocio-04-768x431.jpg 768w, https:\/\/www.caritasne2.org.br\/site\/wp-content\/uploads\/2021\/10\/curso-negocio-04-1024x575.jpg 1024w, https:\/\/www.caritasne2.org.br\/site\/wp-content\/uploads\/2021\/10\/curso-negocio-04-588x330.jpg 588w\" sizes=\"(max-width: 710px) 100vw, 710px\" \/><\/a><\/p>\n<p style=\"text-align: justify;\">O saldo geral foi considerado positivo, tendo em vista que 19 de 20 inscritos participaram das atividades propostas ao longo do curso. A conclus\u00e3o do curso ocorreu no dia 16 de outubro com um encontro virtual para feedback dos alunos e entrega dos certificados de participa\u00e7\u00e3o.<\/p>\n<ul class=\"ssb_list_wrapper\"><li class=\"fb2\" style=\"width:135px\"><iframe src=\"\/\/www.facebook.com\/plugins\/like.php?href=https%3A%2F%2Fwww.caritasne2.org.br%2Fsite%2Fcurso-elaboracao-de-plano-de-negocios-para-migrantes-e-finalizado-com-saldo-positivo-na-plataforma-integrar-ne2%2F&amp;layout=button_count&amp;action=like&amp;show_faces=false&amp;share=true&amp;width=135&amp;height=21&amp;appId=307091639398582\" scrolling=\"no\" frameborder=\"0\" style=\"border:none; overflow:hidden;  width:150px; height:21px;\" allowTransparency=\"true\"><\/iframe><\/li><li class=\"twtr\" style=\"width:90px\"><a href=\"https:\/\/twitter.com\/share\" class=\"twitter-share-button\" data-url=\"https:\/\/www.caritasne2.org.br\/site\/curso-elaboracao-de-plano-de-negocios-para-migrantes-e-finalizado-com-saldo-positivo-na-plataforma-integrar-ne2\/\">&nbsp;<\/a><script>!function(d,s,id){var js,fjs=d.getElementsByTagName(s)[0],p=\/^http:\/.test(d.location)?'http':'https';if(!d.getElementById(id)){js=d.createElement(s);js.id=id;js.src=p+':\/\/platform.twitter.com\/widgets.js';fjs.parentNode.insertBefore(js,fjs);}}(document, 'script', 'twitter-wjs');<\/script><\/li><li class=\"gplus\" style=\"width:68px\"><div class=\"g-plusone\" data-size=\"medium\" data-href=\"https:\/\/www.caritasne2.org.br\/site\/curso-elaboracao-de-plano-de-negocios-para-migrantes-e-finalizado-com-saldo-positivo-na-plataforma-integrar-ne2\/\"><\/div><\/li><li class=\"ssb_linkedin\" style=\"width:64px\"><script src=\"\/\/platform.linkedin.com\/in.js\" type=\"text\/javascript\">lang: en_US<\/script><script type=\"IN\/Share\" data-url=\"https:\/\/www.caritasne2.org.br\/site\/curso-elaboracao-de-plano-de-negocios-para-migrantes-e-finalizado-com-saldo-positivo-na-plataforma-integrar-ne2\/\" data-counter=\"right\"><\/script><\/li><\/ul>","protected":false},"excerpt":{"rendered":"<p>O objetivo do curso foi promover o desenvolvimento de conhecimentos e compet\u00eancias para contribuir com o planejamento e acompanhamento de pequenos empreendimentos Frente \u00e0s dificuldades impostas por um pa\u00eds em crises como o Brasil, muitos migrantes e refugiados acabam por\u00a0verem em pequenos empreendimentos sua \u00fanica fonte de sustento. Mas se ser empreendedor no seu pa\u00eds, j\u00e1 \u00e9 uma iniciativa dif\u00edcil, \u00e9 ainda mais desafiante empreender [&hellip;]<\/p>\n<ul class=\"ssb_list_wrapper\"><li class=\"fb2\" style=\"width:135px\"><iframe src=\"\/\/www.facebook.com\/plugins\/like.php?href=https%3A%2F%2Fwww.caritasne2.org.br%2Fsite%2Fcurso-elaboracao-de-plano-de-negocios-para-migrantes-e-finalizado-com-saldo-positivo-na-plataforma-integrar-ne2%2F&amp;layout=button_count&amp;action=like&amp;show_faces=false&amp;share=true&amp;width=135&amp;height=21&amp;appId=307091639398582\" scrolling=\"no\" frameborder=\"0\" style=\"border:none; overflow:hidden;  width:150px; height:21px;\" allowTransparency=\"true\"><\/iframe><\/li><li class=\"twtr\" style=\"width:90px\"><a href=\"https:\/\/twitter.com\/share\" class=\"twitter-share-button\" data-url=\"https:\/\/www.caritasne2.org.br\/site\/curso-elaboracao-de-plano-de-negocios-para-migrantes-e-finalizado-com-saldo-positivo-na-plataforma-integrar-ne2\/\">&nbsp;<\/a><script>!function(d,s,id){var js,fjs=d.getElementsByTagName(s)[0],p=\/^http:\/.test(d.location)?'http':'https';if(!d.getElementById(id)){js=d.createElement(s);js.id=id;js.src=p+':\/\/platform.twitter.com\/widgets.js';fjs.parentNode.insertBefore(js,fjs);}}(document, 'script', 'twitter-wjs');<\/script><\/li><li class=\"gplus\" style=\"width:68px\"><div class=\"g-plusone\" data-size=\"medium\" data-href=\"https:\/\/www.caritasne2.org.br\/site\/curso-elaboracao-de-plano-de-negocios-para-migrantes-e-finalizado-com-saldo-positivo-na-plataforma-integrar-ne2\/\"><\/div><\/li><li class=\"ssb_linkedin\" style=\"width:64px\"><script src=\"\/\/platform.linkedin.com\/in.js\" type=\"text\/javascript\">lang: en_US<\/script><script type=\"IN\/Share\" data-url=\"https:\/\/www.caritasne2.org.br\/site\/curso-elaboracao-de-plano-de-negocios-para-migrantes-e-finalizado-com-saldo-positivo-na-plataforma-integrar-ne2\/\" data-counter=\"right\"><\/script><\/li><\/ul>","protected":false},"author":4,"featured_media":8642,"comment_status":"open","ping_status":"open","sticky":false,"template":"","format":"standard","meta":[],"categories":[21,20],"tags":[],"_links":{"self":[{"href":"https:\/\/www.caritasne2.org.br\/site\/wp-json\/wp\/v2\/posts\/8636"}],"collection":[{"href":"https:\/\/www.caritasne2.org.br\/site\/wp-json\/wp\/v2\/posts"}],"about":[{"href":"https:\/\/www.caritasne2.org.br\/site\/wp-json\/wp\/v2\/types\/post"}],"author":[{"embeddable":true,"href":"https:\/\/www.caritasne2.org.br\/site\/wp-json\/wp\/v2\/users\/4"}],"replies":[{"embeddable":true,"href":"https:\/\/www.caritasne2.org.br\/site\/wp-json\/wp\/v2\/comments?post=8636"}],"version-history":[{"count":0,"href":"https:\/\/www.caritasne2.org.br\/site\/wp-json\/wp\/v2\/posts\/8636\/revisions"}],"wp:featuredmedia":[{"embeddable":true,"href":"https:\/\/www.caritasne2.org.br\/site\/wp-json\/wp\/v2\/media\/8642"}],"wp:attachment":[{"href":"https:\/\/www.caritasne2.org.br\/site\/wp-json\/wp\/v2\/media?parent=8636"}],"wp:term":[{"taxonomy":"category","embeddable":true,"href":"https:\/\/www.caritasne2.org.br\/site\/wp-json\/wp\/v2\/categories?post=8636"},{"taxonomy":"post_tag","embeddable":true,"href":"https:\/\/www.caritasne2.org.br\/site\/wp-json\/wp\/v2\/tags?post=8636"}],"curies":[{"name":"wp","href":"https:\/\/api.w.org\/{rel}","templated":true}]}}