{"id":8620,"date":"2021-10-20T17:13:40","date_gmt":"2021-10-20T20:13:40","guid":{"rendered":"http:\/\/www.caritasne2.org.br\/?p=8620"},"modified":"2021-11-17T08:46:10","modified_gmt":"2021-11-17T11:46:10","slug":"caritas-ne2-promove-2a-edicao-de-bazar-solidario-de-25-a-29-de-outubro","status":"publish","type":"post","link":"https:\/\/www.caritasne2.org.br\/site\/caritas-ne2-promove-2a-edicao-de-bazar-solidario-de-25-a-29-de-outubro\/","title":{"rendered":"C\u00e1ritas NE2 promove 2\u00aa edi\u00e7\u00e3o do Bazar Solid\u00e1rio de 25 a 29 de outubro"},"content":{"rendered":"<p style=\"text-align: center;\"><em>A edi\u00e7\u00e3o de 2021 ocorre na sede da Confer\u00eancia Nacional dos Bispos do Brasil ( CNBB NE2) na Boa vista, com agendamento pr\u00e9vio de dia e hor\u00e1rio\u00a0<\/em><\/p>\n<p style=\"text-align: justify;\">Com o objetivo de motivar o sentimento de solidariedade e a import\u00e2ncia da participa\u00e7\u00e3o de todos na ajuda ao pr\u00f3ximo, fortalecer e ampliar as inciativas desenvolvidas pela C\u00e1ritas Brasileira Nordeste 2 nos estados de atua\u00e7\u00e3o; Alagoas, Para\u00edba, Pernambuco e Rio Grande do Norte. A C\u00e1ritas Nordeste 2 realizou dos dias 25 a 29 de outubro, a 2\u00aa edi\u00e7\u00e3o do Bazar Solid\u00e1rio- Solidariedade que Transforma.<\/p>\n<p style=\"text-align: justify;\">Com produtos doados pela Receita Federal, esta edi\u00e7\u00e3o teve uma diversidade de itens \u00e0 venda, como eletroeletr\u00f4nicos, roupas, perfumaria, maquiagem, cal\u00e7ados, brinquedos, equipamentos de pesca, roupas de cama, dentre outros.<\/p>\n<p style=\"text-align: justify;\">Para atender a todos de forma segura e\u00a0 seguindo os protocolos de\u00a0 higiene, seguran\u00e7a, e limita\u00e7\u00e3o de pessoas trazidos\u00a0 pela pandemia,\u00a0 algumas mudan\u00e7as\u00a0 foram consideradas, como: um agendamento pr\u00e9vio por meio \u00a0de um formul\u00e1rio no Google Forms para os dias e hor\u00e1rios desejados ; o agendamento foi feito de 21 a 24 de outubro;\u00a0em\u00a0 grupos de at\u00e9\u00a0 20 pessoas (por hor\u00e1rio) que tiveram 30 minutos para realizar suas compras no Bazar, no dia agendado previamente; para permitir a participa\u00e7\u00e3o de mais pessoas s\u00f3\u00a0foi permitido agendar um participante( CPF)\u00a0 em um hor\u00e1rio pela manh\u00e3 ou tarde.<\/p>\n<p style=\"font-weight: 400;\">A abertura, na segunda-feira, 25, contou com a participa\u00e7\u00e3o de convidados, rede C\u00e1ritas, e parceiros como a Receita Federal, CNBB NE2 onde houve uma ben\u00e7\u00e3o e momento de agradecimento pela realiza\u00e7\u00e3o da segunda edi\u00e7\u00e3o do\u00a0bazar\u00a0solid\u00e1rio.<\/p>\n<p style=\"font-weight: 400;\">Para Ana \u00edris, que veio conhecer o\u00a0bazar\u00a0no segundo dia , a organiza\u00e7\u00e3o \u00a0foi o que deu um tom diferenciado nesta edi\u00e7\u00e3o. &#8220;Gostei muito do\u00a0bazar\u00a0porque foi muito organizado. Desde que passou na reportagem que era por inscri\u00e7\u00e3o, vi que seria organizado e que eu poderia vir tranquila. Chegando no\u00a0bazar\u00a0fui bem recepcionada e ainda adquiri diversos produtos&#8221;, afirmou.<\/p>\n<p style=\"font-weight: 400;\">Durante os cinco dias de\u00a0bazar, os visitantes tamb\u00e9m promoveram a solidariedade doando 1 quilo de alimento n\u00e3o perec\u00edvel para ampliar as\u00a0 doa\u00e7\u00f5es da a\u00e7\u00e3o emergencial \u00c9 Tempo de Cuidar\u00a0 realizada pela C\u00e1ritas NE2 nos estados da Para\u00edba, Alagoas, Rio Grande do Norte e Pernambuco. Ao final, centenas de quilos foram arrecadados e a renda ser\u00e1 revertida\u00a0 as a\u00e7\u00f5es promovidas pela \u00a0C\u00e1ritas.<\/p>\n<p style=\"text-align: justify;\">\n<ul class=\"ssb_list_wrapper\"><li class=\"fb2\" style=\"width:135px\"><iframe src=\"\/\/www.facebook.com\/plugins\/like.php?href=https%3A%2F%2Fwww.caritasne2.org.br%2Fsite%2Fcaritas-ne2-promove-2a-edicao-de-bazar-solidario-de-25-a-29-de-outubro%2F&amp;layout=button_count&amp;action=like&amp;show_faces=false&amp;share=true&amp;width=135&amp;height=21&amp;appId=307091639398582\" scrolling=\"no\" frameborder=\"0\" style=\"border:none; overflow:hidden;  width:150px; height:21px;\" allowTransparency=\"true\"><\/iframe><\/li><li class=\"twtr\" style=\"width:90px\"><a href=\"https:\/\/twitter.com\/share\" class=\"twitter-share-button\" data-url=\"https:\/\/www.caritasne2.org.br\/site\/caritas-ne2-promove-2a-edicao-de-bazar-solidario-de-25-a-29-de-outubro\/\">&nbsp;<\/a><script>!function(d,s,id){var js,fjs=d.getElementsByTagName(s)[0],p=\/^http:\/.test(d.location)?'http':'https';if(!d.getElementById(id)){js=d.createElement(s);js.id=id;js.src=p+':\/\/platform.twitter.com\/widgets.js';fjs.parentNode.insertBefore(js,fjs);}}(document, 'script', 'twitter-wjs');<\/script><\/li><li class=\"gplus\" style=\"width:68px\"><div class=\"g-plusone\" data-size=\"medium\" data-href=\"https:\/\/www.caritasne2.org.br\/site\/caritas-ne2-promove-2a-edicao-de-bazar-solidario-de-25-a-29-de-outubro\/\"><\/div><\/li><li class=\"ssb_linkedin\" style=\"width:64px\"><script src=\"\/\/platform.linkedin.com\/in.js\" type=\"text\/javascript\">lang: en_US<\/script><script type=\"IN\/Share\" data-url=\"https:\/\/www.caritasne2.org.br\/site\/caritas-ne2-promove-2a-edicao-de-bazar-solidario-de-25-a-29-de-outubro\/\" data-counter=\"right\"><\/script><\/li><\/ul>","protected":false},"excerpt":{"rendered":"<p>A edi\u00e7\u00e3o de 2021 ocorre na sede da Confer\u00eancia Nacional dos Bispos do Brasil ( CNBB NE2) na Boa vista, com agendamento pr\u00e9vio de dia e hor\u00e1rio\u00a0 Com o objetivo de motivar o sentimento de solidariedade e a import\u00e2ncia da participa\u00e7\u00e3o de todos na ajuda ao pr\u00f3ximo, fortalecer e ampliar as inciativas desenvolvidas pela C\u00e1ritas Brasileira Nordeste 2 nos estados de atua\u00e7\u00e3o; Alagoas, Para\u00edba, Pernambuco [&hellip;]<\/p>\n<ul class=\"ssb_list_wrapper\"><li class=\"fb2\" style=\"width:135px\"><iframe src=\"\/\/www.facebook.com\/plugins\/like.php?href=https%3A%2F%2Fwww.caritasne2.org.br%2Fsite%2Fcaritas-ne2-promove-2a-edicao-de-bazar-solidario-de-25-a-29-de-outubro%2F&amp;layout=button_count&amp;action=like&amp;show_faces=false&amp;share=true&amp;width=135&amp;height=21&amp;appId=307091639398582\" scrolling=\"no\" frameborder=\"0\" style=\"border:none; overflow:hidden;  width:150px; height:21px;\" allowTransparency=\"true\"><\/iframe><\/li><li class=\"twtr\" style=\"width:90px\"><a href=\"https:\/\/twitter.com\/share\" class=\"twitter-share-button\" data-url=\"https:\/\/www.caritasne2.org.br\/site\/caritas-ne2-promove-2a-edicao-de-bazar-solidario-de-25-a-29-de-outubro\/\">&nbsp;<\/a><script>!function(d,s,id){var js,fjs=d.getElementsByTagName(s)[0],p=\/^http:\/.test(d.location)?'http':'https';if(!d.getElementById(id)){js=d.createElement(s);js.id=id;js.src=p+':\/\/platform.twitter.com\/widgets.js';fjs.parentNode.insertBefore(js,fjs);}}(document, 'script', 'twitter-wjs');<\/script><\/li><li class=\"gplus\" style=\"width:68px\"><div class=\"g-plusone\" data-size=\"medium\" data-href=\"https:\/\/www.caritasne2.org.br\/site\/caritas-ne2-promove-2a-edicao-de-bazar-solidario-de-25-a-29-de-outubro\/\"><\/div><\/li><li class=\"ssb_linkedin\" style=\"width:64px\"><script src=\"\/\/platform.linkedin.com\/in.js\" type=\"text\/javascript\">lang: en_US<\/script><script type=\"IN\/Share\" data-url=\"https:\/\/www.caritasne2.org.br\/site\/caritas-ne2-promove-2a-edicao-de-bazar-solidario-de-25-a-29-de-outubro\/\" data-counter=\"right\"><\/script><\/li><\/ul>","protected":false},"author":4,"featured_media":8631,"comment_status":"open","ping_status":"open","sticky":false,"template":"","format":"standard","meta":[],"categories":[21,20],"tags":[],"_links":{"self":[{"href":"https:\/\/www.caritasne2.org.br\/site\/wp-json\/wp\/v2\/posts\/8620"}],"collection":[{"href":"https:\/\/www.caritasne2.org.br\/site\/wp-json\/wp\/v2\/posts"}],"about":[{"href":"https:\/\/www.caritasne2.org.br\/site\/wp-json\/wp\/v2\/types\/post"}],"author":[{"embeddable":true,"href":"https:\/\/www.caritasne2.org.br\/site\/wp-json\/wp\/v2\/users\/4"}],"replies":[{"embeddable":true,"href":"https:\/\/www.caritasne2.org.br\/site\/wp-json\/wp\/v2\/comments?post=8620"}],"version-history":[{"count":0,"href":"https:\/\/www.caritasne2.org.br\/site\/wp-json\/wp\/v2\/posts\/8620\/revisions"}],"wp:featuredmedia":[{"embeddable":true,"href":"https:\/\/www.caritasne2.org.br\/site\/wp-json\/wp\/v2\/media\/8631"}],"wp:attachment":[{"href":"https:\/\/www.caritasne2.org.br\/site\/wp-json\/wp\/v2\/media?parent=8620"}],"wp:term":[{"taxonomy":"category","embeddable":true,"href":"https:\/\/www.caritasne2.org.br\/site\/wp-json\/wp\/v2\/categories?post=8620"},{"taxonomy":"post_tag","embeddable":true,"href":"https:\/\/www.caritasne2.org.br\/site\/wp-json\/wp\/v2\/tags?post=8620"}],"curies":[{"name":"wp","href":"https:\/\/api.w.org\/{rel}","templated":true}]}}