{"id":8520,"date":"2021-10-05T14:24:54","date_gmt":"2021-10-05T17:24:54","guid":{"rendered":"http:\/\/www.caritasne2.org.br\/?p=8520"},"modified":"2021-10-18T21:38:22","modified_gmt":"2021-10-19T00:38:22","slug":"caritas-ne2-e-manos-unidas-lancam-edital-de-selecao-para-projetos-produtivos-realizados-pela-juventude-no-municipio-de-bom-conselho-pernambuco","status":"publish","type":"post","link":"https:\/\/www.caritasne2.org.br\/site\/caritas-ne2-e-manos-unidas-lancam-edital-de-selecao-para-projetos-produtivos-realizados-pela-juventude-no-municipio-de-bom-conselho-pernambuco\/","title":{"rendered":"C\u00e1ritas NE2 lan\u00e7a edital de sele\u00e7\u00e3o para projetos produtivos realizados pela juventude no munic\u00edpio de Bom Conselho, Pernambuco"},"content":{"rendered":"<p style=\"font-weight: 400; text-align: center;\"><em>A iniciativa faz parte do Projeto de Fortalecimento Econ\u00f4mico de Jovens Rurais do Semi\u00e1rido, em parceria com Manos Unidas<\/em><\/p>\n<p style=\"font-weight: 400; text-align: justify;\">Visando o fortalecimento institucional e desenvolvimento juvenil atrav\u00e9s de processos produtivos no munic\u00edpio de Bom Conselho, Pernambuco. No m\u00eas de setembro aconteceram oficinas de forma\u00e7\u00e3o promovidas pela C\u00e1ritas Regional NE2 em parceria com a institui\u00e7\u00e3o alem\u00e3, Manos Unidas, atrav\u00e9s do Projeto de Fortalecimento Econ\u00f4mico de Jovens Rurais do Semi\u00e1rido que tem como foco iniciativas ligadas a produ\u00e7\u00e3o e comercializa\u00e7\u00e3o local por parte da juventude rural.<\/p>\n<p style=\"font-weight: 400; text-align: justify;\">A forma\u00e7\u00e3o teve a participa\u00e7\u00e3o de mais de 53 pessoas das comunidades de Angicos, Barra do Brejo, Amargoso e Flores, tendo como facilitador o assessor regional de Mobiliza\u00e7\u00e3o e Capta\u00e7\u00e3o de Recursos da CBNE2, C\u00e9lio Meira.<\/p>\n<p style=\"font-weight: 400; text-align: justify;\">As oficinas nas quatro comunidades seguiram a programa\u00e7\u00e3o, iniciando com um momento de reflex\u00e3o e m\u00edstica seguido por uma din\u00e2mica de apresenta\u00e7\u00e3o do tema e objetivo do momento. O assessor provocou nos jovens o protagonismo, com ensinamentos e falas para despertar o que eles conheciam de forma\u00e7\u00f5es anteriores sobre organiza\u00e7\u00e3o financeira e voca\u00e7\u00e3o. \u201cGostei bastante da oficina, consegui aprender como ser\u00e1 o processo seletivo e como ser\u00e1 realizado. Tirei minhas d\u00favidas, e estou achando uma grande oportunidade de crescimento pessoal meu e das comunidades envolvidas\u201d,\u00a0 declarou \u00a0Samuel, jovem participante da oficina que reside na comunidade em Barra do Brejo.<\/p>\n<p style=\"font-weight: 400; text-align: justify;\">O momento sensibilizou n\u00e3o apenas os jovens, mas profissionais da \u00e1rea que participaram da forma\u00e7\u00e3o junto ao grupo. \u00a0\u201cAntes do meu emprego atual, eu plantava milho, mas, antes de fazer o plantio fiz uma pesquisa de mercado, para saber qual milho era mais utilizado e valorizado pelos compradores, como ia fazer o plantio pensando no espa\u00e7amento, quanto seria meu investimento, qual seria minha perspectiva de crescimento, para melhorar a minha rentabilidade. E quando fiz a retirado do plantio, tive um bom lucro. \u201d Aconselhou Jos\u00e9 Leonardo, agente de microcr\u00e9dito na comunidade em Barra do Brejo, em Bom Conselho.<\/p>\n<p style=\"font-weight: 400; text-align: justify;\">Ap\u00f3s alguns depoimentos foi apresentada a chamada interna para apresenta\u00e7\u00e3o de propostas produtivas, explicando aos jovens o lan\u00e7amento do edital para sele\u00e7\u00e3o de 30 iniciativas voltadas para tem\u00e1tica de produ\u00e7\u00e3o, e como eles poderiam fazer seus Planos de Neg\u00f3cio da melhor forma poss\u00edvel a fim de obter melhor avalia\u00e7\u00e3o nos crit\u00e9rios seletivos do edital.<\/p>\n<p style=\"font-weight: 400; text-align: justify;\">Ao final da exposi\u00e7\u00e3o, ficou acordado que para sele\u00e7\u00e3o dos empreendimentos juvenis ser\u00e1 formada uma Comiss\u00e3o de Sele\u00e7\u00e3o composta por membros da C\u00e1ritas NE2 , com dom\u00ednio em Planos de Neg\u00f3cios e t\u00e9cnicas necess\u00e1rias para an\u00e1lise da viabilidade, \u00a0e apresenta\u00e7\u00e3o das respostas que o projeto dar\u00e1 \u00e0 cada empreendimento selecionado. Como encaminhamento, aconteceu uma orienta\u00e7\u00e3o online via whatsapp no dia 18 de setembro para esclarecimento de d\u00favidas; prazo para entrega dos Planos de Neg\u00f3cios e fechamento do edital nas quatro comunidades at\u00e9 o dia 30 de setembro, tendo o resultado final divulgado no dia 10 de outubro.<\/p>\n<p style=\"font-weight: 400; text-align: justify;\">O momento seguiu todas as regras de distanciamento , com protocolos de seguran\u00e7a e \u00a0prote\u00e7\u00e3o sanit\u00e1ria previstos pelo Minist\u00e9rio da Sa\u00fade \u00a0para o combate do novo coranav\u00edrus.<\/p>\n<p style=\"font-weight: 400; text-align: justify;\"><a href=\"http:\/\/www.caritasne2.org.br\/caritas-ne2-e-manos-unidas-lancam-edital-de-selecao-para-projetos-produtivos-realizados-pela-juventude-no-municipio-de-bom-conselho-pernambuco\/b-brejo-2\/\" rel=\"attachment wp-att-8521\"><img decoding=\"async\" loading=\"lazy\" class=\"aligncenter wp-image-8521\" src=\"http:\/\/www.caritasne2.org.br\/wp-content\/uploads\/2021\/10\/B.brejo-2.jpeg\" alt=\"\" width=\"679\" height=\"510\" srcset=\"https:\/\/www.caritasne2.org.br\/site\/wp-content\/uploads\/2021\/10\/B.brejo-2.jpeg 1600w, https:\/\/www.caritasne2.org.br\/site\/wp-content\/uploads\/2021\/10\/B.brejo-2-300x225.jpeg 300w, https:\/\/www.caritasne2.org.br\/site\/wp-content\/uploads\/2021\/10\/B.brejo-2-768x576.jpeg 768w, https:\/\/www.caritasne2.org.br\/site\/wp-content\/uploads\/2021\/10\/B.brejo-2-1024x768.jpeg 1024w\" sizes=\"(max-width: 679px) 100vw, 679px\" \/><\/a><\/p>\n<p style=\"font-weight: 400; text-align: justify;\"><a href=\"http:\/\/www.caritasne2.org.br\/caritas-ne2-e-manos-unidas-lancam-edital-de-selecao-para-projetos-produtivos-realizados-pela-juventude-no-municipio-de-bom-conselho-pernambuco\/amargoso\/\" rel=\"attachment wp-att-8522\"><img decoding=\"async\" loading=\"lazy\" class=\"aligncenter wp-image-8522\" src=\"http:\/\/www.caritasne2.org.br\/wp-content\/uploads\/2021\/10\/Amargoso.jpeg\" alt=\"\" width=\"686\" height=\"514\" srcset=\"https:\/\/www.caritasne2.org.br\/site\/wp-content\/uploads\/2021\/10\/Amargoso.jpeg 1600w, https:\/\/www.caritasne2.org.br\/site\/wp-content\/uploads\/2021\/10\/Amargoso-300x225.jpeg 300w, https:\/\/www.caritasne2.org.br\/site\/wp-content\/uploads\/2021\/10\/Amargoso-768x576.jpeg 768w, https:\/\/www.caritasne2.org.br\/site\/wp-content\/uploads\/2021\/10\/Amargoso-1024x768.jpeg 1024w\" sizes=\"(max-width: 686px) 100vw, 686px\" \/><\/a><\/p>\n<p style=\"font-weight: 400; text-align: justify;\"><a href=\"http:\/\/www.caritasne2.org.br\/caritas-ne2-e-manos-unidas-lancam-edital-de-selecao-para-projetos-produtivos-realizados-pela-juventude-no-municipio-de-bom-conselho-pernambuco\/b-brejo\/\" rel=\"attachment wp-att-8523\"><img decoding=\"async\" loading=\"lazy\" class=\"aligncenter wp-image-8523\" src=\"http:\/\/www.caritasne2.org.br\/wp-content\/uploads\/2021\/10\/B.Brejo_.jpeg\" alt=\"\" width=\"688\" height=\"516\" srcset=\"https:\/\/www.caritasne2.org.br\/site\/wp-content\/uploads\/2021\/10\/B.Brejo_.jpeg 1600w, https:\/\/www.caritasne2.org.br\/site\/wp-content\/uploads\/2021\/10\/B.Brejo_-300x225.jpeg 300w, https:\/\/www.caritasne2.org.br\/site\/wp-content\/uploads\/2021\/10\/B.Brejo_-768x576.jpeg 768w, https:\/\/www.caritasne2.org.br\/site\/wp-content\/uploads\/2021\/10\/B.Brejo_-1024x768.jpeg 1024w\" sizes=\"(max-width: 688px) 100vw, 688px\" \/><\/a><\/p>\n<p style=\"font-weight: 400; text-align: justify;\"><a href=\"http:\/\/www.caritasne2.org.br\/caritas-ne2-e-manos-unidas-lancam-edital-de-selecao-para-projetos-produtivos-realizados-pela-juventude-no-municipio-de-bom-conselho-pernambuco\/angicos\/\" rel=\"attachment wp-att-8524\"><img decoding=\"async\" loading=\"lazy\" class=\"aligncenter wp-image-8524\" src=\"http:\/\/www.caritasne2.org.br\/wp-content\/uploads\/2021\/10\/Angicos.jpeg\" alt=\"\" width=\"696\" height=\"523\" srcset=\"https:\/\/www.caritasne2.org.br\/site\/wp-content\/uploads\/2021\/10\/Angicos.jpeg 1600w, https:\/\/www.caritasne2.org.br\/site\/wp-content\/uploads\/2021\/10\/Angicos-300x225.jpeg 300w, https:\/\/www.caritasne2.org.br\/site\/wp-content\/uploads\/2021\/10\/Angicos-768x576.jpeg 768w, https:\/\/www.caritasne2.org.br\/site\/wp-content\/uploads\/2021\/10\/Angicos-1024x768.jpeg 1024w\" sizes=\"(max-width: 696px) 100vw, 696px\" \/><\/a><\/p>\n<ul class=\"ssb_list_wrapper\"><li class=\"fb2\" style=\"width:135px\"><iframe src=\"\/\/www.facebook.com\/plugins\/like.php?href=https%3A%2F%2Fwww.caritasne2.org.br%2Fsite%2Fcaritas-ne2-e-manos-unidas-lancam-edital-de-selecao-para-projetos-produtivos-realizados-pela-juventude-no-municipio-de-bom-conselho-pernambuco%2F&amp;layout=button_count&amp;action=like&amp;show_faces=false&amp;share=true&amp;width=135&amp;height=21&amp;appId=307091639398582\" scrolling=\"no\" frameborder=\"0\" style=\"border:none; overflow:hidden;  width:150px; height:21px;\" allowTransparency=\"true\"><\/iframe><\/li><li class=\"twtr\" style=\"width:90px\"><a href=\"https:\/\/twitter.com\/share\" class=\"twitter-share-button\" data-url=\"https:\/\/www.caritasne2.org.br\/site\/caritas-ne2-e-manos-unidas-lancam-edital-de-selecao-para-projetos-produtivos-realizados-pela-juventude-no-municipio-de-bom-conselho-pernambuco\/\">&nbsp;<\/a><script>!function(d,s,id){var js,fjs=d.getElementsByTagName(s)[0],p=\/^http:\/.test(d.location)?'http':'https';if(!d.getElementById(id)){js=d.createElement(s);js.id=id;js.src=p+':\/\/platform.twitter.com\/widgets.js';fjs.parentNode.insertBefore(js,fjs);}}(document, 'script', 'twitter-wjs');<\/script><\/li><li class=\"gplus\" style=\"width:68px\"><div class=\"g-plusone\" data-size=\"medium\" data-href=\"https:\/\/www.caritasne2.org.br\/site\/caritas-ne2-e-manos-unidas-lancam-edital-de-selecao-para-projetos-produtivos-realizados-pela-juventude-no-municipio-de-bom-conselho-pernambuco\/\"><\/div><\/li><li class=\"ssb_linkedin\" style=\"width:64px\"><script src=\"\/\/platform.linkedin.com\/in.js\" type=\"text\/javascript\">lang: en_US<\/script><script type=\"IN\/Share\" data-url=\"https:\/\/www.caritasne2.org.br\/site\/caritas-ne2-e-manos-unidas-lancam-edital-de-selecao-para-projetos-produtivos-realizados-pela-juventude-no-municipio-de-bom-conselho-pernambuco\/\" data-counter=\"right\"><\/script><\/li><\/ul>","protected":false},"excerpt":{"rendered":"<p>A iniciativa faz parte do Projeto de Fortalecimento Econ\u00f4mico de Jovens Rurais do Semi\u00e1rido, em parceria com Manos Unidas Visando o fortalecimento institucional e desenvolvimento juvenil atrav\u00e9s de processos produtivos no munic\u00edpio de Bom Conselho, Pernambuco. No m\u00eas de setembro aconteceram oficinas de forma\u00e7\u00e3o promovidas pela C\u00e1ritas Regional NE2 em parceria com a institui\u00e7\u00e3o alem\u00e3, Manos Unidas, atrav\u00e9s do Projeto de Fortalecimento Econ\u00f4mico de Jovens [&hellip;]<\/p>\n<ul class=\"ssb_list_wrapper\"><li class=\"fb2\" style=\"width:135px\"><iframe src=\"\/\/www.facebook.com\/plugins\/like.php?href=https%3A%2F%2Fwww.caritasne2.org.br%2Fsite%2Fcaritas-ne2-e-manos-unidas-lancam-edital-de-selecao-para-projetos-produtivos-realizados-pela-juventude-no-municipio-de-bom-conselho-pernambuco%2F&amp;layout=button_count&amp;action=like&amp;show_faces=false&amp;share=true&amp;width=135&amp;height=21&amp;appId=307091639398582\" scrolling=\"no\" frameborder=\"0\" style=\"border:none; overflow:hidden;  width:150px; height:21px;\" allowTransparency=\"true\"><\/iframe><\/li><li class=\"twtr\" style=\"width:90px\"><a href=\"https:\/\/twitter.com\/share\" class=\"twitter-share-button\" data-url=\"https:\/\/www.caritasne2.org.br\/site\/caritas-ne2-e-manos-unidas-lancam-edital-de-selecao-para-projetos-produtivos-realizados-pela-juventude-no-municipio-de-bom-conselho-pernambuco\/\">&nbsp;<\/a><script>!function(d,s,id){var js,fjs=d.getElementsByTagName(s)[0],p=\/^http:\/.test(d.location)?'http':'https';if(!d.getElementById(id)){js=d.createElement(s);js.id=id;js.src=p+':\/\/platform.twitter.com\/widgets.js';fjs.parentNode.insertBefore(js,fjs);}}(document, 'script', 'twitter-wjs');<\/script><\/li><li class=\"gplus\" style=\"width:68px\"><div class=\"g-plusone\" data-size=\"medium\" data-href=\"https:\/\/www.caritasne2.org.br\/site\/caritas-ne2-e-manos-unidas-lancam-edital-de-selecao-para-projetos-produtivos-realizados-pela-juventude-no-municipio-de-bom-conselho-pernambuco\/\"><\/div><\/li><li class=\"ssb_linkedin\" style=\"width:64px\"><script src=\"\/\/platform.linkedin.com\/in.js\" type=\"text\/javascript\">lang: en_US<\/script><script type=\"IN\/Share\" data-url=\"https:\/\/www.caritasne2.org.br\/site\/caritas-ne2-e-manos-unidas-lancam-edital-de-selecao-para-projetos-produtivos-realizados-pela-juventude-no-municipio-de-bom-conselho-pernambuco\/\" data-counter=\"right\"><\/script><\/li><\/ul>","protected":false},"author":4,"featured_media":8525,"comment_status":"open","ping_status":"open","sticky":false,"template":"","format":"standard","meta":[],"categories":[21,20],"tags":[],"_links":{"self":[{"href":"https:\/\/www.caritasne2.org.br\/site\/wp-json\/wp\/v2\/posts\/8520"}],"collection":[{"href":"https:\/\/www.caritasne2.org.br\/site\/wp-json\/wp\/v2\/posts"}],"about":[{"href":"https:\/\/www.caritasne2.org.br\/site\/wp-json\/wp\/v2\/types\/post"}],"author":[{"embeddable":true,"href":"https:\/\/www.caritasne2.org.br\/site\/wp-json\/wp\/v2\/users\/4"}],"replies":[{"embeddable":true,"href":"https:\/\/www.caritasne2.org.br\/site\/wp-json\/wp\/v2\/comments?post=8520"}],"version-history":[{"count":0,"href":"https:\/\/www.caritasne2.org.br\/site\/wp-json\/wp\/v2\/posts\/8520\/revisions"}],"wp:featuredmedia":[{"embeddable":true,"href":"https:\/\/www.caritasne2.org.br\/site\/wp-json\/wp\/v2\/media\/8525"}],"wp:attachment":[{"href":"https:\/\/www.caritasne2.org.br\/site\/wp-json\/wp\/v2\/media?parent=8520"}],"wp:term":[{"taxonomy":"category","embeddable":true,"href":"https:\/\/www.caritasne2.org.br\/site\/wp-json\/wp\/v2\/categories?post=8520"},{"taxonomy":"post_tag","embeddable":true,"href":"https:\/\/www.caritasne2.org.br\/site\/wp-json\/wp\/v2\/tags?post=8520"}],"curies":[{"name":"wp","href":"https:\/\/api.w.org\/{rel}","templated":true}]}}