{"id":8514,"date":"2021-10-04T09:00:19","date_gmt":"2021-10-04T12:00:19","guid":{"rendered":"http:\/\/www.caritasne2.org.br\/?p=8514"},"modified":"2021-10-01T18:23:18","modified_gmt":"2021-10-01T21:23:18","slug":"a-caritas-suica-cach-lanca-edital-de-selecao-para-contratacao-de-assistente-financeiro-a-em-projeto-de-acao-humanitaria","status":"publish","type":"post","link":"https:\/\/www.caritasne2.org.br\/site\/a-caritas-suica-cach-lanca-edital-de-selecao-para-contratacao-de-assistente-financeiro-a-em-projeto-de-acao-humanitaria\/","title":{"rendered":"A C\u00e1ritas Su\u00ed\u00e7a (CACH) lan\u00e7a edital de sele\u00e7\u00e3o para contrata\u00e7\u00e3o de Assistente Financeiro (a) em projeto de a\u00e7\u00e3o humanit\u00e1ria"},"content":{"rendered":"<p style=\"text-align: justify;\">A C\u00e1ritas Su\u00ed\u00e7a (CACH) abre processo seletivo para contrata\u00e7\u00e3o de Assistente Financeiro(a) \u00a0com forma\u00e7\u00e3o na \u00e1rea Cont\u00e1bil, Finan\u00e7as, Economia, e\/ ou Administra\u00e7\u00e3o com experi\u00eancia em gest\u00e3o das transa\u00e7\u00f5es da \u00e1rea financeira; apoio ao registro e \u00e0 verifica\u00e7\u00e3o da informa\u00e7\u00e3o cont\u00e1bil e financeira; \u00a0e monitoramento do or\u00e7amento do projeto e apoio ao projeto \u201cPromovendo a Preven\u00e7\u00e3o e Resili\u00eancia \u00e0 COVID-19 (PCPR)&#8221;, com dura\u00e7\u00e3o prevista de 12 (doze) meses, com a possibilidade de prorroga\u00e7\u00e3o.<\/p>\n<p style=\"text-align: justify;\">Os curr\u00edculos podem ser enviados at\u00e9 13 de outubro de 2021, para os seguintes endere\u00e7os de e-mails: \u00a0Rebekka Reischmann (rreischmann@caritas.ch), com c\u00f3pia para S\u00e9rgio Costa Floro (sfloro@caritas.ch), \u00a0indicando &#8216;<strong>Assistente Financeiro<\/strong>&#8216; na linha de assunto.<\/p>\n<p>Confira o edital completo <a href=\"http:\/\/www.caritasne2.org.br\/wp-content\/uploads\/2021\/10\/20211001_An\u00fancio-de-Vaga_C\u00e1ritas-Su\u00ed\u00e7a_Assistente-Financeiro.pdf\">aqui.<\/a><\/p>\n<p>Recife, 04 de outubro de 2021.<\/p>\n<p>Comiss\u00e3o de Sele\u00e7\u00e3o<\/p>\n<p>C\u00e1ritas Su\u00ed\u00e7a (CACH).<\/p>\n<p>&nbsp;<\/p>\n<ul class=\"ssb_list_wrapper\"><li class=\"fb2\" style=\"width:135px\"><iframe src=\"\/\/www.facebook.com\/plugins\/like.php?href=https%3A%2F%2Fwww.caritasne2.org.br%2Fsite%2Fa-caritas-suica-cach-lanca-edital-de-selecao-para-contratacao-de-assistente-financeiro-a-em-projeto-de-acao-humanitaria%2F&amp;layout=button_count&amp;action=like&amp;show_faces=false&amp;share=true&amp;width=135&amp;height=21&amp;appId=307091639398582\" scrolling=\"no\" frameborder=\"0\" style=\"border:none; overflow:hidden;  width:150px; height:21px;\" allowTransparency=\"true\"><\/iframe><\/li><li class=\"twtr\" style=\"width:90px\"><a href=\"https:\/\/twitter.com\/share\" class=\"twitter-share-button\" data-url=\"https:\/\/www.caritasne2.org.br\/site\/a-caritas-suica-cach-lanca-edital-de-selecao-para-contratacao-de-assistente-financeiro-a-em-projeto-de-acao-humanitaria\/\">&nbsp;<\/a><script>!function(d,s,id){var js,fjs=d.getElementsByTagName(s)[0],p=\/^http:\/.test(d.location)?'http':'https';if(!d.getElementById(id)){js=d.createElement(s);js.id=id;js.src=p+':\/\/platform.twitter.com\/widgets.js';fjs.parentNode.insertBefore(js,fjs);}}(document, 'script', 'twitter-wjs');<\/script><\/li><li class=\"gplus\" style=\"width:68px\"><div class=\"g-plusone\" data-size=\"medium\" data-href=\"https:\/\/www.caritasne2.org.br\/site\/a-caritas-suica-cach-lanca-edital-de-selecao-para-contratacao-de-assistente-financeiro-a-em-projeto-de-acao-humanitaria\/\"><\/div><\/li><li class=\"ssb_linkedin\" style=\"width:64px\"><script src=\"\/\/platform.linkedin.com\/in.js\" type=\"text\/javascript\">lang: en_US<\/script><script type=\"IN\/Share\" data-url=\"https:\/\/www.caritasne2.org.br\/site\/a-caritas-suica-cach-lanca-edital-de-selecao-para-contratacao-de-assistente-financeiro-a-em-projeto-de-acao-humanitaria\/\" data-counter=\"right\"><\/script><\/li><\/ul>","protected":false},"excerpt":{"rendered":"<p>A C\u00e1ritas Su\u00ed\u00e7a (CACH) abre processo seletivo para contrata\u00e7\u00e3o de Assistente Financeiro(a) \u00a0com forma\u00e7\u00e3o na \u00e1rea Cont\u00e1bil, Finan\u00e7as, Economia, e\/ ou Administra\u00e7\u00e3o com experi\u00eancia em gest\u00e3o das transa\u00e7\u00f5es da \u00e1rea financeira; apoio ao registro e \u00e0 verifica\u00e7\u00e3o da informa\u00e7\u00e3o cont\u00e1bil e financeira; \u00a0e monitoramento do or\u00e7amento do projeto e apoio ao projeto \u201cPromovendo a Preven\u00e7\u00e3o e Resili\u00eancia \u00e0 COVID-19 (PCPR)&#8221;, com dura\u00e7\u00e3o prevista de 12 [&hellip;]<\/p>\n<ul class=\"ssb_list_wrapper\"><li class=\"fb2\" style=\"width:135px\"><iframe src=\"\/\/www.facebook.com\/plugins\/like.php?href=https%3A%2F%2Fwww.caritasne2.org.br%2Fsite%2Fa-caritas-suica-cach-lanca-edital-de-selecao-para-contratacao-de-assistente-financeiro-a-em-projeto-de-acao-humanitaria%2F&amp;layout=button_count&amp;action=like&amp;show_faces=false&amp;share=true&amp;width=135&amp;height=21&amp;appId=307091639398582\" scrolling=\"no\" frameborder=\"0\" style=\"border:none; overflow:hidden;  width:150px; height:21px;\" allowTransparency=\"true\"><\/iframe><\/li><li class=\"twtr\" style=\"width:90px\"><a href=\"https:\/\/twitter.com\/share\" class=\"twitter-share-button\" data-url=\"https:\/\/www.caritasne2.org.br\/site\/a-caritas-suica-cach-lanca-edital-de-selecao-para-contratacao-de-assistente-financeiro-a-em-projeto-de-acao-humanitaria\/\">&nbsp;<\/a><script>!function(d,s,id){var js,fjs=d.getElementsByTagName(s)[0],p=\/^http:\/.test(d.location)?'http':'https';if(!d.getElementById(id)){js=d.createElement(s);js.id=id;js.src=p+':\/\/platform.twitter.com\/widgets.js';fjs.parentNode.insertBefore(js,fjs);}}(document, 'script', 'twitter-wjs');<\/script><\/li><li class=\"gplus\" style=\"width:68px\"><div class=\"g-plusone\" data-size=\"medium\" data-href=\"https:\/\/www.caritasne2.org.br\/site\/a-caritas-suica-cach-lanca-edital-de-selecao-para-contratacao-de-assistente-financeiro-a-em-projeto-de-acao-humanitaria\/\"><\/div><\/li><li class=\"ssb_linkedin\" style=\"width:64px\"><script src=\"\/\/platform.linkedin.com\/in.js\" type=\"text\/javascript\">lang: en_US<\/script><script type=\"IN\/Share\" data-url=\"https:\/\/www.caritasne2.org.br\/site\/a-caritas-suica-cach-lanca-edital-de-selecao-para-contratacao-de-assistente-financeiro-a-em-projeto-de-acao-humanitaria\/\" data-counter=\"right\"><\/script><\/li><\/ul>","protected":false},"author":4,"featured_media":8193,"comment_status":"open","ping_status":"open","sticky":false,"template":"","format":"standard","meta":[],"categories":[21,20],"tags":[],"_links":{"self":[{"href":"https:\/\/www.caritasne2.org.br\/site\/wp-json\/wp\/v2\/posts\/8514"}],"collection":[{"href":"https:\/\/www.caritasne2.org.br\/site\/wp-json\/wp\/v2\/posts"}],"about":[{"href":"https:\/\/www.caritasne2.org.br\/site\/wp-json\/wp\/v2\/types\/post"}],"author":[{"embeddable":true,"href":"https:\/\/www.caritasne2.org.br\/site\/wp-json\/wp\/v2\/users\/4"}],"replies":[{"embeddable":true,"href":"https:\/\/www.caritasne2.org.br\/site\/wp-json\/wp\/v2\/comments?post=8514"}],"version-history":[{"count":0,"href":"https:\/\/www.caritasne2.org.br\/site\/wp-json\/wp\/v2\/posts\/8514\/revisions"}],"wp:featuredmedia":[{"embeddable":true,"href":"https:\/\/www.caritasne2.org.br\/site\/wp-json\/wp\/v2\/media\/8193"}],"wp:attachment":[{"href":"https:\/\/www.caritasne2.org.br\/site\/wp-json\/wp\/v2\/media?parent=8514"}],"wp:term":[{"taxonomy":"category","embeddable":true,"href":"https:\/\/www.caritasne2.org.br\/site\/wp-json\/wp\/v2\/categories?post=8514"},{"taxonomy":"post_tag","embeddable":true,"href":"https:\/\/www.caritasne2.org.br\/site\/wp-json\/wp\/v2\/tags?post=8514"}],"curies":[{"name":"wp","href":"https:\/\/api.w.org\/{rel}","templated":true}]}}